{"id":327131,"date":"2025-08-18T13:38:24","date_gmt":"2025-08-18T13:38:24","guid":{"rendered":"https:\/\/www.europesays.com\/fr\/327131\/"},"modified":"2025-08-18T13:38:24","modified_gmt":"2025-08-18T13:38:24","slug":"blesse-kolisi-absent-quatre-semaines","status":"publish","type":"post","link":"https:\/\/www.europesays.com\/fr\/327131\/","title":{"rendered":"bless\u00e9, Kolisi absent quatre semaines"},"content":{"rendered":"<p>Touch\u00e9 au genou, le capitaine des champions du monde sud-africains est forfait pour les prochaines rencontres.<\/p>\n<p class=\"fig-paragraph\">Le capitaine de l&rsquo;Afrique du Sud\u00a0<a href=\"http:\/\/www.lefigaro.fr\/sports\/rugby\/rugby-championship-notre-performance-est-inacceptable-lance-kolisi-apres-la-debacle-sud-africaine-20250816\" data-fig-type=\"NewsFlash\" data-gtm-custom-categorie=\"navigation\" data-gtm-custom-action=\"crossclick\" data-gtm-custom-label=\"Contextuel\" data-gtm-event=\"customEventSPE\" data-fig-domain=\"LEFIGARO\" rel=\"nofollow noopener\" target=\"_blank\">Siya Kolis<\/a>i est indisponible pour \u00abquatre semaines\u00bb apr\u00e8s sa sortie sur blessure \u00e0 un genou samedi lors de\u00a0<a href=\"http:\/\/www.lefigaro.fr\/sports\/rugby\/rugby-championship-l-australie-debute-sa-campagne-par-une-victoire-renversante-face-a-l-afrique-du-sud-20250816\" data-fig-type=\"NewsFlash\" data-gtm-custom-categorie=\"navigation\" data-gtm-custom-action=\"crossclick\" data-gtm-custom-label=\"Contextuel\" data-gtm-event=\"customEventSPE\" data-fig-domain=\"LEFIGARO\" rel=\"nofollow noopener\" target=\"_blank\">la d\u00e9faite surprise des Springboks contre l&rsquo;Australie (38-22),<\/a>\u00a0a annonc\u00e9 son s\u00e9lectionneur Rassie Erasmus lundi.<\/p>\n<p class=\"fig-paragraph\">Pour leur deuxi\u00e8me match de Rugby Championship au Cap samedi prochain, de nouveau contre les Wallabies, les doubles champions du monde en titre font face \u00e0 une h\u00e9catombe d&rsquo;absents, avec \u00e9galement celle de leur flanker Pieter-Steph du Toit.<\/p>\n<p>                                    <a class=\"fig-a11y-skip a11y-hidden\" href=\"#fig-a11y-skip-main-inarticle\"><br \/>\n        Passer la publicit\u00e9<br \/>\n    <\/a><\/p>\n<p>H\u00e9catombe dans les rangs sud-africains<\/p>\n<p class=\"fig-paragraph\">Le meilleur joueur du monde en 2019 et 2024 est victime d&rsquo;une commotion, les ailiers titulaires samedi Kurt-Lee Arendse (genou) et Edwill van der Merwe (cheville) sont \u00e9galement forfaits, a ajout\u00e9 le s\u00e9lectionneur des Boks.<\/p>\n<p class=\"fig-paragraph\">En l&rsquo;absence de Siya Kolisi, qui en a \u00abpour quatre semaines\u00bb d&rsquo;apr\u00e8s Rassie Erasmus, Jesse Kriel est le capitaine d\u00e9sign\u00e9 de l&rsquo;Afrique du Sud, tenante du titre.<\/p>\n<p class=\"fig-paragraph\">Apr\u00e8s avoir men\u00e9 22-0 apr\u00e8s seulement 18 minutes de jeu samedi, les Springboks ont encaiss\u00e9 un cinglant 38-0 pour s&rsquo;incliner face \u00e0 l&rsquo;Australie \u00e0 domicile pour la premi\u00e8re fois depuis 2011.<\/p>\n<p class=\"fig-paragraph\">\u00ab\u00c9videmment, tout le monde a honte, personne n&rsquo;est fier de lui-m\u00eame, a affirm\u00e9 le s\u00e9lectionneur en conf\u00e9rence de presse lundi au Cap. \u00c7a ne fait que renforcer notre coh\u00e9sion et notre envie de bien faire. On n&rsquo;apprend rien d&rsquo;un match comme \u00e7a. Quand on voit ce qu&rsquo;on leur a parfois offert sur un plateau\u00bb.<\/p>\n<p class=\"fig-paragraph\">En ann\u00e9e impaire, la t\u00e2che des Sud-Africains pour remporter le Rugby Championship \u00e9tait d\u00e9j\u00e0 immense avant ce revers. Leurs deux matches contre les All Blacks sont \u00e0 jouer en Nouvelle-Z\u00e9lande (6 et 13 septembre) o\u00f9 Kolisi a donc bien peu de probabilit\u00e9 de jouer.<\/p>\n","protected":false},"excerpt":{"rendered":"Touch\u00e9 au genou, le capitaine des champions du monde sud-africains est forfait pour les prochaines rencontres. Le capitaine&hellip;\n","protected":false},"author":2,"featured_media":327132,"comment_status":"","ping_status":"","sticky":false,"template":"","format":"standard","meta":{"footnotes":""},"categories":[1412],"tags":[5594,1451,1452,1453,1454,1455,1011,27,45224,60,21067],"class_list":{"0":"post-327131","1":"post","2":"type-post","3":"status-publish","4":"format-standard","5":"has-post-thumbnail","7":"category-f1","8":"tag-afrique-du-sud","9":"tag-f1","10":"tag-formula-1","11":"tag-formula1","12":"tag-formule-1","13":"tag-formule1","14":"tag-fr","15":"tag-france","16":"tag-siya-kolisi","17":"tag-sports","18":"tag-springboks"},"share_on_mastodon":{"url":"https:\/\/pubeurope.com\/@fr\/115050047283823464","error":""},"_links":{"self":[{"href":"https:\/\/www.europesays.com\/fr\/wp-json\/wp\/v2\/posts\/327131","targetHints":{"allow":["GET"]}}],"collection":[{"href":"https:\/\/www.europesays.com\/fr\/wp-json\/wp\/v2\/posts"}],"about":[{"href":"https:\/\/www.europesays.com\/fr\/wp-json\/wp\/v2\/types\/post"}],"author":[{"embeddable":true,"href":"https:\/\/www.europesays.com\/fr\/wp-json\/wp\/v2\/users\/2"}],"replies":[{"embeddable":true,"href":"https:\/\/www.europesays.com\/fr\/wp-json\/wp\/v2\/comments?post=327131"}],"version-history":[{"count":0,"href":"https:\/\/www.europesays.com\/fr\/wp-json\/wp\/v2\/posts\/327131\/revisions"}],"wp:featuredmedia":[{"embeddable":true,"href":"https:\/\/www.europesays.com\/fr\/wp-json\/wp\/v2\/media\/327132"}],"wp:attachment":[{"href":"https:\/\/www.europesays.com\/fr\/wp-json\/wp\/v2\/media?parent=327131"}],"wp:term":[{"taxonomy":"category","embeddable":true,"href":"https:\/\/www.europesays.com\/fr\/wp-json\/wp\/v2\/categories?post=327131"},{"taxonomy":"post_tag","embeddable":true,"href":"https:\/\/www.europesays.com\/fr\/wp-json\/wp\/v2\/tags?post=327131"}],"curies":[{"name":"wp","href":"https:\/\/api.w.org\/{rel}","templated":true}]}}