{"id":327137,"date":"2025-08-18T13:42:11","date_gmt":"2025-08-18T13:42:11","guid":{"rendered":"https:\/\/www.europesays.com\/fr\/327137\/"},"modified":"2025-08-18T13:42:11","modified_gmt":"2025-08-18T13:42:11","slug":"julien-clerc-evoque-sans-fard-sa-relation-avec-ses-petits-enfants","status":"publish","type":"post","link":"https:\/\/www.europesays.com\/fr\/327137\/","title":{"rendered":"Julien Clerc \u00e9voque sans fard sa relation avec ses petits-enfants"},"content":{"rendered":"<p>    Julien Clerc dans le \u00abPortrait de la semaine\u00bb de \u00abSept \u00e0 huit\u00bb sur TF1.<br \/>\n                Capture d&rsquo;\u00e9cran.<\/p>\n<p>Le chanteur de 77 ans est p\u00e8re de cinq enfants dont le dernier a seulement 17 ans. Mais il est aussi grand-p\u00e8re. Un r\u00f4le qu\u2019il ne semble pas assumer pleinement.<\/p>\n<p class=\"fig-paragraph\">\u00c0 un an d\u2019intervalle,\u00a0<a href=\"https:\/\/www.lefigaro.fr\/tag\/julien-clerc\" target=\"_blank\" rel=\"noopener\" data-gtm-custom-categorie=\"navigation\" data-gtm-custom-action=\"crossclick\" data-gtm-custom-label=\"Contextuel\" data-gtm-event=\"customEventSPE\"><strong>Julien Clerc<\/strong><\/a> \u00a0a \u00e9t\u00e9 p\u00e8re pour la cinqui\u00e8me fois et grand-p\u00e8re pour la premi\u00e8re fois. Le 3 avril 2007, sa fille a\u00een\u00e9e Jeanne, fruit de sa relation avec Miou-Miou, donnait naissance \u00e0 Antoine. Et le 22 avril 2008, l\u2019artiste de 60 ans et sa conjointe H\u00e9l\u00e8ne Gr\u00e9millon, de 30 ans sa cadette, accueillaient L\u00e9onard. Une nouvelle paternit\u00e9 tardive qui semble avoir emp\u00each\u00e9 Julien Clerc d\u2019assumer son r\u00f4le de grand-p\u00e8re. C\u2019est ce qu\u2019il a confi\u00e9 \u00e0 H\u00e9l\u00e8ne Mannarino ce dimanche dans le \u00abPortrait de la semaine\u00bb de\u00a0<a href=\"https:\/\/tvmag.lefigaro.fr\/programme-tv\/programme\/sept-a-huit-d1684398821\" target=\"_blank\" rel=\"noopener\" data-gtm-custom-categorie=\"navigation\" data-gtm-custom-action=\"crossclick\" data-gtm-custom-label=\"Contextuel\" data-gtm-event=\"customEventSPE\">\u00abSept \u00e0 huit\u00bb<\/a>\u00a0sur TF1.<\/p>\n<p class=\"fig-paragraph\">\u00abJe ne suis pas suffisamment proche de mes petits-enfants, a avou\u00e9 l\u2019interpr\u00e8te de Ma pr\u00e9f\u00e9rence. Je pense que je suis un pi\u00e8tre grand-p\u00e8re\u00bb, a-t-il insist\u00e9 avant de se comparer avec ses amis\u00a0: \u00abJe n\u2019ai pas, par exemple, je m\u2019en excuse beaucoup souvent, ce truc qu\u2019ont certains de mes copains qui sont des grands-papas g\u00e2teaux. Moi pas du tout\u00bb. Selon lui, cela est d\u00fb au fait qu\u2019il remplit toujours son r\u00f4le de p\u00e8re aupr\u00e8s de son fils qui a actuellement 17 ans. \u00abJe pense que le statut de grand-p\u00e8re en a souffert, certainement\u00bb, a-t-il conclu.<\/p>\n<p class=\"fig-body-link\">\n            \u00c0 lire aussi<br \/>\n        <a class=\"fig-body-link__link\" href=\"http:\/\/tvmag.lefigaro.fr\/programme-tv\/actu-tele\/sept-a-huit-pourquoi-audrey-crespo-mara-est-remplacee-par-helene-mannarino-au-portrait-de-la-semaine-20250619\" target=\"_blank\" data-fig-type=\"Article\" rel=\"noopener\" data-gtm-custom-categorie=\"navigation\" data-gtm-custom-action=\"crossclick\" data-gtm-custom-label=\"Contextuel\" data-gtm-event=\"customEventSPE\" data-fig-domain=\"TVMAG\">\u00abSept \u00e0 huit\u00bb\u00a0: pourquoi Audrey Crespo-Mara est remplac\u00e9e par H\u00e9l\u00e8ne Mannarino au \u00abPortrait de la semaine\u00bb\u00a0?<br \/>\n    <\/a>\n<\/p>\n<p>                                    <a class=\"fig-a11y-skip a11y-hidden\" href=\"#fig-a11y-skip-main-inarticle\"><br \/>\n        Passer la publicit\u00e9<br \/>\n    <\/a><\/p>\n<p class=\"fig-paragraph\">Le chanteur a \u00e9galement \u00e9voqu\u00e9 sa rencontre \u00abmiraculeuse\u00bb avec son \u00e9pouse survenue en 2004. \u00abParce que \u00e7a prouve qu\u2019il n\u2019y a pas d\u2019\u00e2ge pour l\u2019amour, c\u2019est tr\u00e8s important de savoir \u00e7a. Quand on est amoureux, apr\u00e8s tout, on le reste toute sa vie, on a le c\u0153ur qui bat \u00e0 200 \u00e0 l\u2019heure, \u00e0 tout moment, \u00e0 tout \u00e2ge\u00bb, a-t-il d\u00e9clar\u00e9. C\u2019est pour elle qu\u2019il a accept\u00e9 l\u2019arriv\u00e9e de son cinqui\u00e8me enfant. \u00abJ\u2019ai appel\u00e9 des gens qui avaient v\u00e9cu \u00e7a et qui \u00e9taient des copains. Ils m\u2019ont dit\u00a0: \u201cC\u2019est extraordinaire et si tu dis non, tu la perdras elle\u201d\u00bb, a-t-il racont\u00e9.<\/p>\n<p class=\"fig-paragraph\">En apprenant la grossesse de sa conjointe, Julien Clerc a craint de ne pas pouvoir assumer son r\u00f4le de p\u00e8re \u00e0 60 ans. \u00abJ\u2019ai toujours particip\u00e9, je me revois faisant les nuits, les fameux biberons de nuit &#8211; j\u2019insistais pas mal pour les faire d\u2019ailleurs -, j\u2019\u00e9tais capable de changer un enfant tr\u00e8s t\u00f4t dans ma vie&#8230; Il faut quand m\u00eame une certaine moelle, il faut \u00eatre capable d\u2019aider la maman. J\u2019avais peur de \u00e7a, j\u2019avais peur de ne plus avoir cette \u00e9nergie-l\u00e0 et finalement je m\u2019en r\u00e9jouis\u00bb, a-t-il affirm\u00e9.<\/p>\n","protected":false},"excerpt":{"rendered":"Julien Clerc dans le \u00abPortrait de la semaine\u00bb de \u00abSept \u00e0 huit\u00bb sur TF1. Capture d&rsquo;\u00e9cran. Le chanteur&hellip;\n","protected":false},"author":2,"featured_media":327138,"comment_status":"","ping_status":"","sticky":false,"template":"","format":"standard","meta":{"footnotes":""},"categories":[1359],"tags":[58,59,1011,27,1735,973],"class_list":{"0":"post-327137","1":"post","2":"type-post","3":"status-publish","4":"format-standard","5":"has-post-thumbnail","7":"category-people","8":"tag-divertissement","9":"tag-entertainment","10":"tag-fr","11":"tag-france","12":"tag-julien-clerc","13":"tag-people"},"share_on_mastodon":{"url":"https:\/\/pubeurope.com\/@fr\/115050063081040824","error":""},"_links":{"self":[{"href":"https:\/\/www.europesays.com\/fr\/wp-json\/wp\/v2\/posts\/327137","targetHints":{"allow":["GET"]}}],"collection":[{"href":"https:\/\/www.europesays.com\/fr\/wp-json\/wp\/v2\/posts"}],"about":[{"href":"https:\/\/www.europesays.com\/fr\/wp-json\/wp\/v2\/types\/post"}],"author":[{"embeddable":true,"href":"https:\/\/www.europesays.com\/fr\/wp-json\/wp\/v2\/users\/2"}],"replies":[{"embeddable":true,"href":"https:\/\/www.europesays.com\/fr\/wp-json\/wp\/v2\/comments?post=327137"}],"version-history":[{"count":0,"href":"https:\/\/www.europesays.com\/fr\/wp-json\/wp\/v2\/posts\/327137\/revisions"}],"wp:featuredmedia":[{"embeddable":true,"href":"https:\/\/www.europesays.com\/fr\/wp-json\/wp\/v2\/media\/327138"}],"wp:attachment":[{"href":"https:\/\/www.europesays.com\/fr\/wp-json\/wp\/v2\/media?parent=327137"}],"wp:term":[{"taxonomy":"category","embeddable":true,"href":"https:\/\/www.europesays.com\/fr\/wp-json\/wp\/v2\/categories?post=327137"},{"taxonomy":"post_tag","embeddable":true,"href":"https:\/\/www.europesays.com\/fr\/wp-json\/wp\/v2\/tags?post=327137"}],"curies":[{"name":"wp","href":"https:\/\/api.w.org\/{rel}","templated":true}]}}