{"id":327139,"date":"2025-08-18T13:43:11","date_gmt":"2025-08-18T13:43:11","guid":{"rendered":"https:\/\/www.europesays.com\/fr\/327139\/"},"modified":"2025-08-18T13:43:11","modified_gmt":"2025-08-18T13:43:11","slug":"jaime-transmettre-ma-passion-et-mes-valeurs-le-street-artiste-pandaman-colore-les-murs-du-gers","status":"publish","type":"post","link":"https:\/\/www.europesays.com\/fr\/327139\/","title":{"rendered":"\u00ab\u00a0J\u2019aime transmettre ma passion et mes valeurs\u00a0\u00bb\u00a0: le street artiste Pandaman colore les murs du Gers"},"content":{"rendered":"<p>\n                                                                    l&rsquo;essentiel<br \/>\n                                                                Si vous \u00eates assez attentifs, vous pouvez observer des fresques murales de visages d\u2019enfants dans certaines communes du Gers. Elles sont sign\u00e9es Pandaman, un street artiste gersois.\n                            <\/p>\n<p>\u00ab\u00a0Je veux profiter de cet espace d\u2019expression qu\u2019est la rue pour transmettre des valeurs communes hautement positives.\u00a0\u00bb\u00a0Pandaman, \u00ab\u00a0le Superman de la couleur\u00a0\u00bb, arpente le Gers depuis plus d\u2019une dizaine d\u2019ann\u00e9es pour agr\u00e9menter les espaces publics de ses \u0153uvres.<\/p>\n<p class=\"std-elt__inline\">\n        <strong>\u00c0 lire aussi :<\/strong><br \/>\n        <a href=\"https:\/\/www.ladepeche.fr\/2022\/04\/17\/une-fresque-coloree-pour-le-college-saint-exupery-de-condom-10241707.php\" rel=\"nofollow noopener\" target=\"_blank\">Une fresque color\u00e9e pour le coll\u00e8ge Saint-Exup\u00e9ry de Condom<\/a>\n    <\/p>\n<p>\u00ab\u00a0Plusieurs mairies font appel \u00e0 moi pour r\u00e9aliser des fresques de street art. J\u2019ai beaucoup travaill\u00e9 avec la mairie de Nogaro, mais aussi \u00e0 Auch, \u00e0 Pavie, \u00e0 Vic-Fezensac ou encore \u00e0 Eauze.\u00a0\u00bb\u00a0R\u00e9cemment, le Gersois a entre autres cr\u00e9\u00e9, en collaboration avec des adolescents des chantiers jeunes auscitains, <a href=\"https:\/\/www.ladepeche.fr\/2025\/07\/30\/en-faire-un-embleme-une-vingtaine-de-jeunes-ont-rempli-de-fresques-un-passage-de-la-rue-barbanegre-a-auch-12850848.php\" target=\"_self\" rel=\"nofollow noopener\">des fresques au sol de la rue Barban\u00e8gre \u00e0 Auch.<\/a><\/p>\n<p>Travailler avec la jeune g\u00e9n\u00e9ration, Pandaman, de son vrai nom Micka\u00ebl Drolez, en a fait l\u2019une de ses sp\u00e9cialit\u00e9s. \u00ab\u00a0J\u2019aime transmettre ma passion, mais aussi des valeurs apprises sur mon parcours aux plus jeunes. Pour cela, il y a une grosse partie p\u00e9dagogique. Il faut r\u00e9ussir \u00e0 montrer le potentiel des participants.\u00a0\u00bb<\/p>\n<p>\u00ab\u00a0Ce n\u2019est pas juste de la couleur balanc\u00e9e\u00a0\u00bb<\/p>\n<p>Si le street artiste ma\u00eetrise plusieurs styles diff\u00e9rents, l\u2019un d\u2019entre eux revient beaucoup dans ses cr\u00e9ations publiques. \u00ab\u00a0J\u2019ai plein d\u2019univers mais il y en a un que les gens connaissent bien. C\u2019est le r\u00e9alisme \u00e9motionnel. J\u2019aime trouver des photos et travailler ensuite dessus, surtout des portraits d\u2019enfants. Ils repr\u00e9sentent l\u2019avenir et aussi notre pass\u00e9 d\u2019enfant au fond de nous.\u00a0\u00bb<\/p>\n<p class=\"std-elt__inline\">\n        <strong>\u00c0 lire aussi :<\/strong><br \/>\n        <a href=\"https:\/\/www.ladepeche.fr\/2022\/10\/30\/vic-fezensac-loffice-de-tourisme-expose-les-creations-colorees-de-pandaman-10771595.php\" rel=\"nofollow noopener\" target=\"_blank\">Vic-fezensac : l\u2019office de tourisme expose les cr\u00e9ations color\u00e9es de Pandaman<\/a>\n    <\/p>\n<p>Ces visages sont pour la plupart dessin\u00e9s en noir et blanc, puis un fond color\u00e9 est ajout\u00e9. \u00ab\u00a0Ces formes peuvent \u00eatre de diff\u00e9rentes natures, mais g\u00e9n\u00e9ralement elles sont spontan\u00e9es, ajoute le Lillois d\u2019origine. \u00c7a cr\u00e9e un \u00e9quilibre et un contraste, j\u2019en ai besoin. \u00c0 la fois dans le c\u00f4t\u00e9 exigeant des portraits, o\u00f9 vraiment je veux que \u00e7a soit frappant au niveau de l\u2019\u00e9motion. Et le fond qui va \u00eatre tr\u00e8s instinctif, mais ma\u00eetris\u00e9. Ce n\u2019est pas juste de la couleur balanc\u00e9e.\u00a0\u00bb<\/p>\n<p>En parall\u00e8le, Pandaman r\u00e9alise aussi diff\u00e9rentes \u0153uvres sur commande. \u00ab\u00a0Dans ces moments-l\u00e0, je vais vraiment effacer mon ego parce que les gens vont vivre avec ma production. Je transmets simplement leurs d\u00e9sirs.\u00a0\u00bb<\/p>\n<p>Ses cr\u00e9ations sont \u00e0 retrouver sur son site internet <a href=\"https:\/\/www.pandaman.fr\/\" target=\"_self\" rel=\"nofollow noopener\">pandaman.fr<\/a> ou sur son compte Instagram\u00a0: @pandamanartofficial<\/p>\n","protected":false},"excerpt":{"rendered":"l&rsquo;essentiel Si vous \u00eates assez attentifs, vous pouvez observer des fresques murales de visages d\u2019enfants dans certaines communes&hellip;\n","protected":false},"author":2,"featured_media":327140,"comment_status":"","ping_status":"","sticky":false,"template":"","format":"standard","meta":{"footnotes":""},"categories":[1358],"tags":[1348,1384,1385,1386,58,59,1011,27],"class_list":{"0":"post-327139","1":"post","2":"type-post","3":"status-publish","4":"format-standard","5":"has-post-thumbnail","7":"category-arts-et-design","8":"tag-arts","9":"tag-arts-and-design","10":"tag-arts-et-design","11":"tag-design","12":"tag-divertissement","13":"tag-entertainment","14":"tag-fr","15":"tag-france"},"share_on_mastodon":{"url":"https:\/\/pubeurope.com\/@fr\/115050067511310691","error":""},"_links":{"self":[{"href":"https:\/\/www.europesays.com\/fr\/wp-json\/wp\/v2\/posts\/327139","targetHints":{"allow":["GET"]}}],"collection":[{"href":"https:\/\/www.europesays.com\/fr\/wp-json\/wp\/v2\/posts"}],"about":[{"href":"https:\/\/www.europesays.com\/fr\/wp-json\/wp\/v2\/types\/post"}],"author":[{"embeddable":true,"href":"https:\/\/www.europesays.com\/fr\/wp-json\/wp\/v2\/users\/2"}],"replies":[{"embeddable":true,"href":"https:\/\/www.europesays.com\/fr\/wp-json\/wp\/v2\/comments?post=327139"}],"version-history":[{"count":0,"href":"https:\/\/www.europesays.com\/fr\/wp-json\/wp\/v2\/posts\/327139\/revisions"}],"wp:featuredmedia":[{"embeddable":true,"href":"https:\/\/www.europesays.com\/fr\/wp-json\/wp\/v2\/media\/327140"}],"wp:attachment":[{"href":"https:\/\/www.europesays.com\/fr\/wp-json\/wp\/v2\/media?parent=327139"}],"wp:term":[{"taxonomy":"category","embeddable":true,"href":"https:\/\/www.europesays.com\/fr\/wp-json\/wp\/v2\/categories?post=327139"},{"taxonomy":"post_tag","embeddable":true,"href":"https:\/\/www.europesays.com\/fr\/wp-json\/wp\/v2\/tags?post=327139"}],"curies":[{"name":"wp","href":"https:\/\/api.w.org\/{rel}","templated":true}]}}