{"id":327159,"date":"2025-08-18T13:57:09","date_gmt":"2025-08-18T13:57:09","guid":{"rendered":"https:\/\/www.europesays.com\/fr\/327159\/"},"modified":"2025-08-18T13:57:09","modified_gmt":"2025-08-18T13:57:09","slug":"la-police-retrouve-un-diamant-vole-de-25-millions-de-dollars","status":"publish","type":"post","link":"https:\/\/www.europesays.com\/fr\/327159\/","title":{"rendered":"la police retrouve un diamant vol\u00e9 de 25 millions de dollars"},"content":{"rendered":"<p>La police de la ville \u00e9miratie a arr\u00eat\u00e9 trois hommes qui avaient vol\u00e9 un diamant rose particuli\u00e8rement rare quelques heures plus t\u00f4t.<\/p>\n<p class=\"fig-paragraph\">La police de\u00a0<a href=\"http:\/\/www.lefigaro.fr\/international\/dubai-renvoie-en-belgique-trois-figures-presumees-du-crime-organise-20250713\" target=\"_blank\" data-fig-type=\"NewsFlash\" rel=\"noopener nofollow\" data-gtm-custom-categorie=\"navigation\" data-gtm-custom-action=\"crossclick\" data-gtm-custom-label=\"Contextuel\" data-gtm-event=\"customEventSPE\" data-fig-domain=\"LEFIGARO\">Duba\u00ef<\/a>\u00a0a annonc\u00e9 ce lundi 18 ao\u00fbt avoir arr\u00eat\u00e9 des voleurs ayant d\u00e9rob\u00e9 un\u00a0<a href=\"http:\/\/www.lefigaro.fr\/culture\/encheres\/un-diamant-bleu-estimee-a-20-millions-de-dollars-expose-a-travers-le-monde-avant-sa-vente-aux-encheres-20250408\" target=\"_blank\" data-fig-type=\"NewsFlash\" rel=\"noopener nofollow\" data-gtm-custom-categorie=\"navigation\" data-gtm-custom-action=\"crossclick\" data-gtm-custom-label=\"Contextuel\" data-gtm-event=\"customEventSPE\" data-fig-domain=\"LEFIGARO\">diamant<\/a>\u00a0rose rare, estim\u00e9 \u00e0 25 millions de dollars, quelques heures apr\u00e8s le vol, selon l&rsquo;agence de presse officielle WAM.<\/p>\n<p class=\"fig-paragraph\">Dans un communiqu\u00e9 diffus\u00e9 par WAM, la police a indiqu\u00e9 que les voleurs avaient demand\u00e9 \u00e0 un n\u00e9gociant en diamants d&rsquo;apporter la pierre pr\u00e9cieuse dans une villa pour un pr\u00e9tendu client. Mais une fois le n\u00e9gociant sur place, le gang avait vol\u00e9 le diamant, pr\u00e9cise le communiqu\u00e9.<\/p>\n<p>                                    <a class=\"fig-a11y-skip a11y-hidden\" href=\"#fig-a11y-skip-main-inarticle\"><br \/>\n        Passer la publicit\u00e9<br \/>\n    <\/a><\/p>\n<p class=\"fig-paragraph\">En moins de huit heures, poursuit WAM, trois personnes originaires d&rsquo;un pays asiatique qui n&rsquo;a pas \u00e9t\u00e9 pr\u00e9cis\u00e9, ont \u00e9t\u00e9 arr\u00eat\u00e9es gr\u00e2ce notamment \u00ab\u00e0 l&rsquo;utilisation des derni\u00e8res technologies d&rsquo;intelligence artificielle\u00bb. Des vid\u00e9os partag\u00e9es par le bureau des m\u00e9dias de Duba\u00ef ont montr\u00e9 trois hommes, le visage flout\u00e9, apr\u00e8s leur arrestation, ainsi que des images de vid\u00e9osurveillance du gang.<\/p>\n<p class=\"fig-paragraph\">Duba\u00ef est un centre important pour le commerce des diamants. Les\u00a0<a href=\"http:\/\/www.lefigaro.fr\/secteur\/high-tech\/avec-g42-les-emirats-arabes-unis-veulent-creer-la-premiere-major-de-l-intelligence-artificielle-20250615\" target=\"_blank\" data-fig-type=\"Article\" rel=\"noopener nofollow\" data-gtm-custom-categorie=\"navigation\" data-gtm-custom-action=\"crossclick\" data-gtm-custom-label=\"Contextuel\" data-gtm-event=\"customEventSPE\" data-fig-domain=\"LEFIGARO\">\u00c9mirats arabes unis<\/a>\u00a0mettent r\u00e9guli\u00e8rement en avant la s\u00e9curit\u00e9 pr\u00e9valant sur leur territoire.<\/p>\n","protected":false},"excerpt":{"rendered":"La police de la ville \u00e9miratie a arr\u00eat\u00e9 trois hommes qui avaient vol\u00e9 un diamant rose particuli\u00e8rement rare&hellip;\n","protected":false},"author":2,"featured_media":327160,"comment_status":"","ping_status":"","sticky":false,"template":"","format":"standard","meta":{"footnotes":""},"categories":[5],"tags":[11,7291,5017,7714,1011,27,14,12,28],"class_list":{"0":"post-327159","1":"post","2":"type-post","3":"status-publish","4":"format-standard","5":"has-post-thumbnail","7":"category-international","8":"tag-actualites","9":"tag-diamants","10":"tag-dubai","11":"tag-emirats-arabes-unis","12":"tag-fr","13":"tag-france","14":"tag-international","15":"tag-news","16":"tag-world"},"share_on_mastodon":{"url":"https:\/\/pubeurope.com\/@fr\/115050121967124569","error":""},"_links":{"self":[{"href":"https:\/\/www.europesays.com\/fr\/wp-json\/wp\/v2\/posts\/327159","targetHints":{"allow":["GET"]}}],"collection":[{"href":"https:\/\/www.europesays.com\/fr\/wp-json\/wp\/v2\/posts"}],"about":[{"href":"https:\/\/www.europesays.com\/fr\/wp-json\/wp\/v2\/types\/post"}],"author":[{"embeddable":true,"href":"https:\/\/www.europesays.com\/fr\/wp-json\/wp\/v2\/users\/2"}],"replies":[{"embeddable":true,"href":"https:\/\/www.europesays.com\/fr\/wp-json\/wp\/v2\/comments?post=327159"}],"version-history":[{"count":0,"href":"https:\/\/www.europesays.com\/fr\/wp-json\/wp\/v2\/posts\/327159\/revisions"}],"wp:featuredmedia":[{"embeddable":true,"href":"https:\/\/www.europesays.com\/fr\/wp-json\/wp\/v2\/media\/327160"}],"wp:attachment":[{"href":"https:\/\/www.europesays.com\/fr\/wp-json\/wp\/v2\/media?parent=327159"}],"wp:term":[{"taxonomy":"category","embeddable":true,"href":"https:\/\/www.europesays.com\/fr\/wp-json\/wp\/v2\/categories?post=327159"},{"taxonomy":"post_tag","embeddable":true,"href":"https:\/\/www.europesays.com\/fr\/wp-json\/wp\/v2\/tags?post=327159"}],"curies":[{"name":"wp","href":"https:\/\/api.w.org\/{rel}","templated":true}]}}