{"id":327163,"date":"2025-08-18T13:59:14","date_gmt":"2025-08-18T13:59:14","guid":{"rendered":"https:\/\/www.europesays.com\/fr\/327163\/"},"modified":"2025-08-18T13:59:14","modified_gmt":"2025-08-18T13:59:14","slug":"apres-son-abandon-noam-yaron-hospitalise-liberation","status":"publish","type":"post","link":"https:\/\/www.europesays.com\/fr\/327163\/","title":{"rendered":"apr\u00e8s son abandon, Noam Yaron hospitalis\u00e9 \u2013 Lib\u00e9ration"},"content":{"rendered":"<p class=\"sc-ksZaOG ehjQrN text-element\">Au kilom\u00e8tre 169, les plages mon\u00e9gasques se distinguent dans son champ de vision. L\u2019exploit r\u00e9alis\u00e9 est d\u00e9j\u00e0 hors du commun. Plus de 100 heures pass\u00e9es dans les vagues. Cinq jours, cinq nuits, \u00e0 nager, manger et dormir en pleine mer, sans interruption.<\/p>\n<p class=\"sc-ksZaOG ehjQrN text-element\">Vendredi 15 ao\u00fbt, \u00e0 deux kilom\u00e8tres de son arriv\u00e9e pr\u00e9vue \u00e0 Monaco, le nageur suisse de 28 ans abandonne. Son arriv\u00e9e, attendue dans la nuit de jeudi \u00e0 vendredi, a \u00e9t\u00e9 maintes fois repouss\u00e9e. Transi, \u00e9puis\u00e9, \u00e0 bout de forces, Noam Yaron se r\u00e9sout \u00e0 abandonner. Il a \u00e9t\u00e9 extrait de l\u2019eau et hospitalis\u00e9 ce week-end.<\/p>\n<p class=\"sc-ksZaOG ehjQrN text-element\">Celui qui se pr\u00e9sente comme un \u00ab\u00e9co-aventurier\u00bb s\u2019\u00e9tait \u00e9lanc\u00e9 lundi 11 ao\u00fbt de Calvi, en Corse. Son objectif : rallier la principaut\u00e9 et \u00e9tablir un nouveau record de la plus longue nage ininterrompue en eau libre et en combinaison.<\/p>\n<p class=\"sc-ksZaOG ehjQrN text-element\">Ce lundi 18 ao\u00fbt, son \u00e9quipe a donn\u00e9 des nouvelles de son \u00e9tat de sant\u00e9. \u00abL\u2019\u00e9volution [&#8230;] est rassurante. Il a encore besoin de repos pour r\u00e9cup\u00e9rer de cet effort surhumain qu\u2019il a accompli\u00bb, souligne une story <a href=\"https:\/\/www.instagram.com\/noamyaron_\/?utm_source=ig_embed\" target=\"_blank\" rel=\"noopener\" title=\"https:\/\/www.instagram.com\/noamyaron_\/?utm_source=ig_embed\">Instagram <\/a>post\u00e9e sur son compte ce matin. \u00abIl est \u00e9vident qu\u2019apr\u00e8s un exploit autant surhumain, il doit \u00eatre suivi m\u00e9dicalement pendant quelques jours\u00bb, avait fait savoir <a href=\"https:\/\/www.rts.ch\/info\/monde\/2025\/article\/noam-yaron-abandonne-sa-traversee-corse-monaco-a-quelques-km-du-but-28968939.html\" target=\"_blank\" rel=\"noreferrer noopener\" title=\"https:\/\/www.rts.ch\/info\/monde\/2025\/article\/noam-yaron-abandonne-sa-traversee-corse-monaco-a-quelques-km-du-but-28968939.html\">d\u00e8s samedi son \u00e9quipe aupr\u00e8s de la RTS.<\/a><\/p>\n<p class=\"sc-ksZaOG ehjQrN text-element\">Au-del\u00e0 de la performance sportive, le jeune homme entend alerter sur les dangers qui planent sur les eaux, de la pollution au microplastique <a href=\"https:\/\/www.liberation.fr\/environnement\/climat\/canicule-marine-avec-une-eau-a-30-degres-la-mediterranee-en-surchauffe-20240809_2SQOYIHUJZAXZECYXVYPJJ4AEA\/\" target=\"_blank\" rel=\"noopener\">\u00e0 la canicule marine<\/a>, en passant par la surp\u00eache ou <a href=\"https:\/\/www.liberation.fr\/planete\/2018\/08\/30\/co2-la-mer-defoncee-a-l-acide_1675581\/\" target=\"_blank\" rel=\"noopener\">l\u2019acidification des eaux<\/a>. Il milite \u00e9galement pour la cr\u00e9ation de nouvelles zones de protection strictes en M\u00e9diterran\u00e9e et \u00e0 ce que la vitesse des bateaux soit limit\u00e9e \u00e0 10 n\u0153uds dans le Sanctuaire Pelagos. \u00abJe fais \u00e7a pour sensibiliser le monde entier \u00e0 l\u2019importance de pr\u00e9server <a href=\"https:\/\/www.liberation.fr\/environnement\/en-images-a-bord-de-latalante-le-navire-qui-ausculte-la-pollution-plastique-en-mediterranee-20250417_P7Y6NEN7INFS3ELFAUXXN3JOZU\/\" target=\"_blank\" rel=\"noreferrer noopener\" title=\"https:\/\/www.liberation.fr\/environnement\/en-images-a-bord-de-latalante-le-navire-qui-ausculte-la-pollution-plastique-en-mediterranee-20250417_P7Y6NEN7INFS3ELFAUXXN3JOZU\/\">l\u2019une des mers les plus pollu\u00e9es du monde, la M\u00e9diterran\u00e9e\u00bb,<\/a> avait lanc\u00e9 Yaron lors de son d\u00e9part de Calvi le 11 ao\u00fbt.<\/p>\n<p class=\"sc-ksZaOG ehjQrN text-element\">Ce n\u2019est pas la premi\u00e8re fois que Noam Yaron tente d\u2019effectuer la travers\u00e9e. L\u2019\u00e9t\u00e9 dernier, l\u2019athl\u00e8te avait \u00e9t\u00e9 forc\u00e9 d\u2019<a href=\"https:\/\/www.liberation.fr\/environnement\/un-jeune-suisse-sest-elance-dans-la-plus-longue-traversee-a-la-nage-au-monde-au-nom-de-la-preservation-des-oceans-20240823_H5UBG465DVC25OM7CJLX43LFEI\/?redirected=1\" target=\"_blank\" rel=\"noopener\" title=\"https:\/\/www.liberation.fr\/environnement\/un-jeune-suisse-sest-elance-dans-la-plus-longue-traversee-a-la-nage-au-monde-au-nom-de-la-preservation-des-oceans-20240823_H5UBG465DVC25OM7CJLX43LFEI\/?redirected=1\">abandonner sa course<\/a> \u00e0 cause de conditions d\u00e9favorables. Pas avare d\u2019efforts, il a remis le couvert pour ce mois d\u2019ao\u00fbt 2025. Crawl au milieu des <a href=\"https:\/\/www.liberation.fr\/environnement\/biodiversite\/les-meduses-ces-mysterieuses-et-fascinantes-sentinelles-de-locean-20250812_4U6AUXFKBBEM5BJZ5KG6RBLZHQ\/\" target=\"_blank\" rel=\"noopener\" title=\"https:\/\/www.liberation.fr\/environnement\/biodiversite\/les-meduses-ces-mysterieuses-et-fascinantes-sentinelles-de-locean-20250812_4U6AUXFKBBEM5BJZ5KG6RBLZHQ\/\">bancs de m\u00e9duses<\/a>, hallucinations dues au manque de sommeil ou encore langue br\u00fbl\u00e9e par le sel\u2026 La travers\u00e9e \u00e9tait ardue.<\/p>\n<p class=\"sc-ksZaOG ehjQrN text-element\">En 2021, alors \u00e2g\u00e9 de 24 ans, l\u2019athl\u00e8te avait travers\u00e9 \u00e0 la nage le Lac L\u00e9man en 19 heures 53 minutes. Intitul\u00e9 \u00abL\u2019Odyss\u00e9e du L\u00e9man\u00bb, son projet avait pour objectif, outre sa dimension sportive, de sensibiliser le public \u00e0 la pollution plastique dans le lac.<\/p>\n<p><script async src=\"\/\/www.instagram.com\/embed.js\"><\/script><\/p>\n","protected":false},"excerpt":{"rendered":"Au kilom\u00e8tre 169, les plages mon\u00e9gasques se distinguent dans son champ de vision. L\u2019exploit r\u00e9alis\u00e9 est d\u00e9j\u00e0 hors&hellip;\n","protected":false},"author":2,"featured_media":327164,"comment_status":"","ping_status":"","sticky":false,"template":"","format":"standard","meta":{"footnotes":""},"categories":[2],"tags":[11,2517,1011,27,3127,12,6579],"class_list":{"0":"post-327163","1":"post","2":"type-post","3":"status-publish","4":"format-standard","5":"has-post-thumbnail","7":"category-actualites","8":"tag-actualites","9":"tag-corse","10":"tag-fr","11":"tag-france","12":"tag-monaco","13":"tag-news","14":"tag-plastique"},"share_on_mastodon":{"url":"https:\/\/pubeurope.com\/@fr\/115050129929709948","error":""},"_links":{"self":[{"href":"https:\/\/www.europesays.com\/fr\/wp-json\/wp\/v2\/posts\/327163","targetHints":{"allow":["GET"]}}],"collection":[{"href":"https:\/\/www.europesays.com\/fr\/wp-json\/wp\/v2\/posts"}],"about":[{"href":"https:\/\/www.europesays.com\/fr\/wp-json\/wp\/v2\/types\/post"}],"author":[{"embeddable":true,"href":"https:\/\/www.europesays.com\/fr\/wp-json\/wp\/v2\/users\/2"}],"replies":[{"embeddable":true,"href":"https:\/\/www.europesays.com\/fr\/wp-json\/wp\/v2\/comments?post=327163"}],"version-history":[{"count":0,"href":"https:\/\/www.europesays.com\/fr\/wp-json\/wp\/v2\/posts\/327163\/revisions"}],"wp:featuredmedia":[{"embeddable":true,"href":"https:\/\/www.europesays.com\/fr\/wp-json\/wp\/v2\/media\/327164"}],"wp:attachment":[{"href":"https:\/\/www.europesays.com\/fr\/wp-json\/wp\/v2\/media?parent=327163"}],"wp:term":[{"taxonomy":"category","embeddable":true,"href":"https:\/\/www.europesays.com\/fr\/wp-json\/wp\/v2\/categories?post=327163"},{"taxonomy":"post_tag","embeddable":true,"href":"https:\/\/www.europesays.com\/fr\/wp-json\/wp\/v2\/tags?post=327163"}],"curies":[{"name":"wp","href":"https:\/\/api.w.org\/{rel}","templated":true}]}}