{"id":327165,"date":"2025-08-18T14:00:19","date_gmt":"2025-08-18T14:00:19","guid":{"rendered":"https:\/\/www.europesays.com\/fr\/327165\/"},"modified":"2025-08-18T14:00:19","modified_gmt":"2025-08-18T14:00:19","slug":"a-saint-victor-sur-loire-la-baignade-autorisee-au-moins-jusqua-vendredi","status":"publish","type":"post","link":"https:\/\/www.europesays.com\/fr\/327165\/","title":{"rendered":"A Saint-Victor-sur-Loire, la baignade autoris\u00e9e au moins jusqu\u2019\u00e0 vendredi"},"content":{"rendered":"<p><img loading=\"lazy\" decoding=\"async\" width=\"1024\" height=\"576\" src=\"https:\/\/www.europesays.com\/fr\/wp-content\/uploads\/2025\/07\/1753466956_556_esign-IF-30-1024x576.png\" alt=\"\" class=\"wp-image-59189\"  \/><\/p>\n<p>Bis repetita\u2026 Apr\u00e8s l\u2019interdiction de <a href=\"https:\/\/www.if-saint-etienne.fr\/breves\/baignade-interdite-a-saint-victor-sur-loire\" rel=\"nofollow noopener\" target=\"_blank\">la <\/a><a href=\"https:\/\/www.if-saint-etienne.fr\/breves\/baignade-interdite-a-saint-victor-sur-loire\" target=\"_blank\" rel=\"noreferrer noopener nofollow\">baignade<\/a> il y a onze jours, en raison de la pr\u00e9sence d\u2019algues sur le plan d\u2019eau de Saint-Victor-sur-Loire, cette derni\u00e8re est de nouveau autoris\u00e9e.<\/p>\n<p>Jusqu\u2019au 22 ao\u00fbt<\/p>\n<p>Les analyses r\u00e9alis\u00e9es par l\u2019Agence r\u00e9gionale de sant\u00e9 sont valables jusqu\u2019au vendredi 22 ao\u00fbt, et indiquent d\u00e9sormais une bonne qualit\u00e9 de l\u2019eau pour la baignade. En toute logique, l\u2019interdiction de navigation et des activit\u00e9s nautiques sur le barrage de Grangent a \u00e9galement \u00e9t\u00e9 lev\u00e9e par <a href=\"https:\/\/www.loire.gouv.fr\/Actualites\/Espace-presse\/Communiques-2025\/Levee-de-l-interdiction-de-navigation-et-des-activites-nautiques-sur-le-barrage-de-Grangent\" target=\"_blank\" rel=\"noreferrer noopener nofollow\">la Pr\u00e9fecture de la Loire<\/a>, jusqu\u2019\u00e0 la m\u00eame date, \u00e0 laquelle de nouveaux pr\u00e9l\u00e8vements seront r\u00e9alis\u00e9s.<\/p>\n","protected":false},"excerpt":{"rendered":"Bis repetita\u2026 Apr\u00e8s l\u2019interdiction de la baignade il y a onze jours, en raison de la pr\u00e9sence d\u2019algues&hellip;\n","protected":false},"author":2,"featured_media":234144,"comment_status":"","ping_status":"","sticky":false,"template":"","format":"standard","meta":{"footnotes":""},"categories":[9653],"tags":[1111,11,2430,1777,674,1011,27,12,25,4001],"class_list":{"0":"post-327165","1":"post","2":"type-post","3":"status-publish","4":"format-standard","5":"has-post-thumbnail","7":"category-saint-etienne","8":"tag-actu","9":"tag-actualites","10":"tag-auvergne-rhone-alpes","11":"tag-eu","12":"tag-europe","13":"tag-fr","14":"tag-france","15":"tag-news","16":"tag-republique-francaise","17":"tag-saint-etienne"},"share_on_mastodon":{"url":"https:\/\/pubeurope.com\/@fr\/115050133891457752","error":""},"_links":{"self":[{"href":"https:\/\/www.europesays.com\/fr\/wp-json\/wp\/v2\/posts\/327165","targetHints":{"allow":["GET"]}}],"collection":[{"href":"https:\/\/www.europesays.com\/fr\/wp-json\/wp\/v2\/posts"}],"about":[{"href":"https:\/\/www.europesays.com\/fr\/wp-json\/wp\/v2\/types\/post"}],"author":[{"embeddable":true,"href":"https:\/\/www.europesays.com\/fr\/wp-json\/wp\/v2\/users\/2"}],"replies":[{"embeddable":true,"href":"https:\/\/www.europesays.com\/fr\/wp-json\/wp\/v2\/comments?post=327165"}],"version-history":[{"count":0,"href":"https:\/\/www.europesays.com\/fr\/wp-json\/wp\/v2\/posts\/327165\/revisions"}],"wp:featuredmedia":[{"embeddable":true,"href":"https:\/\/www.europesays.com\/fr\/wp-json\/wp\/v2\/media\/234144"}],"wp:attachment":[{"href":"https:\/\/www.europesays.com\/fr\/wp-json\/wp\/v2\/media?parent=327165"}],"wp:term":[{"taxonomy":"category","embeddable":true,"href":"https:\/\/www.europesays.com\/fr\/wp-json\/wp\/v2\/categories?post=327165"},{"taxonomy":"post_tag","embeddable":true,"href":"https:\/\/www.europesays.com\/fr\/wp-json\/wp\/v2\/tags?post=327165"}],"curies":[{"name":"wp","href":"https:\/\/api.w.org\/{rel}","templated":true}]}}