{"id":327168,"date":"2025-08-18T14:02:12","date_gmt":"2025-08-18T14:02:12","guid":{"rendered":"https:\/\/www.europesays.com\/fr\/327168\/"},"modified":"2025-08-18T14:02:12","modified_gmt":"2025-08-18T14:02:12","slug":"frouard-cine-plein-air-a-lermitage-le-mercredi-20-aout","status":"publish","type":"post","link":"https:\/\/www.europesays.com\/fr\/327168\/","title":{"rendered":"Frouard. Cin\u00e9 plein air \u00e0 l\u2019Ermitage le mercredi 20\u00a0ao\u00fbt"},"content":{"rendered":"<p>La Caravane du cin\u00e9ma, \u00e9dition 2025, va \u00e0 nouveau s\u2019installer sur le parvis de l\u2019espace de l\u2019Ermitage ce mercredi 20\u00a0ao\u00fbt. Au programme, la projection gratuite du film d\u2019animation \u00ab\u00a0 Migration\u00a0 \u00bb, \u00e0 21\u00a0h\u00a030. Une com\u00e9die enchanteresse qui relate l\u2019aventure d\u2019une dr\u00f4le de famille de canards colvert voulant se rendre en Jama\u00efque. Un grand succ\u00e8s rencontr\u00e9 lors de sa sortie en 2023\u00a0! L\u2019occasion d\u2019un bon moment de partage en famille.<\/p>\n","protected":false},"excerpt":{"rendered":"La Caravane du cin\u00e9ma, \u00e9dition 2025, va \u00e0 nouveau s\u2019installer sur le parvis de l\u2019espace de l\u2019Ermitage ce&hellip;\n","protected":false},"author":2,"featured_media":327169,"comment_status":"","ping_status":"","sticky":false,"template":"","format":"standard","meta":{"footnotes":""},"categories":[9635],"tags":[1111,11,9661,1687,1704,1777,674,1011,27,9660,775,1702,12,25],"class_list":{"0":"post-327168","1":"post","2":"type-post","3":"status-publish","4":"format-standard","5":"has-post-thumbnail","7":"category-nancy","8":"tag-actu","9":"tag-actualites","10":"tag-cc-du-bassin-de-pompey-54b1","11":"tag-culture-loisirs","12":"tag-edition-nancy-et-agglomeration","13":"tag-eu","14":"tag-europe","15":"tag-fr","16":"tag-france","17":"tag-frouard","18":"tag-grand-est","19":"tag-nancy","20":"tag-news","21":"tag-republique-francaise"},"share_on_mastodon":{"url":"https:\/\/pubeurope.com\/@fr\/115050141672665312","error":""},"_links":{"self":[{"href":"https:\/\/www.europesays.com\/fr\/wp-json\/wp\/v2\/posts\/327168","targetHints":{"allow":["GET"]}}],"collection":[{"href":"https:\/\/www.europesays.com\/fr\/wp-json\/wp\/v2\/posts"}],"about":[{"href":"https:\/\/www.europesays.com\/fr\/wp-json\/wp\/v2\/types\/post"}],"author":[{"embeddable":true,"href":"https:\/\/www.europesays.com\/fr\/wp-json\/wp\/v2\/users\/2"}],"replies":[{"embeddable":true,"href":"https:\/\/www.europesays.com\/fr\/wp-json\/wp\/v2\/comments?post=327168"}],"version-history":[{"count":0,"href":"https:\/\/www.europesays.com\/fr\/wp-json\/wp\/v2\/posts\/327168\/revisions"}],"wp:featuredmedia":[{"embeddable":true,"href":"https:\/\/www.europesays.com\/fr\/wp-json\/wp\/v2\/media\/327169"}],"wp:attachment":[{"href":"https:\/\/www.europesays.com\/fr\/wp-json\/wp\/v2\/media?parent=327168"}],"wp:term":[{"taxonomy":"category","embeddable":true,"href":"https:\/\/www.europesays.com\/fr\/wp-json\/wp\/v2\/categories?post=327168"},{"taxonomy":"post_tag","embeddable":true,"href":"https:\/\/www.europesays.com\/fr\/wp-json\/wp\/v2\/tags?post=327168"}],"curies":[{"name":"wp","href":"https:\/\/api.w.org\/{rel}","templated":true}]}}