{"id":327172,"date":"2025-08-18T14:04:11","date_gmt":"2025-08-18T14:04:11","guid":{"rendered":"https:\/\/www.europesays.com\/fr\/327172\/"},"modified":"2025-08-18T14:04:11","modified_gmt":"2025-08-18T14:04:11","slug":"tres-joli-des-poissons-partout-pourquoi-la-plage-de-portissol-a-sanary-est-un-coup-de-coeur-cet-ete","status":"publish","type":"post","link":"https:\/\/www.europesays.com\/fr\/327172\/","title":{"rendered":"\u00ab\u00a0Tr\u00e8s joli, des poissons partout\u00a0\u00bb: pourquoi la plage de Portissol \u00e0 Sanary est un coup de c\u0153ur cet \u00e9t\u00e9"},"content":{"rendered":"<p>La premi\u00e8re sensation que nous donne la plage de Portissol, \u00e0 Sanary, c\u2019est une odeur. La posidonie \u00e9chou\u00e9e sur le rivage laisse \u00e9chapper des vapeurs de plantes s\u00e9ch\u00e9es. On se fait la remarque que la plage est tr\u00e8s familiale. Une des raisons: sa facilit\u00e9 d\u2019acc\u00e8s. Proche du centre-ville, un (petit) parking \u00e0 proximit\u00e9 et des escaliers b\u00e9tonn\u00e9s pour descendre sur la plage, on a envie de dire : un jeu d\u2019enfant.<\/p>\n<p>Deuxi\u00e8me raison selon nous: le sable. Fin, sans cailloux, on le trouve agr\u00e9able sous les pieds. Encadr\u00e9e par deux petites falaises bois\u00e9es, la plage de 200 m\u00e8tres donne sur une eau claire et qui donne envie de se baigner. Lors de notre visite en fin de journ\u00e9e, la lumi\u00e8re laissait apercevoir un coucher de soleil prometteur. Pour les fans de photos \u00e0 la golden hour, cette plage nous para\u00eet \u00eatre un bon plan. Nous sommes fans de glaces et de beignets et on remarque tout de suite la pr\u00e9sence du vendeur qui parcourt la plage. Toujours cot\u00e9 estomac, le restaurant sur la jet\u00e9e au bord de l\u2019eau nous fait de l\u2019\u0153il. Un deuxi\u00e8me restaurant en haut des escaliers offre un panorama sur la plage et ses environs.<\/p>\n<p>Les plus <\/p>\n<p>St\u00e9phane, Toulonnais et grand supporter du RCT, aime changer r\u00e9guli\u00e8rement de plage. Aujourd\u2019hui il retrouve ses amis \u00e0 Portissol. Pour lui, cette plage est id\u00e9ale pour \u00ab\u00a0se baigner et aller voir des poissons, il y en a vraiment beaucoup ici!\u00a0\u00bb<\/p>\n<p>Pauline et Maxime sont venus de Toulouse passer quelques jours de vacances dans la r\u00e9gion. Ils ont parcouru la c\u00f4te sur Google maps avant de se d\u00e9cider sur cette plage. \u00ab\u00a0On trouve que c\u2019est tr\u00e8s joli et franchement le resto en bord de mer est tr\u00e8s sympa\u00a0\u00bb, racontent-ils.<\/p>\n<p>Les moins <\/p>\n<p>M\u00eame si l\u2019on conna\u00eet son importance pour la biodiversit\u00e9, St\u00e9phane trouve \u00ab\u00a0qu\u2019il y a trop de posidonies sur le sable, c\u2019est dommage\u00a0\u00bb. Pour Pauline et Maxime, il y a \u00ab\u00a0un l\u00e9ger manque de place avec un peu trop de gens par endroits\u00a0\u00bb.<\/p>\n<p>            Infos pratiques<\/p>\n<p>Adresse : Esplanade Fr\u00e9d\u00e9ric-Dumas, 83110 Sanary. <br \/>&#13;<br \/>\nParking payant \u00e0 proximit\u00e9, gratuit dans les rues du quartier (\u00e0 condition d\u2019arriver t\u00f4t). <br \/>&#13;<br \/>\nPlage handi-acessible <br \/>&#13;<br \/>\nBaignade surveill\u00e9e de 10h \u00e0 19h. <br \/>&#13;<br \/>\nDouches de plage. <br \/>&#13;<br \/>\nRestauration: deux restaurants, comptez entre 20 euros et 30 euros le plat.<\/p>\n","protected":false},"excerpt":{"rendered":"La premi\u00e8re sensation que nous donne la plage de Portissol, \u00e0 Sanary, c\u2019est une odeur. La posidonie \u00e9chou\u00e9e&hellip;\n","protected":false},"author":2,"featured_media":327173,"comment_status":"","ping_status":"","sticky":false,"template":"","format":"standard","meta":{"footnotes":""},"categories":[9619],"tags":[1111,11,1777,674,1011,27,12,882,25,2310,3366],"class_list":{"0":"post-327172","1":"post","2":"type-post","3":"status-publish","4":"format-standard","5":"has-post-thumbnail","7":"category-toulon","8":"tag-actu","9":"tag-actualites","10":"tag-eu","11":"tag-europe","12":"tag-fr","13":"tag-france","14":"tag-news","15":"tag-provence-alpes-cote-dazur","16":"tag-republique-francaise","17":"tag-toulon","18":"tag-vie-locale"},"share_on_mastodon":{"url":"https:\/\/pubeurope.com\/@fr\/115050149567760811","error":""},"_links":{"self":[{"href":"https:\/\/www.europesays.com\/fr\/wp-json\/wp\/v2\/posts\/327172","targetHints":{"allow":["GET"]}}],"collection":[{"href":"https:\/\/www.europesays.com\/fr\/wp-json\/wp\/v2\/posts"}],"about":[{"href":"https:\/\/www.europesays.com\/fr\/wp-json\/wp\/v2\/types\/post"}],"author":[{"embeddable":true,"href":"https:\/\/www.europesays.com\/fr\/wp-json\/wp\/v2\/users\/2"}],"replies":[{"embeddable":true,"href":"https:\/\/www.europesays.com\/fr\/wp-json\/wp\/v2\/comments?post=327172"}],"version-history":[{"count":0,"href":"https:\/\/www.europesays.com\/fr\/wp-json\/wp\/v2\/posts\/327172\/revisions"}],"wp:featuredmedia":[{"embeddable":true,"href":"https:\/\/www.europesays.com\/fr\/wp-json\/wp\/v2\/media\/327173"}],"wp:attachment":[{"href":"https:\/\/www.europesays.com\/fr\/wp-json\/wp\/v2\/media?parent=327172"}],"wp:term":[{"taxonomy":"category","embeddable":true,"href":"https:\/\/www.europesays.com\/fr\/wp-json\/wp\/v2\/categories?post=327172"},{"taxonomy":"post_tag","embeddable":true,"href":"https:\/\/www.europesays.com\/fr\/wp-json\/wp\/v2\/tags?post=327172"}],"curies":[{"name":"wp","href":"https:\/\/api.w.org\/{rel}","templated":true}]}}