{"id":327174,"date":"2025-08-18T14:05:13","date_gmt":"2025-08-18T14:05:13","guid":{"rendered":"https:\/\/www.europesays.com\/fr\/327174\/"},"modified":"2025-08-18T14:05:13","modified_gmt":"2025-08-18T14:05:13","slug":"un-cadre-de-lequipe-pourrait-filer-en-italie","status":"publish","type":"post","link":"https:\/\/www.europesays.com\/fr\/327174\/","title":{"rendered":"un cadre de l\u2019\u00e9quipe pourrait filer en Italie !"},"content":{"rendered":"<p>La prochaine intersaison s\u2019annonce particuli\u00e8rement mouvement\u00e9e pour le Rugby Club Toulonnais. Ces deux derni\u00e8res saisons, les hommes de Pierre Mignoni se sont rapproch\u00e9s du sommet, retrouvant les phases finales, \u00e0 la fois en Top 14 et en Champions Cup. S\u2019ils leur en manque encore un peu pour venir concurrencer Toulouse et l\u2019UBB, les Varois sont un s\u00e9rieux pr\u00e9tendant au Bouclier de Brennus.<\/p>\n<p>Apr\u00e8s avoir mis\u00e9 sur de nombreux jeunes talents (Tuifua, Fert\u00e9\u2026), le RCT pourrait perdre plusieurs cadres l\u2019an prochain. Outre Baptiste Serin, dont le contrat prend fin et l\u2019avenir n\u2019a toujours pas \u00e9t\u00e9 r\u00e9gl\u00e9, son comp\u00e8re en charni\u00e8re se rapproche lui aussi d\u2019un d\u00e9part. Comme le rapporte Cross Kick, Tr\u00e9vise aurait fait de Paolo Garbisi sa priorit\u00e9.<\/p>\n<p>Garbisi vers Tr\u00e9vise, Albornoz vers Toulon\u00a0?<\/p>\n<p>Le club italien ne cesse de monter en puissance, en t\u00e9moigne sa qualification pour les derniers huiti\u00e8mes de finale de Champions Cup. De son c\u00f4t\u00e9, l\u2019ouvreur pourrait faire son retour dans son \u00e9quipe formatrice. Pour le remplacer, Toulon devrait alors se tourner vers\u2026Tr\u00e9vise. Comme annonc\u00e9 plus t\u00f4t par <a href=\"https:\/\/www.rugbyscope.fr\/toulon-paolo-garbisi-vers-trevise\/\" rel=\"nofollow noopener\" target=\"_blank\">Rugbyscope<\/a>, Tomas Albornoz est dans le viseur du RCT. L\u2019international argentin est consid\u00e9r\u00e9 comme une grande promesse \u00e0 son poste.<\/p>\n<blockquote class=\"instagram-media\" style=\"background: #FFF;border: 0;border-radius: 3px;margin: 1px;max-width: 540px;min-width: 326px;padding: 0;width: calc(100% - 2px)\" data-instgrm-captioned=\"\" data-instgrm-permalink=\"https:\/\/www.instagram.com\/p\/DM0WaKrRS5k\/?utm_source=ig_embed&amp;utm_campaign=loading\" data-instgrm-version=\"14\"\/><p>Partagez cette info avec vos amis et vos proches en cliquant ici<br \/>Pour r\u00e9sumer<\/p>\n<p>Un cadre du Rugby Club Toulonnais pourrait changer d\u2019air \u00e0 l\u2019issue de la saison et s\u2019engager avec un ambitieux club italien. Son rempla\u00e7ant serait m\u00eame d\u00e9j\u00e0 trouv\u00e9 pour le RCT. Paolo Garbisi pourrait filer \u00e0 Tr\u00e9vise et Tomas Albornoz faire le chemin inverse.<\/p>\n<p> <img decoding=\"async\" width=\"76\" height=\"76\" loading=\"lazy\" src=\"https:\/\/www.europesays.com\/fr\/wp-content\/uploads\/2025\/04\/avatar-quinze.png\" alt=\"Arnaud D\u00e9chelotte\"\/><script async src=\"\/\/www.instagram.com\/embed.js\"><\/script><\/p>\n","protected":false},"excerpt":{"rendered":"La prochaine intersaison s\u2019annonce particuli\u00e8rement mouvement\u00e9e pour le Rugby Club Toulonnais. Ces deux derni\u00e8res saisons, les hommes de&hellip;\n","protected":false},"author":2,"featured_media":327175,"comment_status":"","ping_status":"","sticky":false,"template":"","format":"standard","meta":{"footnotes":""},"categories":[9619],"tags":[1111,11,1777,674,1011,27,12,882,25,2310],"class_list":{"0":"post-327174","1":"post","2":"type-post","3":"status-publish","4":"format-standard","5":"has-post-thumbnail","7":"category-toulon","8":"tag-actu","9":"tag-actualites","10":"tag-eu","11":"tag-europe","12":"tag-fr","13":"tag-france","14":"tag-news","15":"tag-provence-alpes-cote-dazur","16":"tag-republique-francaise","17":"tag-toulon"},"share_on_mastodon":{"url":"https:\/\/pubeurope.com\/@fr\/115050153500510717","error":""},"_links":{"self":[{"href":"https:\/\/www.europesays.com\/fr\/wp-json\/wp\/v2\/posts\/327174","targetHints":{"allow":["GET"]}}],"collection":[{"href":"https:\/\/www.europesays.com\/fr\/wp-json\/wp\/v2\/posts"}],"about":[{"href":"https:\/\/www.europesays.com\/fr\/wp-json\/wp\/v2\/types\/post"}],"author":[{"embeddable":true,"href":"https:\/\/www.europesays.com\/fr\/wp-json\/wp\/v2\/users\/2"}],"replies":[{"embeddable":true,"href":"https:\/\/www.europesays.com\/fr\/wp-json\/wp\/v2\/comments?post=327174"}],"version-history":[{"count":0,"href":"https:\/\/www.europesays.com\/fr\/wp-json\/wp\/v2\/posts\/327174\/revisions"}],"wp:featuredmedia":[{"embeddable":true,"href":"https:\/\/www.europesays.com\/fr\/wp-json\/wp\/v2\/media\/327175"}],"wp:attachment":[{"href":"https:\/\/www.europesays.com\/fr\/wp-json\/wp\/v2\/media?parent=327174"}],"wp:term":[{"taxonomy":"category","embeddable":true,"href":"https:\/\/www.europesays.com\/fr\/wp-json\/wp\/v2\/categories?post=327174"},{"taxonomy":"post_tag","embeddable":true,"href":"https:\/\/www.europesays.com\/fr\/wp-json\/wp\/v2\/tags?post=327174"}],"curies":[{"name":"wp","href":"https:\/\/api.w.org\/{rel}","templated":true}]}}