{"id":327180,"date":"2025-08-18T14:10:29","date_gmt":"2025-08-18T14:10:29","guid":{"rendered":"https:\/\/www.europesays.com\/fr\/327180\/"},"modified":"2025-08-18T14:10:29","modified_gmt":"2025-08-18T14:10:29","slug":"cathedrale-de-lumiere-change-dhoraires","status":"publish","type":"post","link":"https:\/\/www.europesays.com\/fr\/327180\/","title":{"rendered":"Cath\u00e9drale de Lumi\u00e8re change d&rsquo;horaires"},"content":{"rendered":"\n<p>         Publi\u00e9 le\u00a0:\u00a0       <\/p>\n<p>Lundi 18 ao\u00fbt 2025 &#8211; 11h00<\/p>\n<p>         Th\u00e8me d\u2019actualit\u00e9\u00a0:\u00a0       <\/p>\n<p>                            <img loading=\"lazy\" decoding=\"async\" typeof=\"foaf:Image\" src=\"https:\/\/www.europesays.com\/fr\/wp-content\/uploads\/2025\/08\/27_rm549_cathe_de_lumiere_0_0_0.jpg\" width=\"559\" height=\"640\" alt=\"\"\/>                          <\/p>\n<p>Jusqu&rsquo;au 27 septembre 2025, le rendez-vous estival gratuit \u00ab\u00a0Cath\u00e9drale de lumi\u00e8re\u00a0\u00bb transforme Notre-Dame en une gigantesque toile anim\u00e9e \u00e0 la tomb\u00e9e de la nuit. A partir du 1er ao\u00fbt 2025 jusqu&rsquo;au 15 ao\u00fbt inclus, les projections se d\u00e9roulent \u00e0 22h30.<\/p>\n<p>Cette 13e \u00e9dition du son et lumi\u00e8re se compose de deux projections monumentales :<\/p>\n<ul>\n<li>\u00ab\u00a0Optic Gothic\u00a0\u00bb, un show hypnothisant in\u00e9dit qui m\u00eale Op Art et impressionnisme : une adaptation de la cr\u00e9ation\u00a0sign\u00e9e Antoine + Manuel (Antoine Audiau et Manuel Warosz) diffus\u00e9e lors du DJ set de Barbara Butch en cl\u00f4ture du Festival Normandie Impressionniste 2024.<\/li>\n<li>\u00a0\u00ab\u00a0Viking\u00a0\u00bb, \u00e9vocation f\u00e9\u00e9rique des invasions scandinaves en Normandie au IXe si\u00e8cle en forme de rencontre avec les Northmen : un spectacle qui revisite\u00a0les diff\u00e9rentes repr\u00e9sentations, imaginaires ou mythifi\u00e9es, que nous en avons.<\/li>\n<\/ul>\n<p>Informations pratiquesCath\u00e9drale de lumi\u00e8re<\/p>\n<p>Place de la Cath\u00e9drale<\/p>\n<p>Tous les soirs du 16 au 31 ao\u00fbt : tous les soirs, \u00e0 22h00 \u00a0\u00a0<\/p>\n<p>Du 1er au 27 septembre : les vendredis et samedis, \u00e0 21h30<\/p>\n","protected":false},"excerpt":{"rendered":"Publi\u00e9 le\u00a0:\u00a0 Lundi 18 ao\u00fbt 2025 &#8211; 11h00 Th\u00e8me d\u2019actualit\u00e9\u00a0:\u00a0 Jusqu&rsquo;au 27 septembre 2025, le rendez-vous estival gratuit&hellip;\n","protected":false},"author":2,"featured_media":327181,"comment_status":"","ping_status":"","sticky":false,"template":"","format":"standard","meta":{"footnotes":""},"categories":[9587],"tags":[1111,11,1777,674,1011,27,12,5161,25,9590],"class_list":{"0":"post-327180","1":"post","2":"type-post","3":"status-publish","4":"format-standard","5":"has-post-thumbnail","7":"category-rouen","8":"tag-actu","9":"tag-actualites","10":"tag-eu","11":"tag-europe","12":"tag-fr","13":"tag-france","14":"tag-news","15":"tag-normandie","16":"tag-republique-francaise","17":"tag-rouen"},"share_on_mastodon":{"url":"https:\/\/pubeurope.com\/@fr\/115050173132725674","error":""},"_links":{"self":[{"href":"https:\/\/www.europesays.com\/fr\/wp-json\/wp\/v2\/posts\/327180","targetHints":{"allow":["GET"]}}],"collection":[{"href":"https:\/\/www.europesays.com\/fr\/wp-json\/wp\/v2\/posts"}],"about":[{"href":"https:\/\/www.europesays.com\/fr\/wp-json\/wp\/v2\/types\/post"}],"author":[{"embeddable":true,"href":"https:\/\/www.europesays.com\/fr\/wp-json\/wp\/v2\/users\/2"}],"replies":[{"embeddable":true,"href":"https:\/\/www.europesays.com\/fr\/wp-json\/wp\/v2\/comments?post=327180"}],"version-history":[{"count":0,"href":"https:\/\/www.europesays.com\/fr\/wp-json\/wp\/v2\/posts\/327180\/revisions"}],"wp:featuredmedia":[{"embeddable":true,"href":"https:\/\/www.europesays.com\/fr\/wp-json\/wp\/v2\/media\/327181"}],"wp:attachment":[{"href":"https:\/\/www.europesays.com\/fr\/wp-json\/wp\/v2\/media?parent=327180"}],"wp:term":[{"taxonomy":"category","embeddable":true,"href":"https:\/\/www.europesays.com\/fr\/wp-json\/wp\/v2\/categories?post=327180"},{"taxonomy":"post_tag","embeddable":true,"href":"https:\/\/www.europesays.com\/fr\/wp-json\/wp\/v2\/tags?post=327180"}],"curies":[{"name":"wp","href":"https:\/\/api.w.org\/{rel}","templated":true}]}}