{"id":327184,"date":"2025-08-18T14:12:11","date_gmt":"2025-08-18T14:12:11","guid":{"rendered":"https:\/\/www.europesays.com\/fr\/327184\/"},"modified":"2025-08-18T14:12:11","modified_gmt":"2025-08-18T14:12:11","slug":"le-pere-ne-veut-pas-changer-de-chaine-il-poignarde-son-fils-qui-insiste","status":"publish","type":"post","link":"https:\/\/www.europesays.com\/fr\/327184\/","title":{"rendered":"le p\u00e8re ne veut pas changer de cha\u00eene, il poignarde son fils qui insiste"},"content":{"rendered":"<p>\t\t\t\t\t\t\t\t\t\t\t<img loading=\"lazy\" decoding=\"async\" width=\"1110\" title=\"Pr\u00e8s de Grenoble : le p\u00e8re ne veut pas changer de cha\u00eene, il poignarde son fils qui insiste\" class=\"img-fluid  mb-3\" src=\"https:\/\/grandgrenoble.alpes1.com\/media\/news\/thumb\/1110x624_pres-de-grenoble-le-pere-ne-veut-pas-changer-de-chaine-il-poignarde-son-fils-qui-insiste_68a331fa47d84.webp\" alt=\"Pr\u00e8s de Grenoble : le p\u00e8re ne veut pas changer de cha\u00eene, il poignarde son fils qui insiste\" itemprop=\"image\" height=\"624\"\/>\t\t\t\t\t\t\t\t\t\t\t\t<\/p>\n<p>Pr\u00e8s de Grenoble : le p\u00e8re ne veut pas changer de cha\u00eene, il poignarde son fils qui insiste &#8211; DR<\/p>\n<p itemprop=\"description\"><strong>Une dispute classique a failli tourner au drame.<\/strong><\/p>\n<p>Ce dimanche, la police is\u00e9roise a \u00e9t\u00e9 appel\u00e9e pour intervenir au domicile d\u2019un homme \u00e2g\u00e9 de 55 ans, \u00e0 Fontaine. D\u2019apr\u00e8s les derni\u00e8res informations de nos confr\u00e8res du Dauphin\u00e9 Lib\u00e9r\u00e9, l\u2019individu aurait mis un coup de couteau dans le thorax de son propre fils.<\/p>\n<p>L\u2019origine de cette agression serait risible si les faits n&rsquo;\u00e9taient pas si graves. Elle remonterait \u00e0 une dispute banale \u00e0 propos d\u2019un d\u00e9saccord sur le changement d\u2019une cha\u00eene \u00e0 la t\u00e9l\u00e9vision. Probl\u00e8me, les deux individus auraient \u00e9t\u00e9 tr\u00e8s alcoolis\u00e9s au moment des faits.<\/p>\n<p>Le jeune homme a donc \u00e9t\u00e9 l\u00e9g\u00e8rement bless\u00e9 au niveau du thorax et a demand\u00e9 \u00e0 ne pas \u00eatre transport\u00e9 \u00e0 l\u2019h\u00f4pital. Par ailleurs, il a annonc\u00e9 qu\u2019il ne d\u00e9poserait pas plainte contre son p\u00e8re. Quant \u00e0 ce dernier, il a tout de m\u00eame \u00e9t\u00e9 interpell\u00e9, puis plac\u00e9 en garde \u00e0 vue.<\/p>\n","protected":false},"excerpt":{"rendered":"Pr\u00e8s de Grenoble : le p\u00e8re ne veut pas changer de cha\u00eene, il poignarde son fils qui insiste&hellip;\n","protected":false},"author":2,"featured_media":327185,"comment_status":"","ping_status":"","sticky":false,"template":"","format":"standard","meta":{"footnotes":""},"categories":[9566],"tags":[1111,11,7733,8279,2430,7736,650,7734,2889,2263,1777,674,1011,27,2731,8280,6417,1114,108,4662,12,3725,1825,25,7737],"class_list":{"0":"post-327184","1":"post","2":"type-post","3":"status-publish","4":"format-standard","5":"has-post-thumbnail","7":"category-grenoble","8":"tag-actu","9":"tag-actualites","10":"tag-alpes","11":"tag-alpes1","12":"tag-auvergne-rhone-alpes","13":"tag-cds","14":"tag-cinema","15":"tag-ecoute","16":"tag-emission","17":"tag-equipe","18":"tag-eu","19":"tag-europe","20":"tag-fr","21":"tag-france","22":"tag-grenoble","23":"tag-haute","24":"tag-information","25":"tag-infos","26":"tag-isere","27":"tag-journal","28":"tag-news","29":"tag-podcast","30":"tag-radio","31":"tag-republique-francaise","32":"tag-winamp"},"share_on_mastodon":{"url":"https:\/\/pubeurope.com\/@fr\/115050180965415117","error":""},"_links":{"self":[{"href":"https:\/\/www.europesays.com\/fr\/wp-json\/wp\/v2\/posts\/327184","targetHints":{"allow":["GET"]}}],"collection":[{"href":"https:\/\/www.europesays.com\/fr\/wp-json\/wp\/v2\/posts"}],"about":[{"href":"https:\/\/www.europesays.com\/fr\/wp-json\/wp\/v2\/types\/post"}],"author":[{"embeddable":true,"href":"https:\/\/www.europesays.com\/fr\/wp-json\/wp\/v2\/users\/2"}],"replies":[{"embeddable":true,"href":"https:\/\/www.europesays.com\/fr\/wp-json\/wp\/v2\/comments?post=327184"}],"version-history":[{"count":0,"href":"https:\/\/www.europesays.com\/fr\/wp-json\/wp\/v2\/posts\/327184\/revisions"}],"wp:featuredmedia":[{"embeddable":true,"href":"https:\/\/www.europesays.com\/fr\/wp-json\/wp\/v2\/media\/327185"}],"wp:attachment":[{"href":"https:\/\/www.europesays.com\/fr\/wp-json\/wp\/v2\/media?parent=327184"}],"wp:term":[{"taxonomy":"category","embeddable":true,"href":"https:\/\/www.europesays.com\/fr\/wp-json\/wp\/v2\/categories?post=327184"},{"taxonomy":"post_tag","embeddable":true,"href":"https:\/\/www.europesays.com\/fr\/wp-json\/wp\/v2\/tags?post=327184"}],"curies":[{"name":"wp","href":"https:\/\/api.w.org\/{rel}","templated":true}]}}