{"id":327186,"date":"2025-08-18T14:14:12","date_gmt":"2025-08-18T14:14:12","guid":{"rendered":"https:\/\/www.europesays.com\/fr\/327186\/"},"modified":"2025-08-18T14:14:12","modified_gmt":"2025-08-18T14:14:12","slug":"ligue-1-arnaud-kalimuendo-quitte-rennes-pour-pres-de-30-millions-deuros","status":"publish","type":"post","link":"https:\/\/www.europesays.com\/fr\/327186\/","title":{"rendered":"Ligue 1. Arnaud Kalimuendo quitte Rennes pour pr\u00e8s de 30 millions d&rsquo;euros"},"content":{"rendered":"<p>L&rsquo;attaquant fran\u00e7ais Arnaud Kalimuendo s&rsquo;est engag\u00e9 pour cinq ans en faveur de Nottingham Forest, a annonc\u00e9 lundi le club anglais, un transfert qui devrait rapporter au moins 30 millions d&rsquo;euros \u00e0 Rennes, selon la presse sp\u00e9cialis\u00e9e.<\/p>\n<p>L&rsquo;avant-centre de 23 ans form\u00e9 au Paris Saint-Germain sort d&rsquo;une saison aboutie avec les Rouge et noir, pour qui il a inscrit 17 buts en Ligue 1. Il va d\u00e9couvrir un championnat \u00e9tranger apr\u00e8s avoir port\u00e9 les couleurs du PSG, de Lens et de Rennes depuis 2022.<\/p>\n<p><strong>&gt;&gt; LIRE AUSSI\u00a0: <a href=\"https:\/\/www.ledauphine.com\/sport\/2025\/08\/18\/coupe-en-chocolat-pour-paris-giroud-dans-un-garage-crise-de-la-biere-a-nantes-la-1ere-journee-de-l1-en-un-clic\" target=\"_blank\" rel=\"nofollow noopener\">Coupe en chocolat, Giroud dans un parking, crise de la bi\u00e8re&#8230; la 1\u00e8re journ\u00e9e de L1 en un clic\u00a0<\/a><\/strong><\/p>\n<p>\u00ab Je suis pr\u00eat \u00e0 relever le d\u00e9fi, et j&rsquo;arrive ici avec de l&rsquo;exp\u00e9rience \u00bb, a d\u00e9clar\u00e9 Kalimuendo, cit\u00e9 dans un communiqu\u00e9 de son nouveau club. \u00ab J&rsquo;ai fait une bonne saison l&rsquo;an dernier avec des buts et des passes d\u00e9cisives, mais j&rsquo;en veux plus et je veux franchir un nouveau palier ici \u00bb.<\/p>\n<p>Une rude concurrence<\/p>\n<p>L&rsquo;international Espoirs, m\u00e9daill\u00e9 d&rsquo;argent aux Jeux olympiques 2024, va se frotter \u00e0 une rude concurrence au poste de N.9 face \u00e0 Chris Wood. Le N\u00e9o-Z\u00e9landais, double buteur en ouverture de la nouvelle saison de Premier League, a fait trembler les filets \u00e0 20 reprises l&rsquo;an pass\u00e9.<\/p>\n<p>Nottingham Forest avait termin\u00e9 l&rsquo;exercice 2024-2025 \u00e0 la septi\u00e8me place apr\u00e8s avoir longtemps \u00e9t\u00e9 sur le podium, \u00e0 la surprise g\u00e9n\u00e9rale.<\/p>\n<p>Avant la reprise, l&rsquo;entra\u00eeneur Nuno Espirito Santo s&rsquo;\u00e9tait montr\u00e9 inquiet apr\u00e8s une pr\u00e9-saison rat\u00e9e (aucune victoire, et un seul but marqu\u00e9, en sept matches) et un mercato pas \u00e0 la hauteur de ses attentes.<\/p>\n<p>Il a pu \u00eatre rassur\u00e9 par la victoire facilement acquise contre Brentford (3-1) dimanche lors de la premi\u00e8re journ\u00e9e de Premier League et par les recrutements finalis\u00e9s dans les derni\u00e8res heures.<\/p>\n<p>Les \u00ab Reds \u00bb des Midlands ont notamment obtenu le renfort de Dan Ndoye (Bologne), Omari Hutchinson (Ipswich) et James McAtee (Manchester City).<\/p>\n<p>\u00ab Ces derniers jours ont \u00e9t\u00e9 tr\u00e8s charg\u00e9s pour nous mais c&rsquo;est le fruit d&rsquo;un travail acharn\u00e9 de la part de notre encadrement pendant plusieurs semaines \u00bb, s&rsquo;est f\u00e9licit\u00e9 le directeur g\u00e9n\u00e9ral du football, Ross Wilson.<\/p>\n","protected":false},"excerpt":{"rendered":"L&rsquo;attaquant fran\u00e7ais Arnaud Kalimuendo s&rsquo;est engag\u00e9 pour cinq ans en faveur de Nottingham Forest, a annonc\u00e9 lundi le&hellip;\n","protected":false},"author":2,"featured_media":327187,"comment_status":"","ping_status":"","sticky":false,"template":"","format":"standard","meta":{"footnotes":""},"categories":[2821],"tags":[1111,11,829,1777,674,107,63,1011,27,12,584,25,517,1947],"class_list":{"0":"post-327186","1":"post","2":"type-post","3":"status-publish","4":"format-standard","5":"has-post-thumbnail","7":"category-rennes","8":"tag-actu","9":"tag-actualites","10":"tag-bretagne","11":"tag-eu","12":"tag-europe","13":"tag-fil-info","14":"tag-football","15":"tag-fr","16":"tag-france","17":"tag-news","18":"tag-rennes","19":"tag-republique-francaise","20":"tag-sport","21":"tag-sport-national"},"share_on_mastodon":{"url":"https:\/\/pubeurope.com\/@fr\/115050188949728545","error":""},"_links":{"self":[{"href":"https:\/\/www.europesays.com\/fr\/wp-json\/wp\/v2\/posts\/327186","targetHints":{"allow":["GET"]}}],"collection":[{"href":"https:\/\/www.europesays.com\/fr\/wp-json\/wp\/v2\/posts"}],"about":[{"href":"https:\/\/www.europesays.com\/fr\/wp-json\/wp\/v2\/types\/post"}],"author":[{"embeddable":true,"href":"https:\/\/www.europesays.com\/fr\/wp-json\/wp\/v2\/users\/2"}],"replies":[{"embeddable":true,"href":"https:\/\/www.europesays.com\/fr\/wp-json\/wp\/v2\/comments?post=327186"}],"version-history":[{"count":0,"href":"https:\/\/www.europesays.com\/fr\/wp-json\/wp\/v2\/posts\/327186\/revisions"}],"wp:featuredmedia":[{"embeddable":true,"href":"https:\/\/www.europesays.com\/fr\/wp-json\/wp\/v2\/media\/327187"}],"wp:attachment":[{"href":"https:\/\/www.europesays.com\/fr\/wp-json\/wp\/v2\/media?parent=327186"}],"wp:term":[{"taxonomy":"category","embeddable":true,"href":"https:\/\/www.europesays.com\/fr\/wp-json\/wp\/v2\/categories?post=327186"},{"taxonomy":"post_tag","embeddable":true,"href":"https:\/\/www.europesays.com\/fr\/wp-json\/wp\/v2\/tags?post=327186"}],"curies":[{"name":"wp","href":"https:\/\/api.w.org\/{rel}","templated":true}]}}