{"id":327188,"date":"2025-08-18T14:15:13","date_gmt":"2025-08-18T14:15:13","guid":{"rendered":"https:\/\/www.europesays.com\/fr\/327188\/"},"modified":"2025-08-18T14:15:13","modified_gmt":"2025-08-18T14:15:13","slug":"bischheim-comment-une-zone-revegetalisee-au-bord-du-canal-va-pouvoir-sauver-des-herissons-et-pas-que","status":"publish","type":"post","link":"https:\/\/www.europesays.com\/fr\/327188\/","title":{"rendered":"Bischheim. Comment une zone rev\u00e9g\u00e9talis\u00e9e au bord du canal va pouvoir sauver des h\u00e9rissons (et pas que)"},"content":{"rendered":"<p>Imaginez un h\u00e9risson perdu dans Bischheim. Avec le parc Longchamps, il \u00ab\u00a0peut rejoindre facilement le canal \u00e0 proximit\u00e9 et \u00eatre prot\u00e9g\u00e9\u00a0\u00bb, explique Corentin Calvez, charg\u00e9 de mission \u00ab\u00a0trame verte et bleue\u00a0\u00bb pour <a href=\"https:\/\/www.dna.fr\/economie\/2025\/06\/23\/stocamine-alsace-nature-fait-appel-de-la-decision-du-tribunal-administratif\" target=\"_blank\" rel=\"noopener\">Alsace Nature<\/a>. C\u2019est pour faciliter le mouvement des esp\u00e8ces animales et offrir un espace vert aux habitants qu\u2019a \u00e9t\u00e9 am\u00e9nag\u00e9 ce parc, situ\u00e9 au sud-est de la ville, en contrebas du pont de la Zorn.<\/p>\n<p>\u00c0 l\u2019origine, cette vaste pelouse de 7500 m\u00b2 appartenait aux deux tiers \u00e0 la ville de Bischheim, rappelle l\u2019adjointe en charge du d\u00e9veloppement durable, Nadia Mohib Mischler, qui pilote l\u2019op\u00e9ration. Propri\u00e9taire du dernier tiers, l\u2019Eurom\u00e9tropole de Strasbourg y&#8230;<\/p>\n","protected":false},"excerpt":{"rendered":"Imaginez un h\u00e9risson perdu dans Bischheim. Avec le parc Longchamps, il \u00ab\u00a0peut rejoindre facilement le canal \u00e0 proximit\u00e9&hellip;\n","protected":false},"author":2,"featured_media":327189,"comment_status":"","ping_status":"","sticky":false,"template":"","format":"standard","meta":{"footnotes":""},"categories":[2820],"tags":[1111,11,2389,2649,13205,2880,436,1777,674,107,1011,27,775,9588,12,25,12817,640,3265],"class_list":{"0":"post-327188","1":"post","2":"type-post","3":"status-publish","4":"format-standard","5":"has-post-thumbnail","7":"category-strasbourg","8":"tag-actu","9":"tag-actualites","10":"tag-alsace","11":"tag-bas-rhin","12":"tag-bischheim","13":"tag-edition-strasbourg","14":"tag-environnement","15":"tag-eu","16":"tag-europe","17":"tag-fil-info","18":"tag-fr","19":"tag-france","20":"tag-grand-est","21":"tag-ici-on-agit","22":"tag-news","23":"tag-republique-francaise","24":"tag-secheresse","25":"tag-strasbourg","26":"tag-strasbourg-nord"},"share_on_mastodon":{"url":"https:\/\/pubeurope.com\/@fr\/115050192818395501","error":""},"_links":{"self":[{"href":"https:\/\/www.europesays.com\/fr\/wp-json\/wp\/v2\/posts\/327188","targetHints":{"allow":["GET"]}}],"collection":[{"href":"https:\/\/www.europesays.com\/fr\/wp-json\/wp\/v2\/posts"}],"about":[{"href":"https:\/\/www.europesays.com\/fr\/wp-json\/wp\/v2\/types\/post"}],"author":[{"embeddable":true,"href":"https:\/\/www.europesays.com\/fr\/wp-json\/wp\/v2\/users\/2"}],"replies":[{"embeddable":true,"href":"https:\/\/www.europesays.com\/fr\/wp-json\/wp\/v2\/comments?post=327188"}],"version-history":[{"count":0,"href":"https:\/\/www.europesays.com\/fr\/wp-json\/wp\/v2\/posts\/327188\/revisions"}],"wp:featuredmedia":[{"embeddable":true,"href":"https:\/\/www.europesays.com\/fr\/wp-json\/wp\/v2\/media\/327189"}],"wp:attachment":[{"href":"https:\/\/www.europesays.com\/fr\/wp-json\/wp\/v2\/media?parent=327188"}],"wp:term":[{"taxonomy":"category","embeddable":true,"href":"https:\/\/www.europesays.com\/fr\/wp-json\/wp\/v2\/categories?post=327188"},{"taxonomy":"post_tag","embeddable":true,"href":"https:\/\/www.europesays.com\/fr\/wp-json\/wp\/v2\/tags?post=327188"}],"curies":[{"name":"wp","href":"https:\/\/api.w.org\/{rel}","templated":true}]}}