{"id":327190,"date":"2025-08-18T14:16:11","date_gmt":"2025-08-18T14:16:11","guid":{"rendered":"https:\/\/www.europesays.com\/fr\/327190\/"},"modified":"2025-08-18T14:16:11","modified_gmt":"2025-08-18T14:16:11","slug":"une-boutique-gourmande-unique-en-son-genre-va-bientot-ouvrir-en-centre-ville-de-strasbourg","status":"publish","type":"post","link":"https:\/\/www.europesays.com\/fr\/327190\/","title":{"rendered":"Une boutique gourmande unique en son genre va bient\u00f4t ouvrir en centre-ville de Strasbourg"},"content":{"rendered":"<p>            Par<br \/>\n        <strong><br \/>\n            <a href=\"https:\/\/actu.fr\/auteur\/ivan-capecchi\" title=\"Consulter tous les articles de Ivan CAPECCHI\" target=\"_blank\" rel=\"noopener\">Ivan CAPECCHI<\/a><br \/>\n        <\/strong><\/p>\n<p>        Publi\u00e9 le<\/p>\n<p>            18 ao\u00fbt 2025 \u00e0 16h11        <\/p>\n<p>D\u2019ici d\u00e9but octobre 2025, le <strong>7 quai des P\u00eacheurs<\/strong> \u00e0 <strong>Strasbourg<\/strong> accueillera une nouvelle <strong>boutique consacr\u00e9e aux produits et sp\u00e9cialit\u00e9s libanaises<\/strong>. Le projet est port\u00e9 par Sarah, cr\u00e9atrice de la plateforme levanthym.fr, et son associ\u00e9e Rina.<\/p>\n<p>Un lieu entre restauration et boutique<\/p>\n<p class=\" wall-content\">Le magasin sera organis\u00e9 en deux espaces.<\/p>\n<p class=\" wall-content\">D\u2019un c\u00f4t\u00e9, une <strong>partie restauration<\/strong> proposera des <strong>mana\u2019ich<\/strong>, ces galettes libanaises proches d\u2019une p\u00e2te \u00e0 pizza, qu\u2019il sera possible de garnir de <strong>zaatar<\/strong> ou de <strong>fromages traditionnels comme l\u2019akawi, le labn\u00e9 ou le kechek<\/strong>.\u00a0<\/p>\n<p class=\" wall-content\">De l\u2019autre, un<strong> espace boutique<\/strong> pr\u00e9sentera les produits artisanaux d\u00e9j\u00e0 vendus sur levanthym.fr : <strong>zaatar<\/strong> (m\u00e9lange de thym sauvage, sumac, s\u00e9same, huile d\u2019olive et sel), <strong>hydrolats<\/strong> (eaux de plantes parfum\u00e9es utilis\u00e9es en cuisine ou en p\u00e2tisserie), <strong>m\u00e9lasses<\/strong> (sirops \u00e9pais \u00e0 base de fruits) et <strong>tisanes<\/strong>.<\/p>\n<p>Une sp\u00e9cialit\u00e9 unique en Alsace<\/p>\n<p class=\" wall-content\">\u00c0 38 ans, Sarah est la seule en <a href=\"https:\/\/actu.fr\/tag\/alsace\" target=\"_blank\" rel=\"noopener\">Alsace<\/a> \u00e0 produire son propre zaatar, un m\u00e9lange embl\u00e9matique de la cuisine levantine.<\/p>\n<p class=\" wall-content\">Ses produits, \u00e9labor\u00e9s dans un atelier, ont d\u00e9j\u00e0 s\u00e9duit de grands chefs, dont ceux de la <strong>Villa Ren\u00e9 Lalique<\/strong> et du <a href=\"https:\/\/actu.fr\/grand-est\/strasbourg_67482\/nouveaute-dans-ce-restaurant-incontournable-de-strasbourg-voici-laquelle_61866423.html\" target=\"_blank\" rel=\"noopener\">restaurant Le Crocodile \u00e0 Strasbourg<\/a>.<\/p>\n<p>Votre r\u00e9gion, votre actu !<\/p>\n<p>Recevez chaque jour les infos qui comptent pour vous.<\/p>\n<p>\t<a href=\"https:\/\/actu.fr\/newsletter\" class=\"ac-btn ac-btn--corner ac-btn--medium ac-btn--blue800\" target=\"_blank\" rel=\"noopener\">S&rsquo;incrire<\/a><br \/>\nNouvelle \u00e9tape<\/p>\n<p class=\" wall-content\">Apr\u00e8s plusieurs ann\u00e9es de ventes en ligne et de participation au <a href=\"https:\/\/actu.fr\/grand-est\/strasbourg_67482\/strasbourg-les-dates-du-marche-de-noel-2025-sont-connues_62710676.html\" target=\"_blank\" rel=\"noopener\">march\u00e9 de No\u00ebl<\/a>, elle franchit une nouvelle \u00e9tape avec l\u2019ouverture de cette boutique.<\/p>\n<p class=\" wall-content\">L\u2019objectif : permettre aux clients de <strong>d\u00e9couvrir et d\u00e9guster sur place les produits avant de les emporter chez eux<\/strong>.<\/p>\n<p class=\" wall-content\">Personnalisez votre actualit\u00e9 en ajoutant vos villes et m\u00e9dias en favori avec <a href=\"https:\/\/moncompte.actu.fr\" title=\"D\u00e9couvez Mon Actu\" rel=\"nofollow noopener\" data-trk=\"{&quot;cta&quot;:{&quot;action&quot;:&quot;https:\\\/\\\/moncompte.actu.fr&quot;,&quot;category&quot;:&quot;mon compte&quot;,&quot;from&quot;:&quot;article footer&quot;,&quot;name&quot;:&quot;Mon actu&quot;,&quot;type&quot;:&quot;cta&quot;}}\" target=\"_blank\">Mon Actu<\/a>.<\/p>\n","protected":false},"excerpt":{"rendered":"Par Ivan CAPECCHI Publi\u00e9 le 18 ao\u00fbt 2025 \u00e0 16h11 D\u2019ici d\u00e9but octobre 2025, le 7 quai des&hellip;\n","protected":false},"author":2,"featured_media":327191,"comment_status":"","ping_status":"","sticky":false,"template":"","format":"standard","meta":{"footnotes":""},"categories":[2820],"tags":[1111,11,258,215,1777,674,1011,27,775,1652,12,25,640],"class_list":{"0":"post-327190","1":"post","2":"type-post","3":"status-publish","4":"format-standard","5":"has-post-thumbnail","7":"category-strasbourg","8":"tag-actu","9":"tag-actualites","10":"tag-alimentation","11":"tag-commerce","12":"tag-eu","13":"tag-europe","14":"tag-fr","15":"tag-france","16":"tag-grand-est","17":"tag-loisirs-culture","18":"tag-news","19":"tag-republique-francaise","20":"tag-strasbourg"},"share_on_mastodon":{"url":"https:\/\/pubeurope.com\/@fr\/115050196703643140","error":""},"_links":{"self":[{"href":"https:\/\/www.europesays.com\/fr\/wp-json\/wp\/v2\/posts\/327190","targetHints":{"allow":["GET"]}}],"collection":[{"href":"https:\/\/www.europesays.com\/fr\/wp-json\/wp\/v2\/posts"}],"about":[{"href":"https:\/\/www.europesays.com\/fr\/wp-json\/wp\/v2\/types\/post"}],"author":[{"embeddable":true,"href":"https:\/\/www.europesays.com\/fr\/wp-json\/wp\/v2\/users\/2"}],"replies":[{"embeddable":true,"href":"https:\/\/www.europesays.com\/fr\/wp-json\/wp\/v2\/comments?post=327190"}],"version-history":[{"count":0,"href":"https:\/\/www.europesays.com\/fr\/wp-json\/wp\/v2\/posts\/327190\/revisions"}],"wp:featuredmedia":[{"embeddable":true,"href":"https:\/\/www.europesays.com\/fr\/wp-json\/wp\/v2\/media\/327191"}],"wp:attachment":[{"href":"https:\/\/www.europesays.com\/fr\/wp-json\/wp\/v2\/media?parent=327190"}],"wp:term":[{"taxonomy":"category","embeddable":true,"href":"https:\/\/www.europesays.com\/fr\/wp-json\/wp\/v2\/categories?post=327190"},{"taxonomy":"post_tag","embeddable":true,"href":"https:\/\/www.europesays.com\/fr\/wp-json\/wp\/v2\/tags?post=327190"}],"curies":[{"name":"wp","href":"https:\/\/api.w.org\/{rel}","templated":true}]}}