{"id":327194,"date":"2025-08-18T14:18:21","date_gmt":"2025-08-18T14:18:21","guid":{"rendered":"https:\/\/www.europesays.com\/fr\/327194\/"},"modified":"2025-08-18T14:18:21","modified_gmt":"2025-08-18T14:18:21","slug":"nice-des-carrossiers-capables-dintervenir-sans-atelier-directement-sur-les-parkings-des-pros","status":"publish","type":"post","link":"https:\/\/www.europesays.com\/fr\/327194\/","title":{"rendered":"NICE : Des carrossiers capables d\u2019intervenir sans atelier, directement sur les parkings des pros"},"content":{"rendered":"<p><strong>Horm\u00e9 Carrosserie Mobile s\u2019implante \u00e0 Nice et renforce son leadership dans la carrosserie \u00e0 domicile pour les professionnels de l\u2019automobile.<\/strong><\/p>\n<p>Alors que les acteurs de l\u2019apr\u00e8s-vente automobile cherchent \u00e0 r\u00e9duire les d\u00e9lais d\u2019immobilisation des v\u00e9hicules et \u00e0 optimiser leurs co\u00fbts de remise en \u00e9tat, un nouveau mod\u00e8le gagne du terrain : l\u2019atelier qui se d\u00e9place jusqu\u2019au client.<\/p>\n<p>Face \u00e0 l\u2019accroissement du volume de v\u00e9hicules \u00e0 traiter, notamment dans les flottes professionnelles et le march\u00e9 VO, la capacit\u00e9 \u00e0 intervenir rapidement, sans logistique lourde, devient un crit\u00e8re strat\u00e9gique. Cette mutation silencieuse du secteur place la mobilit\u00e9 au c\u0153ur des attentes, dans un contexte o\u00f9 les contraintes op\u00e9rationnelles p\u00e8sent de plus en plus sur les carrossiers, les concessionnaires et les gestionnaires de parc.<\/p>\n<p><strong>C\u2019est pr\u00e9cis\u00e9ment sur ce cr\u00e9neau qu\u2019Horm\u00e9 Carrosserie Mobile s\u2019impose comme un acteur singulier.<\/strong><\/p>\n<p>Depuis 2016, cette entreprise bas\u00e9e en r\u00e9gion PACA d\u00e9veloppe un concept de carrosserie mobile ultra-\u00e9quip\u00e9e, capable de r\u00e9aliser des interventions techniques directement sur site. Apr\u00e8s avoir consolid\u00e9 sa pr\u00e9sence dans les Bouches-du-Rh\u00f4ne, le Var et le Vaucluse, elle s\u2019installe d\u00e9sormais durablement \u00e0 Nice avec deux unit\u00e9s d\u00e9di\u00e9es.<\/p>\n<p><strong>L\u2019objectif : <\/strong>r\u00e9pondre \u00e0 une demande croissante dans les Alpes-Maritimes, tant du c\u00f4t\u00e9 des professionnels que des particuliers, et proposer un service de carrosserie \u00e0 domicile et de r\u00e9usinage des jantes diamant\u00e9es \u00e0 l\u2019aide de tours num\u00e9riques embarqu\u00e9s, une sp\u00e9cialit\u00e9 encore in\u00e9dite dans ce format.<\/p>\n<p><strong>Implantation strat\u00e9gique dans les Alpes-Maritimes : une r\u00e9ponse directe \u00e0 la demande locale<\/strong><\/p>\n<p>Ce n\u2019est ni une franchise, ni une simple zone de livraison. C\u2019est une implantation op\u00e9rationnelle, pens\u00e9e pour durer. Pour r\u00e9pondre \u00e0 l\u2019essor de la demande dans le 06, Horm\u00e9 Carrosserie Mobile d\u00e9ploie deux v\u00e9hicules-atelier dans le d\u00e9partement. Une \u00e9volution naturelle selon Jonathan Enzer, fondateur :<\/p>\n<p>\u00ab Nous sommes de plus en plus pr\u00e9sents dans le 06 uniquement gr\u00e2ce au bouche-\u00e0-oreille. Nous avons donc d\u00e9cid\u00e9 d\u2019y proposer nos services sur place gr\u00e2ce \u00e0 l\u2019implantation de deux v\u00e9hicules ateliers d\u00e9di\u00e9s au secteur \u00bb.<\/p>\n<p>Nice, Antibes, Cannes, Grasse\u2026 la couverture de l\u2019entreprise s\u2019\u00e9largit, avec une logistique locale taill\u00e9e pour la r\u00e9activit\u00e9. Cette implantation vient consolider un r\u00e9seau d\u00e9j\u00e0 actif dans les Bouches-du-Rh\u00f4ne, le Var et le Vaucluse.<\/p>\n<p><strong>Un service con\u00e7u pour les professionnels de l\u2019automobile\u2026 et pl\u00e9biscit\u00e9 par eux<\/strong><\/p>\n<p>Horm\u00e9 Carrosserie Mobile est n\u00e9e d\u2019un constat simple : la r\u00e9paration automobile ne r\u00e9pondait plus aux contraintes de temps, de volume et de logistique des professionnels du secteur.<\/p>\n<p>En proposant un atelier mobile capable d\u2019intervenir sur site, l\u2019entreprise a rapidement s\u00e9duit une client\u00e8le vari\u00e9e : concessionnaires, revendeurs VO, gestionnaires de flotte, carrossiers sous-traitants, loueurs courte dur\u00e9e. L\u2019offre s\u00e9duit aussi de plus en plus de particuliers, notamment pour des v\u00e9hicules en fin de leasing ou avant restitution.<\/p>\n<p>L\u2019atout diff\u00e9renciant r\u00e9side dans l\u2019expertise terrain et l\u2019autonomie compl\u00e8te des unit\u00e9s mobiles. Chaque v\u00e9hicule-atelier dispose des \u00e9quipements n\u00e9cessaires pour r\u00e9aliser des interventions de carrosserie l\u00e9g\u00e8re \u00e0 moyenne, directement sur place. Les d\u00e9lais d\u2019intervention sont courts, g\u00e9n\u00e9ralement compris entre\u00a0<strong>24 et 48 heures<\/strong>, avec une capacit\u00e9 de traitement pouvant atteindre\u00a0<strong>six v\u00e9hicules par jour<\/strong>. Ce mod\u00e8le permet \u00e0 la soci\u00e9t\u00e9 de r\u00e9pondre \u00e0 la demande de gros faiseurs ayant plus de\u00a0<strong>200 v\u00e9hicules \u00e0 traiter par mois<\/strong>.<\/p>\n<p><strong>Une technicit\u00e9 ma\u00eetris\u00e9e, des jantes aux pare-chocs<\/strong><\/p>\n<p>Horm\u00e9 Carrosserie Mobile ne se limite pas \u00e0 la r\u00e9paration classique. L\u2019entreprise propose \u00e9galement un service de r\u00e9usinage des jantes diamant\u00e9es \u00e0 domicile, \u00e0 l\u2019aide de tours num\u00e9riques embarqu\u00e9s dans ses unit\u00e9s mobiles. Cette sp\u00e9cialisation technique, unique sur le march\u00e9, s\u2019adresse aussi bien aux concessionnaires, aux carrossiers eux-m\u00eames ainsi qu\u2019aux flottes d\u2019entreprises ou aux loueurs.<\/p>\n<p>La technicit\u00e9 de l\u2019\u00e9quipe s\u2019illustre \u00e9galement dans les interventions sur les zones basses des v\u00e9hicules : bas de caisse, passages de roues, pare-chocs fissur\u00e9s ou d\u00e9form\u00e9s. Gr\u00e2ce \u00e0 des \u00e9quipements professionnels comme les tire-clous ou les syst\u00e8mes de redressage sans d\u00e9montage, les r\u00e9parations sont pr\u00e9cises, rapides et esth\u00e9tiquement soign\u00e9es.<\/p>\n<p><strong>Un mod\u00e8le qui monte en puissance, sans perdre son \u00e2me<\/strong><\/p>\n<p>Avec aujourd\u2019hui\u00a0<strong>15 collaborateurs<\/strong>, l\u2019entreprise structure sa croissance en privil\u00e9giant la promotion interne et l\u2019autonomie locale. Deux postes de responsables de secteur ont \u00e9t\u00e9 r\u00e9cemment cr\u00e9\u00e9s pour renforcer l\u2019ancrage op\u00e9rationnel sur chaque d\u00e9partement couvert. Cette organisation assure un contact direct avec les clients, sans interm\u00e9diaires ni centralisation lourde.<\/p>\n<p>La structuration permet aussi de g\u00e9rer les urgences. Jonathan Enzer se souvient :\u00a0\u00ab On nous a d\u00e9j\u00e0 appel\u00e9s pour nous demander de remettre en \u00e9tat 80 v\u00e9hicules en 10 jours. Mission accomplie, tout en servant nos clients habituels ! \u00bb<\/p>\n<p>Cette capacit\u00e9 \u00e0 absorber de gros volumes tout en maintenant la qualit\u00e9 d\u2019intervention t\u00e9moigne de la maturit\u00e9 du mod\u00e8le.<\/p>\n<p><strong>Des valeurs humaines au c\u0153ur du fonctionnement<\/strong><\/p>\n<p>Horm\u00e9 Carrosserie Mobile ne se d\u00e9finit pas seulement par ses prestations. Chaque ann\u00e9e, un voyage de quatre jours est organis\u00e9 pour toute l\u2019\u00e9quipe, dans une logique de coh\u00e9sion et de reconnaissance. L\u2019entreprise reverse \u00e9galement, chaque mois, un don de\u00a0<strong>50 \u20ac<\/strong>\u00a0par salari\u00e9 \u00e0 une association choisie par chacun. Cette culture d\u2019entreprise se refl\u00e8te dans la stabilit\u00e9 des \u00e9quipes et la motivation collective autour du projet.<\/p>\n<p><strong>Vers de nouveaux territoires : Rh\u00f4ne-Alpes en ligne de mire<\/strong><\/p>\n<p>L\u2019implantation \u00e0 Nice n\u2019est pas un point final mais une \u00e9tape. L\u2019objectif annonc\u00e9 est d\u2019\u00e9tendre le mod\u00e8le vers d\u2019autres r\u00e9gions, \u00e0 commencer par le Rh\u00f4ne-Alpes, o\u00f9 des recrutements sont d\u00e9j\u00e0 envisag\u00e9s. Le mod\u00e8le d\u2019Horm\u00e9 Carrosserie Mobile, \u00e0 la fois flexible, technique et structur\u00e9, s\u2019adapte parfaitement aux sp\u00e9cificit\u00e9s locales et pourrait, \u00e0 terme, s\u2019implanter dans d\u2019autres m\u00e9tropoles fran\u00e7aises.<\/p>\n<p>Dans un secteur automobile confront\u00e9 \u00e0 des exigences de rentabilit\u00e9, de rapidit\u00e9 et de r\u00e9duction des immobilisations, le service mobile s\u2019impose comme une r\u00e9ponse concr\u00e8te, pragmatique et durable.<\/p>\n<p><strong>Un fondateur aux racines entrepreneuriales assum\u00e9es<\/strong><\/p>\n<p>Jonathan Enzer est un entrepreneur n\u00e9. Apr\u00e8s plusieurs petits boulots (baby-sitting, logistique, sondage, professeur particulier, les march\u00e9s, etc.), il int\u00e8gre le service financier d\u2019une entreprise h\u00f4teli\u00e8re. Mais l\u2019envie de voler de ses propres ailes est plus forte et, 4 mois plus tard, il cr\u00e9e sa premi\u00e8re soci\u00e9t\u00e9 : Fraich\u2019Market, un service de livraison de produits en circuits courts. Mais ce projet, passionnant et enrichissant, ne lui permet pas de mener une vie paisible.<\/p>\n<p>Alors en 2016, il d\u00e9cide de lancer son activit\u00e9 de carrossier et se d\u00e9couvre une v\u00e9ritable vocation.<\/p>\n<p>\u00ab J\u2019ai tout de suite aim\u00e9 ce beau m\u00e9tier, en particulier pour sa dimension artistique. C\u2019est tr\u00e8s gratifiant de pouvoir admirer imm\u00e9diatement le r\u00e9sultat esth\u00e9tique du travail que l\u2019on vient de r\u00e9aliser ! \u00bb.<\/p>\n<p>Aujourd\u2019hui, Horm\u00e9 Carrosserie est en pleine croissance et recrute en permanence de nouveaux talents.<\/p>\n<p><strong>\u00c0 propos de Horm\u00e9 Carrosserie Mobile<\/strong><\/p>\n<p>Cr\u00e9\u00e9e en 2016 par Jonathan Enzer, Horm\u00e9 Carrosserie Mobile est une entreprise de carrosserie mobile sp\u00e9cialis\u00e9e dans la r\u00e9paration sur site de carrosserie l\u00e9g\u00e8re \u00e0 moyenne et dans le r\u00e9usinage de jantes diamant\u00e9es \u00e0 l\u2019aide de tours num\u00e9riques. Bas\u00e9e en r\u00e9gion PACA, l\u2019entreprise couvre aujourd\u2019hui les d\u00e9partements 13, 83, 84 et 06, et compte 15 collaborateurs. Elle intervient pour les professionnels de l\u2019automobile (concessionnaires, loueurs, gestionnaires de flottes, carrossiers ind\u00e9pendants) ainsi que pour les particuliers.<\/p>\n<p><strong>En savoir plus<\/strong><br \/><a href=\"https:\/\/www.relations-publiques.pro\/wp-content\/uploads\/pros\/20240311142211-p3-document-lkhl.pdf\" target=\"_blank\" rel=\"noopener nofollow\" data-saferedirecturl=\"https:\/\/www.google.com\/url?q=https:\/\/www.relations-publiques.pro\/wp-content\/uploads\/pros\/20240311142211-p3-document-lkhl.pdf&amp;source=gmail&amp;ust=1755605277860000&amp;usg=AOvVaw1t4Et8ExZ8-lPEO4lN7Rzz\">Pr\u00e9sentation<\/a>\u00a0|\u00a0<a href=\"https:\/\/horme-carrosserie.fr\/\" target=\"_blank\" rel=\"noopener nofollow\" data-saferedirecturl=\"https:\/\/www.google.com\/url?q=https:\/\/horme-carrosserie.fr\/&amp;source=gmail&amp;ust=1755605277860000&amp;usg=AOvVaw2Y2T0Wcl_kOIE_mph5Paum\">Site web<\/a>\u00a0|\u00a0<a href=\"https:\/\/www.youtube.com\/channel\/UCx2qvTGL1X7dCzEfB0WcDGA\" target=\"_blank\" rel=\"noopener nofollow\" data-saferedirecturl=\"https:\/\/www.google.com\/url?q=https:\/\/www.youtube.com\/channel\/UCx2qvTGL1X7dCzEfB0WcDGA&amp;source=gmail&amp;ust=1755605277860000&amp;usg=AOvVaw22pGn16rCVZlu825P24knU\">YouTube<\/a>\u00a0|\u00a0<a href=\"https:\/\/www.facebook.com\/hormecarrosseriemobile\" target=\"_blank\" rel=\"noopener nofollow\" data-saferedirecturl=\"https:\/\/www.google.com\/url?q=https:\/\/www.facebook.com\/hormecarrosseriemobile&amp;source=gmail&amp;ust=1755605277860000&amp;usg=AOvVaw0QIhNq6F5hc9Fe9haOJXkr\">Facebook<\/a>\u00a0|\u00a0<a href=\"https:\/\/www.instagram.com\/hormecarrosserie\/\" target=\"_blank\" rel=\"noopener nofollow\" data-saferedirecturl=\"https:\/\/www.google.com\/url?q=https:\/\/www.instagram.com\/hormecarrosserie\/&amp;source=gmail&amp;ust=1755605277860000&amp;usg=AOvVaw0-vDWwa2yzfH4deYPvfJko\">Instagram<\/a>\u00a0|\u00a0<a href=\"https:\/\/www.linkedin.com\/company\/88956302\" target=\"_blank\" rel=\"noopener nofollow\" data-saferedirecturl=\"https:\/\/www.google.com\/url?q=https:\/\/www.linkedin.com\/company\/88956302&amp;source=gmail&amp;ust=1755605277860000&amp;usg=AOvVaw239tTc0JZZOKBfAmioXIKU\">LinkedIn<\/a><\/p>\n<p><script async src=\"\/\/www.instagram.com\/embed.js\"><\/script><\/p>\n","protected":false},"excerpt":{"rendered":"Horm\u00e9 Carrosserie Mobile s\u2019implante \u00e0 Nice et renforce son leadership dans la carrosserie \u00e0 domicile pour les professionnels&hellip;\n","protected":false},"author":2,"featured_media":327195,"comment_status":"","ping_status":"","sticky":false,"template":"","format":"standard","meta":{"footnotes":""},"categories":[2819],"tags":[1111,11,1777,674,1011,27,12,2401,882,25],"class_list":{"0":"post-327194","1":"post","2":"type-post","3":"status-publish","4":"format-standard","5":"has-post-thumbnail","7":"category-nice","8":"tag-actu","9":"tag-actualites","10":"tag-eu","11":"tag-europe","12":"tag-fr","13":"tag-france","14":"tag-news","15":"tag-nice","16":"tag-provence-alpes-cote-dazur","17":"tag-republique-francaise"},"share_on_mastodon":{"url":"https:\/\/pubeurope.com\/@fr\/115050204612314325","error":""},"_links":{"self":[{"href":"https:\/\/www.europesays.com\/fr\/wp-json\/wp\/v2\/posts\/327194","targetHints":{"allow":["GET"]}}],"collection":[{"href":"https:\/\/www.europesays.com\/fr\/wp-json\/wp\/v2\/posts"}],"about":[{"href":"https:\/\/www.europesays.com\/fr\/wp-json\/wp\/v2\/types\/post"}],"author":[{"embeddable":true,"href":"https:\/\/www.europesays.com\/fr\/wp-json\/wp\/v2\/users\/2"}],"replies":[{"embeddable":true,"href":"https:\/\/www.europesays.com\/fr\/wp-json\/wp\/v2\/comments?post=327194"}],"version-history":[{"count":0,"href":"https:\/\/www.europesays.com\/fr\/wp-json\/wp\/v2\/posts\/327194\/revisions"}],"wp:featuredmedia":[{"embeddable":true,"href":"https:\/\/www.europesays.com\/fr\/wp-json\/wp\/v2\/media\/327195"}],"wp:attachment":[{"href":"https:\/\/www.europesays.com\/fr\/wp-json\/wp\/v2\/media?parent=327194"}],"wp:term":[{"taxonomy":"category","embeddable":true,"href":"https:\/\/www.europesays.com\/fr\/wp-json\/wp\/v2\/categories?post=327194"},{"taxonomy":"post_tag","embeddable":true,"href":"https:\/\/www.europesays.com\/fr\/wp-json\/wp\/v2\/tags?post=327194"}],"curies":[{"name":"wp","href":"https:\/\/api.w.org\/{rel}","templated":true}]}}