{"id":327198,"date":"2025-08-18T14:20:20","date_gmt":"2025-08-18T14:20:20","guid":{"rendered":"https:\/\/www.europesays.com\/fr\/327198\/"},"modified":"2025-08-18T14:20:20","modified_gmt":"2025-08-18T14:20:20","slug":"deux-jeunes-partent-sans-payer-dun-restaurant-du-centre-ville-un-employe-menace-au-cutter","status":"publish","type":"post","link":"https:\/\/www.europesays.com\/fr\/327198\/","title":{"rendered":"deux jeunes partent sans payer d&rsquo;un restaurant du centre-ville, un employ\u00e9 menac\u00e9 au cutter"},"content":{"rendered":"<p>            Par<br \/>\n        <strong><br \/>\n            <a href=\"https:\/\/actu.fr\/auteur\/emma-derome\" title=\"Consulter tous les articles de Emma Derome\" rel=\"nofollow noopener\" target=\"_blank\">Emma Derome<\/a><br \/>\n        <\/strong><\/p>\n<p>        Publi\u00e9 le<\/p>\n<p>            18 ao\u00fbt 2025 \u00e0 12h32        <\/p>\n<p>C\u2019est un dimanche soir qui a mal tourn\u00e9. Deux jeunes hommes compl\u00e8tement ivres ont \u00e9t\u00e9 arr\u00eat\u00e9s par la police, ce 17\u00a0ao\u00fbt, \u00e0 20\u2009h\u200915. Ils tentaient de <strong>partir sans payer<\/strong> d\u2019un restaurant du centre-ville de Nantes o\u00f9 ils avaient command\u00e9 de multiples bouteilles de vin.<\/p>\n<p class=\" wall-content\">Les faits se sont d\u00e9roul\u00e9s au Maria, un \u00e9tablissement \u00e9l\u00e9gant donnant sur <a href=\"https:\/\/actu.fr\/pays-de-la-loire\/nantes_44109\/il-a-connu-les-flammes-et-la-gloire-connaissez-vous-l-histoire-du-theatre-graslin-de-nantes_63025850.html\" rel=\"nofollow noopener\" target=\"_blank\">la place Graslin<\/a>. <strong>Les deux jeunes de 25 et 18\u00a0ans<\/strong> ont command\u00e9 \u00ab\u2009une, puis deux, puis trois\u2026\u2009\u00bb bouteilles de vin, selon une source polici\u00e8re. Mais quand est venu le moment de payer, ils se sont rebiff\u00e9s et ont voulu partir sans r\u00e9gler la note.<\/p>\n<p>Interpell\u00e9s avec 2 grammes d\u2019alcool dans le sang<\/p>\n<p class=\" wall-content\">Le ma\u00eetre d\u2019h\u00f4tel a alors pr\u00e9venu la police, tout en tentant de retenir les individus. Ce faisant, l\u2019un des deux a, selon lui, <strong>exhib\u00e9 un cutter<\/strong>. Mais ce dernier a finalement \u00e9t\u00e9 interpell\u00e9 un peu plus loin, boulevard Jean Philippot, par les forces de l\u2019ordre.<\/p>\n<p class=\" wall-content\">La fratrie a \u00e9t\u00e9 plac\u00e9e en garde \u00e0 vue et sera entendue apr\u00e8s un passage en d\u00e9grisement. Les deux fr\u00e8res ont en effet \u00e9t\u00e9 contr\u00f4l\u00e9s avec au moins 2 grammes d\u2019alcool par litre de sang chacun. L\u2019employ\u00e9 du restaurant a pr\u00e9vu de d\u00e9poser plainte.<\/p>\n<p class=\" wall-content\">Personnalisez votre actualit\u00e9 en ajoutant vos villes et m\u00e9dias en favori avec <a href=\"https:\/\/moncompte.actu.fr\" title=\"D\u00e9couvez Mon Actu\" rel=\"nofollow noopener\" data-trk=\"{&quot;cta&quot;:{&quot;action&quot;:&quot;https:\\\/\\\/moncompte.actu.fr&quot;,&quot;category&quot;:&quot;mon compte&quot;,&quot;from&quot;:&quot;article footer&quot;,&quot;name&quot;:&quot;Mon actu&quot;,&quot;type&quot;:&quot;cta&quot;}}\" target=\"_blank\">Mon Actu<\/a>.<\/p>\n","protected":false},"excerpt":{"rendered":"Par Emma Derome Publi\u00e9 le 18 ao\u00fbt 2025 \u00e0 12h32 C\u2019est un dimanche soir qui a mal tourn\u00e9.&hellip;\n","protected":false},"author":2,"featured_media":327199,"comment_status":"","ping_status":"","sticky":false,"template":"","format":"standard","meta":{"footnotes":""},"categories":[2818],"tags":[1111,11,1777,674,118,1011,27,766,12,2636,1072,25,1340],"class_list":{"0":"post-327198","1":"post","2":"type-post","3":"status-publish","4":"format-standard","5":"has-post-thumbnail","7":"category-nantes","8":"tag-actu","9":"tag-actualites","10":"tag-eu","11":"tag-europe","12":"tag-faits-divers","13":"tag-fr","14":"tag-france","15":"tag-nantes","16":"tag-news","17":"tag-pays-de-la-loire","18":"tag-police","19":"tag-republique-francaise","20":"tag-restaurant"},"share_on_mastodon":{"url":"https:\/\/pubeurope.com\/@fr\/115050212449356847","error":""},"_links":{"self":[{"href":"https:\/\/www.europesays.com\/fr\/wp-json\/wp\/v2\/posts\/327198","targetHints":{"allow":["GET"]}}],"collection":[{"href":"https:\/\/www.europesays.com\/fr\/wp-json\/wp\/v2\/posts"}],"about":[{"href":"https:\/\/www.europesays.com\/fr\/wp-json\/wp\/v2\/types\/post"}],"author":[{"embeddable":true,"href":"https:\/\/www.europesays.com\/fr\/wp-json\/wp\/v2\/users\/2"}],"replies":[{"embeddable":true,"href":"https:\/\/www.europesays.com\/fr\/wp-json\/wp\/v2\/comments?post=327198"}],"version-history":[{"count":0,"href":"https:\/\/www.europesays.com\/fr\/wp-json\/wp\/v2\/posts\/327198\/revisions"}],"wp:featuredmedia":[{"embeddable":true,"href":"https:\/\/www.europesays.com\/fr\/wp-json\/wp\/v2\/media\/327199"}],"wp:attachment":[{"href":"https:\/\/www.europesays.com\/fr\/wp-json\/wp\/v2\/media?parent=327198"}],"wp:term":[{"taxonomy":"category","embeddable":true,"href":"https:\/\/www.europesays.com\/fr\/wp-json\/wp\/v2\/categories?post=327198"},{"taxonomy":"post_tag","embeddable":true,"href":"https:\/\/www.europesays.com\/fr\/wp-json\/wp\/v2\/tags?post=327198"}],"curies":[{"name":"wp","href":"https:\/\/api.w.org\/{rel}","templated":true}]}}