{"id":327200,"date":"2025-08-18T14:21:10","date_gmt":"2025-08-18T14:21:10","guid":{"rendered":"https:\/\/www.europesays.com\/fr\/327200\/"},"modified":"2025-08-18T14:21:10","modified_gmt":"2025-08-18T14:21:10","slug":"a-bordeaux-la-police-ouvre-une-enquete-suite-a-des-tirs-de-kalachnikov-en-pleine-nuit","status":"publish","type":"post","link":"https:\/\/www.europesays.com\/fr\/327200\/","title":{"rendered":"\u00c0 Bordeaux, la police ouvre une enqu\u00eate suite \u00e0 des tirs de kalachnikov en pleine nuit"},"content":{"rendered":"<p>            Par<br \/>\n        <strong><br \/>\n            <a href=\"https:\/\/actu.fr\/auteur\/charlotte-lesprit\" title=\"Consulter tous les articles de Charlotte Lesprit\" rel=\"nofollow noopener\" target=\"_blank\">Charlotte Lesprit<\/a><br \/>\n        <\/strong><\/p>\n<p>        Publi\u00e9 le<\/p>\n<p>            18 ao\u00fbt 2025 \u00e0 16h14        <\/p>\n<p>Dans la nuit du samedi\u00a016 au dimanche 17\u00a0ao\u00fbt, vers <strong>2\u00a0heures du matin<\/strong>, des tirs \u00e0 la kalachnikov ont eu lieu dans le <a href=\"https:\/\/actu.fr\/nouvelle-aquitaine\/bordeaux_33063\/ils-nous-ont-tires-comme-des-lapins-le-proces-du-meurtre-de-lionel-tue-aux-aubiers-s-ouvre-a-bordeaux_62595375.html\" rel=\"nofollow noopener\" target=\"_blank\">quartier des Aubiers<\/a>, au niveau du cours portant le m\u00eame nom, au nord de Bordeaux, ne faisant aucun bless\u00e9.<\/p>\n<p class=\" wall-content\">L\u2019enqu\u00eate en cours a \u00e9t\u00e9 confi\u00e9e \u00e0 la Division de la criminalit\u00e9 organis\u00e9e et sp\u00e9cialis\u00e9e (DCOS) de la <a href=\"https:\/\/actu.fr\/tag\/police\" rel=\"nofollow noopener\" target=\"_blank\">police<\/a> nationale.<\/p>\n<p>Des cartouches en cours d\u2019analyses<\/p>\n<p class=\" wall-content\">Des cartouches de<strong> calibre 7,62\u00a0mm<\/strong>, utilis\u00e9es notamment dans des fusils d\u2019assaut de type kalachnikov, ont \u00e9t\u00e9 retrouv\u00e9es sur place et font l\u2019objet d\u2019analyses par la <strong>police scientifique<\/strong>. Quant aux motivations de la fusillade, elles restent encore incertaines\u2009: rivalit\u00e9 de quartier, conflit entre gangs ou litige personnel, plusieurs hypoth\u00e8ses pourraient \u00eatre \u00e0 l\u2019\u00e9tude.<\/p>\n<p class=\" wall-content\">Personnalisez votre actualit\u00e9 en ajoutant vos villes et m\u00e9dias en favori avec <a href=\"https:\/\/moncompte.actu.fr\" title=\"D\u00e9couvez Mon Actu\" rel=\"nofollow noopener\" data-trk=\"{&quot;cta&quot;:{&quot;action&quot;:&quot;https:\\\/\\\/moncompte.actu.fr&quot;,&quot;category&quot;:&quot;mon compte&quot;,&quot;from&quot;:&quot;article footer&quot;,&quot;name&quot;:&quot;Mon actu&quot;,&quot;type&quot;:&quot;cta&quot;}}\" target=\"_blank\">Mon Actu<\/a>.<\/p>\n","protected":false},"excerpt":{"rendered":"Par Charlotte Lesprit Publi\u00e9 le 18 ao\u00fbt 2025 \u00e0 16h14 Dans la nuit du samedi\u00a016 au dimanche 17\u00a0ao\u00fbt,&hellip;\n","protected":false},"author":2,"featured_media":327201,"comment_status":"","ping_status":"","sticky":false,"template":"","format":"standard","meta":{"footnotes":""},"categories":[2817],"tags":[1111,11,1997,1777,674,118,1011,27,12,2219,25,7501],"class_list":{"0":"post-327200","1":"post","2":"type-post","3":"status-publish","4":"format-standard","5":"has-post-thumbnail","7":"category-bordeaux","8":"tag-actu","9":"tag-actualites","10":"tag-bordeaux","11":"tag-eu","12":"tag-europe","13":"tag-faits-divers","14":"tag-fr","15":"tag-france","16":"tag-news","17":"tag-nouvelle-aquitaine","18":"tag-republique-francaise","19":"tag-violences-urbaines"},"share_on_mastodon":{"url":"https:\/\/pubeurope.com\/@fr\/115050216383020507","error":""},"_links":{"self":[{"href":"https:\/\/www.europesays.com\/fr\/wp-json\/wp\/v2\/posts\/327200","targetHints":{"allow":["GET"]}}],"collection":[{"href":"https:\/\/www.europesays.com\/fr\/wp-json\/wp\/v2\/posts"}],"about":[{"href":"https:\/\/www.europesays.com\/fr\/wp-json\/wp\/v2\/types\/post"}],"author":[{"embeddable":true,"href":"https:\/\/www.europesays.com\/fr\/wp-json\/wp\/v2\/users\/2"}],"replies":[{"embeddable":true,"href":"https:\/\/www.europesays.com\/fr\/wp-json\/wp\/v2\/comments?post=327200"}],"version-history":[{"count":0,"href":"https:\/\/www.europesays.com\/fr\/wp-json\/wp\/v2\/posts\/327200\/revisions"}],"wp:featuredmedia":[{"embeddable":true,"href":"https:\/\/www.europesays.com\/fr\/wp-json\/wp\/v2\/media\/327201"}],"wp:attachment":[{"href":"https:\/\/www.europesays.com\/fr\/wp-json\/wp\/v2\/media?parent=327200"}],"wp:term":[{"taxonomy":"category","embeddable":true,"href":"https:\/\/www.europesays.com\/fr\/wp-json\/wp\/v2\/categories?post=327200"},{"taxonomy":"post_tag","embeddable":true,"href":"https:\/\/www.europesays.com\/fr\/wp-json\/wp\/v2\/tags?post=327200"}],"curies":[{"name":"wp","href":"https:\/\/api.w.org\/{rel}","templated":true}]}}