{"id":327202,"date":"2025-08-18T14:22:11","date_gmt":"2025-08-18T14:22:11","guid":{"rendered":"https:\/\/www.europesays.com\/fr\/327202\/"},"modified":"2025-08-18T14:22:11","modified_gmt":"2025-08-18T14:22:11","slug":"saint-palais-le-maire-de-bordeaux-pierre-hurmic-en-visite-chez-lui-pour-presenter-son-roman","status":"publish","type":"post","link":"https:\/\/www.europesays.com\/fr\/327202\/","title":{"rendered":"Saint-Palais\u00a0: le maire de Bordeaux Pierre Hurmic en visite \u00ab\u00a0chez lui\u00a0\u00bb pour pr\u00e9senter son roman"},"content":{"rendered":"<p>    La r\u00e9daction vous conseille<\/p>\n<p>Ce n\u2019est pas une surprise pour les Amikuztar qui ont l\u2019habitude de le croiser de temps en temps, puisqu\u2019il est originaire de la cit\u00e9. \u00ab\u00a0Je suis n\u00e9 ici et j\u2019y ai v\u00e9cu mes ann\u00e9es de jeunesse, j\u2019y suis tr\u00e8s attach\u00e9\u00a0\u00bb, confirme Pierre Hurmic, qui ne cache pas non plus ses origines souletines\u00a0: \u00ab\u00a0Ma m\u00e8re est native de Sauguis, o\u00f9 j\u2019ai encore de la famille, et ma grand-m\u00e8re paternelle \u00e9tait originaire de Trois-Villes. Donc, j\u2019ai aussi de solides attaches en Haute Soule\u00a0\u00bb.<\/p>\n<p>Pour autant, pas de conflit de l\u00e9gitimit\u00e9 pour Pierre Hurmic qui aime dire\u00a0: \u00ab\u00a0Je suis bordelais tous les jours et basque pour toujours\u00a0!\u00a0\u00bb<\/p>\n<p>De ses origines basques, il a conserv\u00e9 un temp\u00e9rament d\u00e9termin\u00e9. \u00ab\u00a0Mes adversaires disent que je suis t\u00eatu, mais c\u2019est exag\u00e9r\u00e9\u00a0\u00bb, lance-t-il avec un grand sourire. Ce caract\u00e8re lui a quand m\u00eame permis de rester 25\u00a0ans dans l\u2019opposition municipale \u00e0 Bordeaux avant de d\u00e9crocher l\u2019\u00e9charpe de maire en 2020 apr\u00e8s\u2026 six tentatives\u00a0! Il faut dire qu\u2019il a souvent eu face \u00e0 lui un certain Alain Jupp\u00e9, ancien Premier ministre et bras droit de Jacques Chirac.<\/p>\n<p>Cette fid\u00e9lit\u00e9 se retrouve aussi dans ses id\u00e9es politiques\u00a0: vert il est, et vert il restera. \u00ab\u00a0Je suis \u00e9cologiste dans l\u2019\u00e2me et je crois aux id\u00e9es que je porte, souligne Pierre Hurmic. Et je crois aux paroles du grand scientifique Hubert Reeves qui disait\u00a0: l\u2019humanit\u00e9 est en guerre contre la Nature. Et si nous la gagnons, alors nous sommes perdus\u00a0\u00bb.<\/p>\n<p>\u00ab\u00a0L\u2019\u00e9cologie plus tard, c\u2019est l\u2019\u00e9cologie trop tard\u00a0\u00bb<\/p>\n<p>Pour autant, le maire de Bordeaux croit qu\u2019il est encore temps d\u2019\u00e9viter l\u2019\u00e9cologie punitive que certains brandissent comme une menace\u00a0: \u00ab\u00a0Comme je le dis souvent aux Bordelais, l\u2019\u00e9cologie plus tard, c\u2019est l\u2019\u00e9cologie trop tard. C\u2019est-\u00e0-dire que si on ne fait pas un effort de sobri\u00e9t\u00e9 d\u00e8s aujourd\u2019hui, c\u2019est l\u2019aust\u00e9rit\u00e9 qui nous attend plus tard\u00a0\u00bb.<\/p>\n<p>Alors, avec son \u00e9quipe municipale, il a multipli\u00e9 les espaces verts pour une question plus forte que l\u2019esth\u00e9tique, faire respirer sa ville et ses habitants. Il a aussi diminu\u00e9 la place de la voiture, une mesure qui, vu de zone rurale, peut sembler liberticide. \u00ab\u00a0C\u2019est un combat culturel et politique\u00a0! lance Pierre Hurmic. Promouvoir la sobri\u00e9t\u00e9, c\u2019est se passer de ce qui est superficiel. Les m\u00eames qui d\u00e9noncent l\u2019\u00e9cologie punitive seront oblig\u00e9s de l\u2019appliquer demain si rien n\u2019est fait maintenant\u00a0!\u00a0\u00bb<\/p>\n<p>Il refuse \u00e9galement l\u2019opposition entre urbains et ruraux et pr\u00e9f\u00e8re parler de leurs combats communs, comme peut l\u2019\u00eatre l\u2019opposition \u00e0 la LGV\u00a0: \u00ab\u00a0La ligne \u00e0 grande vitesse, c\u2019est le combat de ceux qui veulent relier les grandes villes toujours plus vite, alors que les territoires ruraux travers\u00e9s seront condamn\u00e9s \u00e0 regarder passer les trains\u00a0\u00bb.<\/p>\n<p>Pour en revenir \u00e0 son roman \u00ab\u00a0L\u2019affaire Savignac\u00a0\u00bb, il s\u2019agit d\u2019un r\u00e9cit fictif qui tourne autour de l\u2019enjeu climatique. \u00ab\u00a0J\u2019avais envie de faire passer mes id\u00e9es d\u2019une autre fa\u00e7on, plus ludique, et d\u2019amener les gens \u00e0 se poser des questions\u00a0\u00bb, explique Pierre Hurmic. Ils le feront \u00e0 travers l\u2019histoire de Pierre Savignac qui est convoqu\u00e9 par la justice pour des infractions p\u00e9nales qui n\u2019existent pas aujourd\u2019hui comme \u00ab\u00a0non assistance \u00e0 plan\u00e8te en danger\u00a0\u00bb ou \u00ab\u00a0atteinte grave et irr\u00e9versible \u00e0 la biodiversit\u00e9\u00a0\u00bb. Des infractions que l\u2019avocat Pierre Hurmic verrait bien dans le Code p\u00e9nal dans un futur proche\u00a0?<\/p>\n<p>    Une candidature \u00e0 Bordeaux en 2026\u00a0?<br \/>\nTr\u00e8s prolixe quand il s\u2019agit de parler politique ou engagement \u00e9cologiste, Pierre Hurmic l\u2019est moins quand il s\u2019agit d\u2019\u00e9voquer une nouvelle candidature aux municipales en mars prochain.<br \/>Alors, candidat ou pas\u00a0? \u00ab\u00a0Je ne me suis pas encore prononc\u00e9, mais je n\u2019ai pas envie que la campagne \u00e9lectorale commence trop t\u00f4t\u00a0\u00bb, consent \u00e0 dire l\u2019actuel maire de Bordeaux. Tout en rajoutant\u00a0: \u00ab\u00a0J\u2019aimerais que cette belle aventure collective et les projets que nous avons lanc\u00e9s se poursuivent. Avec ou sans moi\u2026\u00a0\u00bb<\/p>\n","protected":false},"excerpt":{"rendered":"La r\u00e9daction vous conseille Ce n\u2019est pas une surprise pour les Amikuztar qui ont l\u2019habitude de le croiser&hellip;\n","protected":false},"author":2,"featured_media":327203,"comment_status":"","ping_status":"","sticky":false,"template":"","format":"standard","meta":{"footnotes":""},"categories":[2817],"tags":[1111,11,1997,1777,674,1011,27,12,2219,25],"class_list":{"0":"post-327202","1":"post","2":"type-post","3":"status-publish","4":"format-standard","5":"has-post-thumbnail","7":"category-bordeaux","8":"tag-actu","9":"tag-actualites","10":"tag-bordeaux","11":"tag-eu","12":"tag-europe","13":"tag-fr","14":"tag-france","15":"tag-news","16":"tag-nouvelle-aquitaine","17":"tag-republique-francaise"},"share_on_mastodon":{"url":"https:\/\/pubeurope.com\/@fr\/115050220460575234","error":""},"_links":{"self":[{"href":"https:\/\/www.europesays.com\/fr\/wp-json\/wp\/v2\/posts\/327202","targetHints":{"allow":["GET"]}}],"collection":[{"href":"https:\/\/www.europesays.com\/fr\/wp-json\/wp\/v2\/posts"}],"about":[{"href":"https:\/\/www.europesays.com\/fr\/wp-json\/wp\/v2\/types\/post"}],"author":[{"embeddable":true,"href":"https:\/\/www.europesays.com\/fr\/wp-json\/wp\/v2\/users\/2"}],"replies":[{"embeddable":true,"href":"https:\/\/www.europesays.com\/fr\/wp-json\/wp\/v2\/comments?post=327202"}],"version-history":[{"count":0,"href":"https:\/\/www.europesays.com\/fr\/wp-json\/wp\/v2\/posts\/327202\/revisions"}],"wp:featuredmedia":[{"embeddable":true,"href":"https:\/\/www.europesays.com\/fr\/wp-json\/wp\/v2\/media\/327203"}],"wp:attachment":[{"href":"https:\/\/www.europesays.com\/fr\/wp-json\/wp\/v2\/media?parent=327202"}],"wp:term":[{"taxonomy":"category","embeddable":true,"href":"https:\/\/www.europesays.com\/fr\/wp-json\/wp\/v2\/categories?post=327202"},{"taxonomy":"post_tag","embeddable":true,"href":"https:\/\/www.europesays.com\/fr\/wp-json\/wp\/v2\/tags?post=327202"}],"curies":[{"name":"wp","href":"https:\/\/api.w.org\/{rel}","templated":true}]}}