{"id":327206,"date":"2025-08-18T14:24:14","date_gmt":"2025-08-18T14:24:14","guid":{"rendered":"https:\/\/www.europesays.com\/fr\/327206\/"},"modified":"2025-08-18T14:24:14","modified_gmt":"2025-08-18T14:24:14","slug":"larcheveque-de-toulouse-annule-la-promotion-du-pretre-condamne-pour-le-viol-dun-mineur-mundua","status":"publish","type":"post","link":"https:\/\/www.europesays.com\/fr\/327206\/","title":{"rendered":"L\u2019archev\u00eaque de Toulouse annule la promotion du pr\u00eatre condamn\u00e9 pour le viol d&rsquo;un mineur | Mundua"},"content":{"rendered":"<p>        <img decoding=\"async\" alt=\"La victime du p\u00e8re Spina \u00e9tait \u00e9l\u00e8ve \u00e0 Notre-Dame-de-B\u00e9tharram.\" height=\"1068\" loading=\"lazy\"  src=\"https:\/\/www.europesays.com\/fr\/wp-content\/uploads\/2025\/08\/etx_211005_874805.jpg\"  width=\"1600\"\/>La victime du p\u00e8re Spina \u00e9tait \u00e9l\u00e8ve \u00e0 Notre-Dame-de-B\u00e9tharram. (\u00a9 Guillaume FAUVEAU)<\/p>\n<p>La promotion pol\u00e9mique du pr\u00eatre Dominique Spina, condamn\u00e9 pour viol sur mineur en 2006, a \u00e9t\u00e9 annul\u00e9e \u00e0 la demande de l\u2019archev\u00eaque de Toulouse, a annonc\u00e9 le dioc\u00e8se toulousain dans un communiqu\u00e9 diffus\u00e9 le samedi 16 ao\u00fbt.<\/p>\n<p>\u00ab\u00a0\u00c0 ma demande, le p\u00e8re Dominique Spina a renonc\u00e9 \u00e0 la charge de chancelier avec une r\u00e9elle disponibilit\u00e9 de c\u0153ur. Je l\u2019en remercie\u00a0\u00bb, informe Guy de Kerimel, l&rsquo;archev\u00eaque de Toulouse.<\/p>\n<p><strong>Pardon<\/strong><\/p>\n<p>D\u00e9but juin, ce dernier avait nomm\u00e9 au poste de chancelier le pr\u00eatre Dominique Spina, condamn\u00e9 en 2006 \u00e0 cinq ans de prison, dont un avec sursis, <a href=\"https:\/\/www.mediabask.eus\/fr\/info_mbsk\/20250711\/violences-sexuelles-nomination-polemique-au-sein-du-diocese-toulousain\" rel=\"nofollow noopener\" target=\"_blank\">pour le viol d&rsquo;un lyc\u00e9en<\/a> de 16 ans, en 1993, dans le dioc\u00e8se de Bayonne, Lescar et Oloron. <a href=\"https:\/\/www.mediabask.eus\/fr\/info_mbsk\/20250811\/les-eveques-de-france-invitent-a-reconsiderer-la-promotion-pretre-condamne-pour-viol\" rel=\"nofollow noopener\" target=\"_blank\">Le 10 ao\u00fbt dernier<\/a>, les \u00e9v\u00eaques de France avaient fait savoir qu\u2019ils avaient engag\u00e9 \u00ab\u00a0un dialogue constructif\u00a0\u00bb avec Guy de Kerimel, l\u2019invitant \u00e0 \u00ab\u00a0reconsid\u00e9rer\u00a0\u00bb sa nomination.<\/p>\n<p>\u00ab\u00a0Ma d\u00e9cision avait \u00e9t\u00e9 interpr\u00e9t\u00e9e par de nombreuses personnes comme un camouflet envers les victimes d\u2019abus sexuel, j\u2019en demande pardon aux victimes\u00a0\u00bb, ajoute l&rsquo;archev\u00eaque de Toulouse.<\/p>\n","protected":false},"excerpt":{"rendered":"La victime du p\u00e8re Spina \u00e9tait \u00e9l\u00e8ve \u00e0 Notre-Dame-de-B\u00e9tharram. (\u00a9 Guillaume FAUVEAU) La promotion pol\u00e9mique du pr\u00eatre Dominique&hellip;\n","protected":false},"author":2,"featured_media":327207,"comment_status":"","ping_status":"","sticky":false,"template":"","format":"standard","meta":{"footnotes":""},"categories":[2816],"tags":[1111,11,17884,12730,8652,11895,1805,1777,674,1011,27,1577,1123,12,2680,5969,704,25,2312,1265],"class_list":{"0":"post-327206","1":"post","2":"type-post","3":"status-publish","4":"format-standard","5":"has-post-thumbnail","7":"category-toulouse","8":"tag-actu","9":"tag-actualites","10":"tag-annule","11":"tag-archeveque","12":"tag-condamne","13":"tag-d","14":"tag-de","15":"tag-eu","16":"tag-europe","17":"tag-fr","18":"tag-france","19":"tag-l","20":"tag-mineur","21":"tag-news","22":"tag-occitanie","23":"tag-pretre","24":"tag-promotion","25":"tag-republique-francaise","26":"tag-toulouse","27":"tag-viol"},"share_on_mastodon":{"url":"https:\/\/pubeurope.com\/@fr\/115050228500601761","error":""},"_links":{"self":[{"href":"https:\/\/www.europesays.com\/fr\/wp-json\/wp\/v2\/posts\/327206","targetHints":{"allow":["GET"]}}],"collection":[{"href":"https:\/\/www.europesays.com\/fr\/wp-json\/wp\/v2\/posts"}],"about":[{"href":"https:\/\/www.europesays.com\/fr\/wp-json\/wp\/v2\/types\/post"}],"author":[{"embeddable":true,"href":"https:\/\/www.europesays.com\/fr\/wp-json\/wp\/v2\/users\/2"}],"replies":[{"embeddable":true,"href":"https:\/\/www.europesays.com\/fr\/wp-json\/wp\/v2\/comments?post=327206"}],"version-history":[{"count":0,"href":"https:\/\/www.europesays.com\/fr\/wp-json\/wp\/v2\/posts\/327206\/revisions"}],"wp:featuredmedia":[{"embeddable":true,"href":"https:\/\/www.europesays.com\/fr\/wp-json\/wp\/v2\/media\/327207"}],"wp:attachment":[{"href":"https:\/\/www.europesays.com\/fr\/wp-json\/wp\/v2\/media?parent=327206"}],"wp:term":[{"taxonomy":"category","embeddable":true,"href":"https:\/\/www.europesays.com\/fr\/wp-json\/wp\/v2\/categories?post=327206"},{"taxonomy":"post_tag","embeddable":true,"href":"https:\/\/www.europesays.com\/fr\/wp-json\/wp\/v2\/tags?post=327206"}],"curies":[{"name":"wp","href":"https:\/\/api.w.org\/{rel}","templated":true}]}}