{"id":327208,"date":"2025-08-18T14:26:15","date_gmt":"2025-08-18T14:26:15","guid":{"rendered":"https:\/\/www.europesays.com\/fr\/327208\/"},"modified":"2025-08-18T14:26:15","modified_gmt":"2025-08-18T14:26:15","slug":"lille-la-ligne-1-du-metro-sera-a-nouveau-fermee-pour-travaux-certains-soirs-et-weekends-cet-automne","status":"publish","type":"post","link":"https:\/\/www.europesays.com\/fr\/327208\/","title":{"rendered":"Lille\u00a0: la ligne 1 du m\u00e9tro sera \u00e0 nouveau ferm\u00e9e pour travaux certains soirs et weekends cet automne"},"content":{"rendered":"<p>Le gestionnaire du m\u00e9tro lillois, Il\u00e9via, annonce de nouvelles interruptions de la ligne 1 pour la poursuite des travaux de doublement des rames.<\/p>\n<p>D\u00e9j\u00e0 interrompue tous les dimanches soirs et lundis soirs du mois d&rsquo;ao\u00fbt, la ligne 1 du m\u00e9tro subira \u00e0 nouveau <strong>des interruptions en septembre et en octobre<\/strong>, annonce le gestionnaire Il\u00e9via. Ces coupures doivent permettre de <strong>\u00ab\u00a0finaliser les travaux de mise \u00e0 niveau des quais et de poursuivre les essais\u00a0\u00bb par Alstom des rames de m\u00e9tro de 52 m\u00e8tres.<\/strong><\/p>\n<p>Concr\u00e8tement, la ligne 1 sera interrompue\u00a0:<\/p>\n<ul>\n<li>Tous les <strong>lundis soirs<\/strong>, \u00e0 partir de 22h30 jusqu&rsquo;\u00e0 la fin de service, du lundi 1er septembre au lundi 27 octobre inclus<\/li>\n<li>Les <strong>mardis soirs<\/strong> 16 et 30 septembre, ainsi que 14 et 28 octobre, \u00e0 partir de 22h30 jusqu&rsquo;\u00e0 la fin de service<\/li>\n<li>Les <strong>dimanches 21 septembre et 12 octobre<\/strong> d\u00e8s 13h30, jusqu&rsquo;\u00e0 la fin de service<\/li>\n<li>Les <strong>samedis 18 et dimanche 19 octobre<\/strong>, toute la journ\u00e9e<\/li>\n<\/ul>\n<p>Il\u00e9via pr\u00e9cise que <strong>des bus de remplacement seront mis en place sur le trajet de la ligne 1,<\/strong> \u00e0 une fr\u00e9quence d&rsquo;un bus toutes les 15 minutes. Lors du weekend d&rsquo;interruption totale, les 18 et 19 octobre, ce sera un bus toutes les 7 \u00e0 10 minutes.<\/p>\n<p>Ces travaux doivent permettre le doublement des rames de m\u00e9tro, alors que la ligne 1 est tr\u00e8s r\u00e9guli\u00e8rement sujette \u00e0 des pannes,\u00a0<a class=\"IciLink ici-link IciArticleLink g-ici-body-regular-1 underline brand svelte-lu7k6w\" href=\"https:\/\/www.francebleu.fr\/infos\/transports\/ilevia-le-trafic-perturbe-sur-la-ligne-1-du-metro-entre-lille-et-villeneuve-d-ascq-avant-le-show-de-bruce-springsteen-9267500\" rel=\"nofollow noopener\" target=\"_blank\">entra\u00eenant de grosses perturbations du trafic et des journ\u00e9es de gal\u00e8re pour les usagers.<\/a><\/p>\n","protected":false},"excerpt":{"rendered":"Le gestionnaire du m\u00e9tro lillois, Il\u00e9via, annonce de nouvelles interruptions de la ligne 1 pour la poursuite des&hellip;\n","protected":false},"author":2,"featured_media":327209,"comment_status":"","ping_status":"","sticky":false,"template":"","format":"standard","meta":{"footnotes":""},"categories":[2815],"tags":[1111,11,1777,674,1011,27,811,1307,12,25],"class_list":{"0":"post-327208","1":"post","2":"type-post","3":"status-publish","4":"format-standard","5":"has-post-thumbnail","7":"category-lille","8":"tag-actu","9":"tag-actualites","10":"tag-eu","11":"tag-europe","12":"tag-fr","13":"tag-france","14":"tag-hauts-de-france","15":"tag-lille","16":"tag-news","17":"tag-republique-francaise"},"share_on_mastodon":{"url":"https:\/\/pubeurope.com\/@fr\/115050236102092124","error":""},"_links":{"self":[{"href":"https:\/\/www.europesays.com\/fr\/wp-json\/wp\/v2\/posts\/327208","targetHints":{"allow":["GET"]}}],"collection":[{"href":"https:\/\/www.europesays.com\/fr\/wp-json\/wp\/v2\/posts"}],"about":[{"href":"https:\/\/www.europesays.com\/fr\/wp-json\/wp\/v2\/types\/post"}],"author":[{"embeddable":true,"href":"https:\/\/www.europesays.com\/fr\/wp-json\/wp\/v2\/users\/2"}],"replies":[{"embeddable":true,"href":"https:\/\/www.europesays.com\/fr\/wp-json\/wp\/v2\/comments?post=327208"}],"version-history":[{"count":0,"href":"https:\/\/www.europesays.com\/fr\/wp-json\/wp\/v2\/posts\/327208\/revisions"}],"wp:featuredmedia":[{"embeddable":true,"href":"https:\/\/www.europesays.com\/fr\/wp-json\/wp\/v2\/media\/327209"}],"wp:attachment":[{"href":"https:\/\/www.europesays.com\/fr\/wp-json\/wp\/v2\/media?parent=327208"}],"wp:term":[{"taxonomy":"category","embeddable":true,"href":"https:\/\/www.europesays.com\/fr\/wp-json\/wp\/v2\/categories?post=327208"},{"taxonomy":"post_tag","embeddable":true,"href":"https:\/\/www.europesays.com\/fr\/wp-json\/wp\/v2\/tags?post=327208"}],"curies":[{"name":"wp","href":"https:\/\/api.w.org\/{rel}","templated":true}]}}