{"id":327217,"date":"2025-08-18T14:33:14","date_gmt":"2025-08-18T14:33:14","guid":{"rendered":"https:\/\/www.europesays.com\/fr\/327217\/"},"modified":"2025-08-18T14:33:14","modified_gmt":"2025-08-18T14:33:14","slug":"les-temperatures-baisseront-fortement-des-mardi-avant-larrivee-daverses-orageuses-annonce-meteo-france","status":"publish","type":"post","link":"https:\/\/www.europesays.com\/fr\/327217\/","title":{"rendered":"les temp\u00e9ratures baisseront fortement d\u00e8s mardi, avant l&rsquo;arriv\u00e9e d&rsquo;averses orageuses, annonce M\u00e9t\u00e9o-France"},"content":{"rendered":"\n<p class=\"c-chapo \">\n  Des orages sont pr\u00e9vus d\u00e8s lundi en Bretagne et dans le Sud-Ouest, et se d\u00e9caleront vers l&rsquo;Est au fur et \u00e0 mesure de la semaine.\n<\/p>\n<p>            lire plus tard<\/p>\n<p id=\"dialog__title\" class=\"dialog__title\">Pour sauvegarder cet article, connectez-vous ou cr\u00e9ez un compte franceinfo<\/p>\n<p class=\"dialog__description\">Sans paiement. Sans abonnement.<\/p>\n<p>        Fermer la fen\u00eatre d\u2019activation des notifications France Info<\/p>\n<p>            cr\u00e9er votre compte<\/p>\n<p>            se connecter<\/p>\n<p>        Fermer la fen\u00eatre de pr\u00e9sentation<\/p>\n<p>    <img loading=\"lazy\" decoding=\"async\" class=\"signature__image lazyload\" width=\"100\" height=\"100\" data- alt=\"\" src=\"https:\/\/www.europesays.com\/fr\/wp-content\/uploads\/2025\/06\/64a55fd777de4_placeholder-36b69ec8.png\"\/><\/p>\n<p>    Publi\u00e9 le 18\/08\/2025 15:31<\/p>\n<p>      Mis \u00e0 jour le 18\/08\/2025 15:46<\/p>\n<p>        Temps de lecture : 2min<\/p>\n<p>    <img decoding=\"async\"  alt=\"Deux personnes sous la pluie, pont de l'Universit\u00e9 \u00e0 Lyon, le 3 mai 2025. (ELSANA ADZEMOVIC \/ HANS LUCAS \/ AFP)\" width=\"432\" height=\"243\" src=\"https:\/\/www.europesays.com\/fr\/wp-content\/uploads\/2025\/08\/080-hl-eadzemovic-2754114-68a31fc0379f1249118510.jpg\" fetchpriority=\"high\"\/><\/p>\n<p>      Deux personnes sous la pluie, pont de l&rsquo;Universit\u00e9 \u00e0 Lyon, le 3 mai 2025. (ELSANA ADZEMOVIC \/ HANS LUCAS \/ AFP)<\/p>\n<p>La canicule n&rsquo;a plus que quelques heures devant elle. La <a href=\"https:\/\/www.franceinfo.fr\/environnement\/evenements-meteorologiques-extremes\/vagues-de-chaleur-canicules\/\" rel=\"nofollow noopener\" target=\"_blank\">vague de chaleur<\/a> que conna\u00eet la France depuis dix jours va encore r\u00e9gresser, lundi 18 ao\u00fbt, les fortes chaleurs se concentrant d\u00e9sormais sur le pourtour m\u00e9diterran\u00e9en, o\u00f9 sept d\u00e9partements (l&rsquo;Aude, les Bouches-du-Rh\u00f4ne, le Gard, l&rsquo;H\u00e9rault, les Pyr\u00e9n\u00e9es-Orientales, le Var et le Vaucluse) <a href=\"https:\/\/www.franceinfo.fr\/environnement\/evenements-meteorologiques-extremes\/vagues-de-chaleur-canicules\/canicule-en-france-sept-departements-sont-maintenus-en-vigilance-orange-jusqu-a-mardi-matin_7441105.html\" rel=\"nofollow noopener\" target=\"_blank\">sont maintenus en vigilance orange jusqu&rsquo;\u00e0 mardi matin<\/a>. Cet \u00e9pisode devrait toucher \u00e0 sa fin lundi soir avec \u00ab\u00a0une nette baisse\u00a0\u00bb des temp\u00e9ratures \u00ab\u00a0sur tout le territoire\u00a0\u00bb pr\u00e9vue d\u00e8s mardi, \u00ab\u00a0\u00e0 l&rsquo;exception des r\u00e9gions au nord de la Seine\u00a0\u00bb, <a href=\"https:\/\/meteofrance.com\/actualites-et-dossiers\/actualites\/vague-de-chaleur-feux-aout2025\" rel=\"nofollow noopener\" target=\"_blank\">pr\u00e9voit M\u00e9t\u00e9o-France<\/a>.<\/p>\n<p>L&rsquo;affaiblissement de l&rsquo;anticyclone positionn\u00e9 sur le pays va provoquer des orages en Bretagne et dans le Sud-Ouest. Cette d\u00e9gradation orageuse sera encore plus prononc\u00e9e mardi et concernera un \u00ab\u00a0large quart sud-est du pays\u00a0\u00bb, d\u00e9taille l&rsquo;agence m\u00e9t\u00e9orologique. \u00ab\u00a0Ces cellules orageuses peuvent \u00eatre fortes, accompagn\u00e9es de rafales, de gr\u00eale et surtout de cumuls de pr\u00e9cipitations importants\u00a0\u00bb, pr\u00e9vient M\u00e9t\u00e9o-France. En cons\u00e9quence, les temp\u00e9ratures baisseront largement, avec par exemple 20\u00b0C \u00e0 Cherbourg (Manche) mardi apr\u00e8s-midi, 22\u00b0C \u00e0 Tarbes (Hautes-Pyr\u00e9n\u00e9es) et 25\u00b0C \u00e0 Bourges (Cher).<\/p>\n<p>Mercredi, une d\u00e9pression arrivera par l&rsquo;Ouest et les averses orageuses concerneront \u00ab\u00a0une grande partie du territoire avec des ph\u00e9nom\u00e8nes localement violents\u00a0\u00bb. \u00ab\u00a0La baisse des temp\u00e9ratures se poursuivra, elles passeront m\u00eame souvent en dessous des moyennes saisonni\u00e8res en ce qui concerne les maximales\u00a0\u00bb, ajoute M\u00e9t\u00e9o-France, qui pr\u00e9voit 21\u00b0C \u00e0 Paris et \u00e0 Tours (Indre-et-Loire) mercredi apr\u00e8s-midi, 19\u00b0C \u00e0 Brest (Finist\u00e8re) et 26\u00b0C \u00e0 Nice.<\/p>\n<p>Les pluies se d\u00e9caleront vers l&rsquo;Est jeudi, touchant l&rsquo;Auvergne, les Alpes et la Franche-Comt\u00e9. Sur la moiti\u00e9 nord-ouest, le temps sera \u00ab\u00a0souvent frais pour la saison, mais les \u00e9claircies [seront] de plus en plus larges au fil des heures\u00a0\u00bb.<\/p>\n","protected":false},"excerpt":{"rendered":"Des orages sont pr\u00e9vus d\u00e8s lundi en Bretagne et dans le Sud-Ouest, et se d\u00e9caleront vers l&rsquo;Est au&hellip;\n","protected":false},"author":2,"featured_media":327218,"comment_status":"","ping_status":"","sticky":false,"template":"","format":"standard","meta":{"footnotes":""},"categories":[1888],"tags":[1111,1928,11,1927,1777,674,1011,27,12,1926,626,1925,25],"class_list":{"0":"post-327217","1":"post","2":"type-post","3":"status-publish","4":"format-standard","5":"has-post-thumbnail","7":"category-paris","8":"tag-actu","9":"tag-actu-paris","10":"tag-actualites","11":"tag-actualites-paris","12":"tag-eu","13":"tag-europe","14":"tag-fr","15":"tag-france","16":"tag-news","17":"tag-news-paris","18":"tag-paris","19":"tag-paris-news","20":"tag-republique-francaise"},"share_on_mastodon":{"url":"https:\/\/pubeurope.com\/@fr\/115050263990146319","error":""},"_links":{"self":[{"href":"https:\/\/www.europesays.com\/fr\/wp-json\/wp\/v2\/posts\/327217","targetHints":{"allow":["GET"]}}],"collection":[{"href":"https:\/\/www.europesays.com\/fr\/wp-json\/wp\/v2\/posts"}],"about":[{"href":"https:\/\/www.europesays.com\/fr\/wp-json\/wp\/v2\/types\/post"}],"author":[{"embeddable":true,"href":"https:\/\/www.europesays.com\/fr\/wp-json\/wp\/v2\/users\/2"}],"replies":[{"embeddable":true,"href":"https:\/\/www.europesays.com\/fr\/wp-json\/wp\/v2\/comments?post=327217"}],"version-history":[{"count":0,"href":"https:\/\/www.europesays.com\/fr\/wp-json\/wp\/v2\/posts\/327217\/revisions"}],"wp:featuredmedia":[{"embeddable":true,"href":"https:\/\/www.europesays.com\/fr\/wp-json\/wp\/v2\/media\/327218"}],"wp:attachment":[{"href":"https:\/\/www.europesays.com\/fr\/wp-json\/wp\/v2\/media?parent=327217"}],"wp:term":[{"taxonomy":"category","embeddable":true,"href":"https:\/\/www.europesays.com\/fr\/wp-json\/wp\/v2\/categories?post=327217"},{"taxonomy":"post_tag","embeddable":true,"href":"https:\/\/www.europesays.com\/fr\/wp-json\/wp\/v2\/tags?post=327217"}],"curies":[{"name":"wp","href":"https:\/\/api.w.org\/{rel}","templated":true}]}}