{"id":327219,"date":"2025-08-18T14:34:12","date_gmt":"2025-08-18T14:34:12","guid":{"rendered":"https:\/\/www.europesays.com\/fr\/327219\/"},"modified":"2025-08-18T14:34:12","modified_gmt":"2025-08-18T14:34:12","slug":"paris-les-employees-daldi-braquees-et-sequestrees-durant-trois-heures-dans-la-salle-des-coffres","status":"publish","type":"post","link":"https:\/\/www.europesays.com\/fr\/327219\/","title":{"rendered":"Paris\u00a0: les employ\u00e9es d\u2019Aldi braqu\u00e9es et s\u00e9questr\u00e9es durant trois heures dans la salle des coffres"},"content":{"rendered":"<p class=\"paragraph text_align_left lp-f-body-02\">Impressionnant <a href=\"https:\/\/www.leparisien.fr\/faits-divers\/paris-trois-hommes-munis-dune-machette-prennent-dassaut-un-magasin-de-telephonie-15-06-2025-J5NQ76BQ45GE3AIQBS2V5ZRGVA.php\" target=\"_blank\" rel=\"noreferrer nofollow noopener\">braquage<\/a> ce dimanche matin au magasin Aldi du boulevard Magenta (Paris Xe). C\u2019est vers 7 heures du matin que deux employ\u00e9es ont \u00e9t\u00e9 s\u00e9questr\u00e9es par des voleurs qui sont parvenus \u00e0 s\u2019emparer du fond de caisse, estim\u00e9 dans un premier temps \u00e0 50 000 euros, et r\u00e9\u00e9valu\u00e9 \u00e0 \u00ab 20 000 euros \u00bb, selon le parquet de Paris.<\/p>\n<p class=\"paragraph text_align_left lp-f-body-02\">Selon nos informations, les deux femmes ont \u00e9t\u00e9 surprises, \u00e0 l\u2019heure de l\u2019ouverture du magasin, par deux malfrats arm\u00e9s de couteaux. Ils les ont contraintes \u00e0 les conduire, au sous-sol, dans la salle des coffres.<\/p>\n<p class=\"paragraph text_align_left lp-f-body-02\">Les voleurs se sont fait ouvrir la caisse avant de ligoter les employ\u00e9s avec du ruban adh\u00e9sif, selon une source proche du dossier. \u00c0 7h40, les cam\u00e9ras de vid\u00e9osurveillance les ont enregistr\u00e9es sortant de l\u2019enseigne avant de monter dans un taxi.<\/p>\n<p class=\"paragraph text_align_left lp-f-body-02\">Pr\u00e8s de trois heures plus tard, c\u2019est le vigile qui donne l\u2019alerte. Il arrive vers 10 heures. Le magasin est encore ferm\u00e9. C\u2019est inhabituel et l\u2019agent de s\u00e9curit\u00e9 compose le num\u00e9ro de la police pensant qu\u2019il a affaire \u00e0 un cambriolage. Les forces de l\u2019ordre entrent et trouvent les employ\u00e9s pieds et poings li\u00e9s.<\/p>\n<p class=\"lp-card-podcast-highlighting__title  lp-f-subtitle-05\">[4\/4] C\u00e9cile Vallin, les secrets d\u2019une disparition<\/p>\n<p class=\"lp-card-podcast-highlighting__description lp-f-ui-05\">Crime story raconte chaque semaine les grandes affaires criminelles.<\/p>\n<p><a class=\"lp-card-podcast-highlighting__call-to-action\" data-page-type=\"HP\" data-block-name=\"podcast-highlight\">\u00c9couter<\/a>Une chute dans les escaliers<\/p>\n<p class=\"paragraph text_align_left lp-f-body-02\">Les deux victimes, choqu\u00e9es, sont prises en charge par les sapeurs-pompiers. \u00ab L\u2019une d\u2019entre elles se plaint de douleurs au dos suite \u00e0 une chute dans les escaliers survenue lors de l\u2019agression \u00bb, pr\u00e9cise une source proche de l\u2019affaire. Elles sont transport\u00e9es \u00e0 l\u2019h\u00f4pital Lariboisi\u00e8re. Leur \u00e9tat de sant\u00e9 n\u2019inspire pas d\u2019inqui\u00e9tude.<\/p>\n<p class=\"paragraph text_align_left lp-f-body-02\">Les enqu\u00eateurs du deuxi\u00e8me district de police judiciaire sont charg\u00e9s de mener les investigations. \u00ab Une enqu\u00eate a \u00e9t\u00e9 ouverte pour vol avec arme en bande organis\u00e9e et s\u00e9questration en bande organis\u00e9e \u00bb, pr\u00e9cise le parquet de Paris. Les techniciens de la police scientifique ont relev\u00e9 les traces et indices sur place. Une enqu\u00eate de voisinage, un travail sur la t\u00e9l\u00e9phonie et sur la vid\u00e9o permettront peut-\u00eatre de faire toute la lumi\u00e8re sur cette affaire.<\/p>\n","protected":false},"excerpt":{"rendered":"Impressionnant braquage ce dimanche matin au magasin Aldi du boulevard Magenta (Paris Xe). C\u2019est vers 7 heures du&hellip;\n","protected":false},"author":2,"featured_media":327220,"comment_status":"","ping_status":"","sticky":false,"template":"","format":"standard","meta":{"footnotes":""},"categories":[1888],"tags":[1111,1928,11,1927,1777,674,118,1011,27,12,1926,626,1925,25],"class_list":{"0":"post-327219","1":"post","2":"type-post","3":"status-publish","4":"format-standard","5":"has-post-thumbnail","7":"category-paris","8":"tag-actu","9":"tag-actu-paris","10":"tag-actualites","11":"tag-actualites-paris","12":"tag-eu","13":"tag-europe","14":"tag-faits-divers","15":"tag-fr","16":"tag-france","17":"tag-news","18":"tag-news-paris","19":"tag-paris","20":"tag-paris-news","21":"tag-republique-francaise"},"share_on_mastodon":{"url":"https:\/\/pubeurope.com\/@fr\/115050267498393628","error":""},"_links":{"self":[{"href":"https:\/\/www.europesays.com\/fr\/wp-json\/wp\/v2\/posts\/327219","targetHints":{"allow":["GET"]}}],"collection":[{"href":"https:\/\/www.europesays.com\/fr\/wp-json\/wp\/v2\/posts"}],"about":[{"href":"https:\/\/www.europesays.com\/fr\/wp-json\/wp\/v2\/types\/post"}],"author":[{"embeddable":true,"href":"https:\/\/www.europesays.com\/fr\/wp-json\/wp\/v2\/users\/2"}],"replies":[{"embeddable":true,"href":"https:\/\/www.europesays.com\/fr\/wp-json\/wp\/v2\/comments?post=327219"}],"version-history":[{"count":0,"href":"https:\/\/www.europesays.com\/fr\/wp-json\/wp\/v2\/posts\/327219\/revisions"}],"wp:featuredmedia":[{"embeddable":true,"href":"https:\/\/www.europesays.com\/fr\/wp-json\/wp\/v2\/media\/327220"}],"wp:attachment":[{"href":"https:\/\/www.europesays.com\/fr\/wp-json\/wp\/v2\/media?parent=327219"}],"wp:term":[{"taxonomy":"category","embeddable":true,"href":"https:\/\/www.europesays.com\/fr\/wp-json\/wp\/v2\/categories?post=327219"},{"taxonomy":"post_tag","embeddable":true,"href":"https:\/\/www.europesays.com\/fr\/wp-json\/wp\/v2\/tags?post=327219"}],"curies":[{"name":"wp","href":"https:\/\/api.w.org\/{rel}","templated":true}]}}