{"id":32722,"date":"2025-04-18T00:00:19","date_gmt":"2025-04-18T00:00:19","guid":{"rendered":"https:\/\/www.europesays.com\/fr\/32722\/"},"modified":"2025-04-18T00:00:19","modified_gmt":"2025-04-18T00:00:19","slug":"un-detenu-en-semi-liberte-a-toulon-cachait-dans-sa-cellule-des-objets-voles","status":"publish","type":"post","link":"https:\/\/www.europesays.com\/fr\/32722\/","title":{"rendered":"Un d\u00e9tenu en semi-libert\u00e9 \u00e0 Toulon cachait dans sa cellule des objets vol\u00e9s"},"content":{"rendered":"<p>Un jeune homme de 19\u00a0ans, d\u00e9tenu au centre de semi-libert\u00e9 de Toulon La Farl\u00e8de (Var), est soup\u00e7onn\u00e9 d\u2019avoir commis plusieurs vols entre les mois de janvier et d\u2019avril, rapporte <a href=\"https:\/\/www.bfmtv.com\/var\/var-la-police-retrouve-dans-la-cellule-d-un-detenu-en-semi-liberte-des-objets-provenant-de-cambriolages_AN-202504110349.html\" target=\"_blank\" rel=\"nofollow noopener\"> BFM Var <\/a> ce vendredi 11\u00a0avril 2025. Les policiers ont retrouv\u00e9 diff\u00e9rents objets lors d\u2019une perquisition dans sa cellule.<\/p>\n<p>Le suspect aurait commis des cambriolages et des extorsions avec arme. Il aurait par exemple d\u00e9rob\u00e9, sous la menace, le t\u00e9l\u00e9phone d\u2019une victime, indique <a href=\"https:\/\/www.varmatin.com\/faits-divers\/il-stockait-des-objets-voles-dans-sa-cellule-un-jeune-varois-interpelle-a-l-est-de-toulon-981749\" target=\"_blank\" rel=\"nofollow noopener\"> Var-Matin <\/a>. C\u2019est d\u2019ailleurs \u00e0 la suite de ce larcin qu\u2019il avait \u00e9t\u00e9 interpell\u00e9 une premi\u00e8re fois ces derni\u00e8res semaines, apr\u00e8s avoir \u00e9t\u00e9 localis\u00e9 par les forces de l\u2019ordre. Mais il avait \u00e9t\u00e9 rel\u00e2ch\u00e9 apr\u00e8s avoir expliqu\u00e9 avoir achet\u00e9 le t\u00e9l\u00e9phone sans savoir qu\u2019il avait \u00e9t\u00e9 vol\u00e9.<\/p>\n<p>Le butin d\u2019un cambriolage<\/p>\n<p>Une visite des\u00a0agents du groupe des atteintes aux biens du service interd\u00e9partemental de la police judiciaire directement \u00e0 la prison a permis de mettre au jour un v\u00e9ritable butin\u00a0: des bijoux, des t\u00e9l\u00e9phones, des objets multim\u00e9dias et une cl\u00e9 de voiture. Des biens subtilis\u00e9s lors d\u2019une effraction dans un logement de La Garde.<\/p>\n<p>Les objets vol\u00e9s ont \u00e9t\u00e9 restitu\u00e9s aux victimes. Le jeune homme, incarc\u00e9r\u00e9 \u00e0\u00a0La Farl\u00e8de dans le cadre d\u2019un autre dossier, devait \u00eatre pr\u00e9sent\u00e9 en comparution imm\u00e9diate devant le\u00a0tribunal correctionnel de Toulon. Il aurait reconnu tous les faits qui lui sont reproch\u00e9s.<\/p>\n<p>\u00a0<\/p>\n","protected":false},"excerpt":{"rendered":"Un jeune homme de 19\u00a0ans, d\u00e9tenu au centre de semi-libert\u00e9 de Toulon La Farl\u00e8de (Var), est soup\u00e7onn\u00e9 d\u2019avoir&hellip;\n","protected":false},"author":2,"featured_media":32723,"comment_status":"","ping_status":"","sticky":false,"template":"","format":"standard","meta":{"footnotes":""},"categories":[9619],"tags":[1111,11,10978,10979,9625,1777,674,1011,27,10623,12,1967,882,25,3213,10977,2310,10624,10765],"class_list":{"0":"post-32722","1":"post","2":"type-post","3":"status-publish","4":"format-standard","5":"has-post-thumbnail","7":"category-toulon","8":"tag-actu","9":"tag-actualites","10":"tag-cachait","11":"tag-cellule","12":"tag-detenu","13":"tag-eu","14":"tag-europe","15":"tag-fr","16":"tag-france","17":"tag-golfe","18":"tag-news","19":"tag-objets","20":"tag-provence-alpes-cote-dazur","21":"tag-republique-francaise","22":"tag-saint","23":"tag-semi-liberte","24":"tag-toulon","25":"tag-tropez","26":"tag-voles"},"share_on_mastodon":{"url":"https:\/\/pubeurope.com\/@fr\/114356028910465181","error":""},"_links":{"self":[{"href":"https:\/\/www.europesays.com\/fr\/wp-json\/wp\/v2\/posts\/32722","targetHints":{"allow":["GET"]}}],"collection":[{"href":"https:\/\/www.europesays.com\/fr\/wp-json\/wp\/v2\/posts"}],"about":[{"href":"https:\/\/www.europesays.com\/fr\/wp-json\/wp\/v2\/types\/post"}],"author":[{"embeddable":true,"href":"https:\/\/www.europesays.com\/fr\/wp-json\/wp\/v2\/users\/2"}],"replies":[{"embeddable":true,"href":"https:\/\/www.europesays.com\/fr\/wp-json\/wp\/v2\/comments?post=32722"}],"version-history":[{"count":0,"href":"https:\/\/www.europesays.com\/fr\/wp-json\/wp\/v2\/posts\/32722\/revisions"}],"wp:featuredmedia":[{"embeddable":true,"href":"https:\/\/www.europesays.com\/fr\/wp-json\/wp\/v2\/media\/32723"}],"wp:attachment":[{"href":"https:\/\/www.europesays.com\/fr\/wp-json\/wp\/v2\/media?parent=32722"}],"wp:term":[{"taxonomy":"category","embeddable":true,"href":"https:\/\/www.europesays.com\/fr\/wp-json\/wp\/v2\/categories?post=32722"},{"taxonomy":"post_tag","embeddable":true,"href":"https:\/\/www.europesays.com\/fr\/wp-json\/wp\/v2\/tags?post=32722"}],"curies":[{"name":"wp","href":"https:\/\/api.w.org\/{rel}","templated":true}]}}