{"id":327221,"date":"2025-08-18T14:35:11","date_gmt":"2025-08-18T14:35:11","guid":{"rendered":"https:\/\/www.europesays.com\/fr\/327221\/"},"modified":"2025-08-18T14:35:11","modified_gmt":"2025-08-18T14:35:11","slug":"si-je-peux-le-manger-mon-chien-aussi-a-levallois-jeremy-mitonne-de-petits-plats-pour-chiens-et-chats","status":"publish","type":"post","link":"https:\/\/www.europesays.com\/fr\/327221\/","title":{"rendered":"\u00ab\u00a0Si je peux le manger, mon chien aussi\u00a0\u00bb\u00a0: \u00e0 Levallois, J\u00e9r\u00e9my mitonne de petits plats pour chiens et chats"},"content":{"rendered":"<p class=\"paragraph text_align_left lp-f-body-02\">Son habit de lumi\u00e8re, c\u2019est son tablier de chef. J\u00e9r\u00e9my Chelly coupe, tranche, \u00e9mince, p\u00e8se au gramme pr\u00e8s dans son appartement de Levallois-Perret (Hauts-de-Seine). Responsable commercial de 29 ans, le jeune homme est d\u00e9sormais \u00e0 la t\u00eate des Repas de Mimi, la soci\u00e9t\u00e9 de fabrication de repas maison et bio pour chiens et chats qu\u2019il a cr\u00e9\u00e9e d\u00e9but juillet.<\/p>\n<p class=\"paragraph text_align_left lp-f-body-02\">\u00ab Je suis traiteur pour animaux. Entre la nourriture et tout ce qui touche au bien-\u00eatre animal, c\u2019est un march\u00e9 extr\u00eamement large o\u00f9 il y a encore de la place \u00bb, constate-t-il. Une niche o\u00f9 il s\u2019est engouffr\u00e9 en ce d\u00e9but d\u2019\u00e9t\u00e9. \u00ab J\u2019ai toujours \u00e9t\u00e9 proche des animaux \u00bb, r\u00e9sume-t-il en balayant son salon du regard : poissons, cam\u00e9l\u00e9on et Kenzo, son spitz aux yeux vairons suivi par pr\u00e8s de 3 000 followers sur Instagram.<\/p>\n","protected":false},"excerpt":{"rendered":"Son habit de lumi\u00e8re, c\u2019est son tablier de chef. J\u00e9r\u00e9my Chelly coupe, tranche, \u00e9mince, p\u00e8se au gramme pr\u00e8s&hellip;\n","protected":false},"author":2,"featured_media":327222,"comment_status":"","ping_status":"","sticky":false,"template":"","format":"standard","meta":{"footnotes":""},"categories":[1888],"tags":[11,1777,674,1011,27,3314,1944,12,626,25],"class_list":{"0":"post-327221","1":"post","2":"type-post","3":"status-publish","4":"format-standard","5":"has-post-thumbnail","7":"category-paris","8":"tag-actualites","9":"tag-eu","10":"tag-europe","11":"tag-fr","12":"tag-france","13":"tag-hauts-de-seine","14":"tag-ma-ville","15":"tag-news","16":"tag-paris","17":"tag-republique-francaise"},"share_on_mastodon":{"url":"https:\/\/pubeurope.com\/@fr\/115050271437092928","error":""},"_links":{"self":[{"href":"https:\/\/www.europesays.com\/fr\/wp-json\/wp\/v2\/posts\/327221","targetHints":{"allow":["GET"]}}],"collection":[{"href":"https:\/\/www.europesays.com\/fr\/wp-json\/wp\/v2\/posts"}],"about":[{"href":"https:\/\/www.europesays.com\/fr\/wp-json\/wp\/v2\/types\/post"}],"author":[{"embeddable":true,"href":"https:\/\/www.europesays.com\/fr\/wp-json\/wp\/v2\/users\/2"}],"replies":[{"embeddable":true,"href":"https:\/\/www.europesays.com\/fr\/wp-json\/wp\/v2\/comments?post=327221"}],"version-history":[{"count":0,"href":"https:\/\/www.europesays.com\/fr\/wp-json\/wp\/v2\/posts\/327221\/revisions"}],"wp:featuredmedia":[{"embeddable":true,"href":"https:\/\/www.europesays.com\/fr\/wp-json\/wp\/v2\/media\/327222"}],"wp:attachment":[{"href":"https:\/\/www.europesays.com\/fr\/wp-json\/wp\/v2\/media?parent=327221"}],"wp:term":[{"taxonomy":"category","embeddable":true,"href":"https:\/\/www.europesays.com\/fr\/wp-json\/wp\/v2\/categories?post=327221"},{"taxonomy":"post_tag","embeddable":true,"href":"https:\/\/www.europesays.com\/fr\/wp-json\/wp\/v2\/tags?post=327221"}],"curies":[{"name":"wp","href":"https:\/\/api.w.org\/{rel}","templated":true}]}}