{"id":327227,"date":"2025-08-18T14:38:16","date_gmt":"2025-08-18T14:38:16","guid":{"rendered":"https:\/\/www.europesays.com\/fr\/327227\/"},"modified":"2025-08-18T14:38:16","modified_gmt":"2025-08-18T14:38:16","slug":"alexander-stubb-lhomme-cle-de-la-rencontre-trump-zelensky-lexpress","status":"publish","type":"post","link":"https:\/\/www.europesays.com\/fr\/327227\/","title":{"rendered":"Alexander Stubb, l\u2019homme-cl\u00e9 de la rencontre Trump-Zelensky \u2013 L&rsquo;Express"},"content":{"rendered":"<p class=\"paragraph article-body-paragraph article__item   article-body-paragraph--first \">Parmi la d\u00e9l\u00e9gation europ\u00e9enne qui accompagne le pr\u00e9sident <a href=\"https:\/\/www.lexpress.fr\/monde\/europe\/guerre-en-ukraine-face-a-donald-trump-lue-prete-a-faire-bloc-derriere-volodymyr-zelensky-N4OUFKE4IRB4NINKRCVRCGAOBY\/\" target=\"_self\" rel=\"nofollow noopener\" title=\"https:\/\/www.lexpress.fr\/monde\/europe\/guerre-en-ukraine-face-a-donald-trump-lue-prete-a-faire-bloc-derriere-volodymyr-zelensky-N4OUFKE4IRB4NINKRCVRCGAOBY\/\">Volodymyr Zelensky<\/a> \u00e0 Washington \u00e0 la rencontre de <a href=\"https:\/\/www.lexpress.fr\/monde\/amerique\/donald-trump_1702460.html\" target=\"_blank\" rel=\"nofollow noopener\" title=\"https:\/\/www.lexpress.fr\/monde\/amerique\/donald-trump_1702460.html\">Donald Trump<\/a>, la personnalit\u00e9 la plus importante n\u2019est pas Emmanuel Macron ni le chancelier Friedrich Merz. Et pas davantage l\u2019Italienne Giorgia Meloni, le Premier ministre britannique Keir Starmer ou la pr\u00e9sidente de la Commission Ursula von der Leyen \u2013 tous issus de \u00ab\u00a0grands\u00a0\u00bb pays. Au contraire, l\u2019homme-cl\u00e9 de ce voyage est sans doute Alexander Stubb, pr\u00e9sident de la \u00ab\u00a0petite\u00a0\u00bb Finlande \u2013 5,6 millions d\u2019\u00e2mes.<\/p>\n<p class=\"paragraph article-body-paragraph article__item   \">En fonction depuis un an et demi, ce golfeur \u00e9m\u00e9rite qui a fait une partie de ses \u00e9tudes aux Etats-Unis et parle cinq langues est l\u2019acteur qui pourrait se r\u00e9v\u00e9ler d\u00e9terminant dans les relations entre Washington, Moscou et les pays europ\u00e9ens. Conservateur de 57 ans, il poss\u00e8de une relation privil\u00e9gi\u00e9e avec le pr\u00e9sident am\u00e9ricain tout en b\u00e9n\u00e9ficiant d\u2019un certain respect de la part de la Russie, ce qui est rare pour un leader d\u2019un pays d\u2019Europe occidentale.<\/p>\n<p><strong class=\"article-body-link-list__item text-gray-800 article-body-link-list__item--one-item\">LIRE AUSSI : <a class=\"article-body-link-list__item-link\" href=\"https:\/\/www.lexpress.fr\/monde\/europe\/tatiana-stanovaia-vladimir-poutine-a-engrange-une-victoire-personnelle-en-alaska-NH4FQUKLAVFEPJZ5UHTRZ6C3MM\/\" target=\"_blank\" rel=\"noreferrer nofollow noopener\">Tatiana Stanova\u00efa : Vladimir Poutine a engrang\u00e9 une \u00ab\u00a0victoire personnelle\u00a0\u00bb en Alaska<\/a><\/strong>La \u00ab\u00a0finlandisation\u00a0\u00bb, expression honnie \u00e0 Helsinki<\/p>\n<p class=\"paragraph article-body-paragraph article__item   \">Des liens profonds nourrissent en effet la relation entre Moscou et Helsinki. Celle-ci repose sur un pass\u00e9 historique en commun. Et quel pass\u00e9 ! Partie int\u00e9grante de l\u2019empire tsariste sous le nom de \u00ab\u00a0grand-duch\u00e9 de Finlande\u00a0\u00bb \u00e0 partir de 1809 (avant quoi ce territoire avait \u00e9t\u00e9 su\u00e9dois pendant 600 ans), les Finlandais ont \u00e0 l\u2019\u00e9poque entretenu une relation relativement harmonieuse avec Saint-P\u00e9tersbourg, la capitale qui leur conc\u00e9dait une large autonomie.<\/p>\n<p><img decoding=\"async\" src=\"https:\/\/www.europesays.com\/fr\/wp-content\/uploads\/2025\/08\/LTYYCNARRNB5PFBUDYI2SAT23Q.jpg\" class=\"image-with-legend__cover-img\" alt=\"Le pr\u00e9sident Donald Trump (\u00e0 gauche) et le pr\u00e9sident russe Vladimir Poutine se serrent la main lors d'une conf\u00e9rence de presse conjointe apr\u00e8s leur sommet du 16 juillet 2018 \u00e0 Helsinki, en Finlande.\" width=\"883\" height=\"0\" loading=\"lazy\"\/><\/p>\n<p class=\"image-with-legend__legend\">Le pr\u00e9sident Donald Trump (\u00e0 gauche) et le pr\u00e9sident russe Vladimir Poutine se serrent la main lors d&rsquo;une conf\u00e9rence de presse conjointe apr\u00e8s leur sommet du 16 juillet 2018 \u00e0 Helsinki, en Finlande.<\/p>\n<p class=\"image-with-legend__credits\"> \u00a9  \/ Chris McGrath \/ GETTY IMAGES EUROPE \/ Getty Images via AFP<\/p>\n<p class=\"paragraph article-body-paragraph article__item   \">Mais, devenue ind\u00e9pendant en 1917, le pays a \u00e9t\u00e9 agress\u00e9 par Staline au cours de la \u00ab\u00a0guerre d\u2019Hiver\u00a0\u00bb (1939-1940), comme l\u2019est aujourd\u2019hui l\u2019Ukraine par Poutine. Certains aspects de ces deux conflits sont \u00e9tonnamment ressemblants, notamment la r\u00e9sistance h\u00e9ro\u00efque des autochtones. Cas unique dans l\u2019histoire, la petite Finlande est le seul pays europ\u00e9en \u00e0 avoir inflig\u00e9 une d\u00e9culott\u00e9e militaire \u00e0 l\u2019immense URSS. Agiles sur leurs skis de fonds, les Finlandais lui infligent des pertes colossales (125 000 morts, 300 000 bless\u00e9s), soit cinq fois plus que du c\u00f4t\u00e9 de la jeune nation nordique. Certes, la Finlande voit son territoire amput\u00e9 de 12,5 %. Mais les Russes conservent pour leur voisin une estime r\u00e9elle, li\u00e9e \u00e0 leur courage au combat pendant la guerre d\u2019Hiver.<\/p>\n<p><strong class=\"article-body-link-list__item text-gray-800 article-body-link-list__item--one-item\">LIRE AUSSI : <a class=\"article-body-link-list__item-link\" href=\"https:\/\/www.lexpress.fr\/monde\/europe\/francoise-thom-quel-triomphe-pour-poutine-si-cest-trump-qui-se-charge-du-demembrement-de-lukraine-2UJJTL3SIFHG3JXBOE6QEKLPDY\/\" target=\"_blank\" rel=\"noreferrer nofollow noopener\">Fran\u00e7oise Thom : \u00ab\u00a0Dans sa fa\u00e7on de n\u00e9gocier, Vladimir Poutine a tout pris des Bolcheviks\u00a0\u00bb<\/a><\/strong><\/p>\n<p class=\"paragraph article-body-paragraph article__item   \">A l\u2019\u00e9poque de la guerre froide, la Finlande devient malgr\u00e9 lui une sorte d\u2019Etat tampon entre l\u2019Est et l\u2019Ouest. On parle de \u00ab\u00a0finlandisation\u00a0\u00bb, une expression honnie par les Finlandais parce que p\u00e9jorative. Quoi qu\u2019il en soit, la conf\u00e9rence qui acte la \u00ab\u00a0d\u00e9tente\u00a0\u00bb se d\u00e9roule \u00e0 Helsinki en 1975, capitale d\u2019un pays alors encore neutre. A la t\u00eate de l\u2019Etat pendant vingt-cinq ans jusqu\u2019en 1982, le pr\u00e9sident Urho Kekkonen entretient des relations cordiales avec Leonid Brejnev. Les dirigeants sovi\u00e9tiques, dont Brejnev, partagent m\u00eame des saunas avec leurs homologues finlandais, instaurant une tradition de \u00ab\u00a0diplomatie du sana\u00a0\u00bb. Quant au pr\u00e9sident Sauli Niinist\u00f6 (pr\u00e9d\u00e9cesseur d\u2019Alexander Stubb), il a \u00e9t\u00e9 le dirigeant europ\u00e9en qui fr\u00e9quentait de plus pr\u00e8s et le plus r\u00e9guli\u00e8rement Vladimir Poutine. Et cela, jusqu\u2019\u00e0 l\u2019agression de l\u2019Ukraine en f\u00e9vrier 2022. Apr\u00e8s quoi la rupture f\u00fbt consomm\u00e9e. Et le processus d\u2019adh\u00e9sion imm\u00e9diate de la Finlande \u00e0 l\u2019Otan, enclench\u00e9e.<\/p>\n<p>La Finlande, une arm\u00e9e de 800 000 hommes et femmes<\/p>\n<p class=\"paragraph article-body-paragraph article__item   \">Produit d\u2019un tel pass\u00e9, Alexander Stubb est id\u00e9alement plac\u00e9 pour expliquer \u00e0 Donald Trump comment fonctionnent les Russes. \u00ab\u00a0Ils ne comprennent et ne respectent que la force\u00a0\u00bb, lui a-t-il dit lors d\u2019une r\u00e9cente partie de golf en Floride. Voil\u00e0 d\u2019ailleurs pourquoi Helsinki n\u2019a jamais eu la sotte id\u00e9e de r\u00e9duire ou d\u00e9manteler son arm\u00e9e apr\u00e8s la guerre froide \u2013 \u00e0 la diff\u00e9rence des voisins scandinaves, plus na\u00effs.<\/p>\n<p class=\"paragraph article-body-paragraph article__item   \">Voil\u00e0 pourquoi la Finlande poss\u00e8de actuellement l\u2019une des forces militaires les plus robustes d\u2019Europe. Elle poss\u00e8de par exemple la principale artillerie du continent (1 500 pi\u00e8ces) et la plus importante capacit\u00e9 de mobilisation (apr\u00e8s la Turquie et l\u2019Ukraine). Helsinki, qui a conserv\u00e9 intact son service militaire, s\u2019appuie sur une arm\u00e9e de r\u00e9servistes : elle est capable de lever une force de 800 000 hommes et femmes en quelques semaines !<\/p>\n<p><strong class=\"article-body-link-list__item text-gray-800 article-body-link-list__item--one-item\">LIRE AUSSI : <a class=\"article-body-link-list__item-link\" href=\"https:\/\/www.lexpress.fr\/monde\/europe\/esa-pulkkinen-general-finlandais-face-a-trump-et-poutine-macron-doit-etre-le-porte-parole-de-leurope-KOWSK67BKFDHFLUBJR77T5LPVQ\/\" target=\"_blank\" rel=\"noreferrer nofollow noopener\">Esa Pulkkinen, g\u00e9n\u00e9ral finlandais : \u00ab\u00a0Face \u00e0 Trump et Poutine, Macron doit \u00eatre le porte-parole de l&rsquo;Europe\u00a0\u00bb<\/a><\/strong><\/p>\n<p class=\"paragraph article-body-paragraph article__item   \">Ce r\u00e9alisme ne peut que plaire \u00e0 Donald Trump et aux Am\u00e9ricains dont la culture nationale est encore davantage \u00ab\u00a0militaris\u00e9e\u00a0\u00bb que la finlandaise (tout le monde aux Etats-Unis poss\u00e8de un ami, un voisin ou un membre de sa famille engag\u00e9 dans l\u2019arm\u00e9e ou qui l\u2019a \u00e9t\u00e9). Qui plus est, Alexander Stubb, en bon Finlandais, n\u2019est gu\u00e8re adepte de la langue de bois ou des sous-entendus alambiqu\u00e9s \u2013 deux notions \u00e9trang\u00e8res \u00e0 la mentalit\u00e9 tr\u00e8s terre-\u00e0-terre des Finlandais. Comme ses compatriotes, Stubb parle cash, direct, sans d\u00e9tour. Ni \u00e0 la mani\u00e8re du quai d\u2019Orsay, ni \u00e0 la fa\u00e7on des diplomates britanniques. Et cela pla\u00eet \u00e0 Trump.<\/p>\n<p>Stubb a fait ses \u00e9tudes aux Etats-Unis<\/p>\n<p class=\"paragraph article-body-paragraph article__item   \">Am\u00e9ricanophile, Stubb a en outre fait une partie de ses \u00e9tudes aux Etats-Unis, en Caroline du Sud, avec une bourse d\u2019\u00e9tudes obtenue gr\u00e2ce \u00e0 ses talents de golfeur. Ce dernier talent lui offre un acc\u00e8s privil\u00e9gi\u00e9 \u00e0 l\u2019h\u00f4te de la Maison-Blanche, dont c\u2019est la passion. Voil\u00e0 cinq mois, c\u2019est gr\u00e2ce \u00e0 son swing et son putt qu\u2019il a nou\u00e9 une amiti\u00e9 expresse avec son homologue sur un green de West Palm Beach.<\/p>\n<p><strong class=\"article-body-link-list__item text-gray-800 article-body-link-list__item--one-item\">LIRE AUSSI : <a class=\"article-body-link-list__item-link\" href=\"https:\/\/www.lexpress.fr\/idees-et-debats\/lamateur-contre-le-maitre-les-trois-lecons-du-sommet-trump-poutine-par-jean-francois-cope-YPD7TD5UHVGNRERNVBRBRGMO5Y\/\" target=\"_blank\" rel=\"noreferrer nofollow noopener\">\u00ab\u00a0L\u2019amateur contre le ma\u00eetre\u00a0\u00bb : les trois le\u00e7ons du sommet Trump-Poutine, par Jean-Fran\u00e7ois Cop\u00e9<\/a><\/strong><\/p>\n<p class=\"paragraph article-body-paragraph article__item   \">Dans une interview au <a href=\"https:\/\/www.wsj.com\/world\/finland-president-alexander-stubb-6c0a474a\" target=\"_self\" rel=\"nofollow noopener\" title=\"https:\/\/www.wsj.com\/world\/finland-president-alexander-stubb-6c0a474a\">Wall Street Journal<\/a> le 31 juillet, Alexander Stubb a expliqu\u00e9 l\u2019avantage comparatif qu\u2019il poss\u00e8de en tant que ressortissant de la discr\u00e8te Finlande. \u00ab\u00a0Les gens savent que nous, les Finlandais, n\u2019avons pas d\u2019intentions cach\u00e9es et que nous sommes assez directs. Je peux ainsi communiquer \u00e0 Trump ce que pensent les Europ\u00e9ens ou Zelensky, puis je peux communiquer \u00e0 mes coll\u00e8gues europ\u00e9ens ce que pense Trump.\u00a0\u00bb \u00c7a peut servir.<\/p>\n<p>.<\/p>\n","protected":false},"excerpt":{"rendered":"Parmi la d\u00e9l\u00e9gation europ\u00e9enne qui accompagne le pr\u00e9sident Volodymyr Zelensky \u00e0 Washington \u00e0 la rencontre de Donald Trump,&hellip;\n","protected":false},"author":2,"featured_media":327228,"comment_status":"","ping_status":"","sticky":false,"template":"","format":"standard","meta":{"footnotes":""},"categories":[1590],"tags":[11,1777,674,74,12,220],"class_list":{"0":"post-327227","1":"post","2":"type-post","3":"status-publish","4":"format-standard","5":"has-post-thumbnail","7":"category-ukraine","8":"tag-actualites","9":"tag-eu","10":"tag-europe","11":"tag-monde","12":"tag-news","13":"tag-ukraine"},"share_on_mastodon":{"url":"https:\/\/pubeurope.com\/@fr\/115050283462266364","error":""},"_links":{"self":[{"href":"https:\/\/www.europesays.com\/fr\/wp-json\/wp\/v2\/posts\/327227","targetHints":{"allow":["GET"]}}],"collection":[{"href":"https:\/\/www.europesays.com\/fr\/wp-json\/wp\/v2\/posts"}],"about":[{"href":"https:\/\/www.europesays.com\/fr\/wp-json\/wp\/v2\/types\/post"}],"author":[{"embeddable":true,"href":"https:\/\/www.europesays.com\/fr\/wp-json\/wp\/v2\/users\/2"}],"replies":[{"embeddable":true,"href":"https:\/\/www.europesays.com\/fr\/wp-json\/wp\/v2\/comments?post=327227"}],"version-history":[{"count":0,"href":"https:\/\/www.europesays.com\/fr\/wp-json\/wp\/v2\/posts\/327227\/revisions"}],"wp:featuredmedia":[{"embeddable":true,"href":"https:\/\/www.europesays.com\/fr\/wp-json\/wp\/v2\/media\/327228"}],"wp:attachment":[{"href":"https:\/\/www.europesays.com\/fr\/wp-json\/wp\/v2\/media?parent=327227"}],"wp:term":[{"taxonomy":"category","embeddable":true,"href":"https:\/\/www.europesays.com\/fr\/wp-json\/wp\/v2\/categories?post=327227"},{"taxonomy":"post_tag","embeddable":true,"href":"https:\/\/www.europesays.com\/fr\/wp-json\/wp\/v2\/tags?post=327227"}],"curies":[{"name":"wp","href":"https:\/\/api.w.org\/{rel}","templated":true}]}}