{"id":327229,"date":"2025-08-18T14:39:13","date_gmt":"2025-08-18T14:39:13","guid":{"rendered":"https:\/\/www.europesays.com\/fr\/327229\/"},"modified":"2025-08-18T14:39:13","modified_gmt":"2025-08-18T14:39:13","slug":"un-pays-a-risque-pour-les-touristes-le-mexique-sinsurge-contre-les-alertes-americaines","status":"publish","type":"post","link":"https:\/\/www.europesays.com\/fr\/327229\/","title":{"rendered":"Un pays \u00e0 risque pour les touristes ? Le Mexique s\u2019insurge contre les alertes am\u00e9ricaines"},"content":{"rendered":"\n<p>Nouvelles tensions entre Washington et Mexico. Mardi 12\u00a0ao\u00fbt, le d\u00e9partement d\u2019\u00c9tat des \u00c9tats-Unis a publi\u00e9 une nouvelle s\u00e9rie d\u2019alertes concernant des risques s\u00e9curitaires jug\u00e9s pr\u00e9occupants dans la quasi-totalit\u00e9 des\u00a0\u00c9tats mexicains, au nombre de 32. <a class=\"ithalc\" data-ithal=\"lien_externe\" data-ithalc=\"[nav_article]\" target=\"_blank\" href=\"https:\/\/cnnespanol.cnn.com\/2025\/08\/13\/mexico\/estados-mexico-alerta-viaje-estados-unidos-orix\" rel=\"nofollow noopener\">Comme l\u2019a rapport\u00e9 la version hispanophone de <strong>CNN<\/strong><\/a><strong>, <\/strong>le gouvernement am\u00e9ricain recommande d\u00e9sormais \u00e0 ses citoyens d\u2019\u00e9viter de se rendre dans six \u00c9tats du pays (en rouge) \u2013 parmi lesquels le Guerrero, le Sinaloa ou encore le Tamaulipas \u2013 en raison de \u201cniveaux \u00e9lev\u00e9s de violence et de criminalit\u00e9\u201d.<\/p>\n<p>En outre, \u00e0 l\u2019exception du Campeche et du Yucat\u00e1n, class\u00e9s en zone verte, l\u2019administration am\u00e9ricaine invite les voyageurs \u00e0 reconsid\u00e9rer leur d\u00e9placement vers huit \u00c9tats (en orange) et \u00e0 faire preuve d\u2019une vigilance accrue dans seize autres \u00c9tats (en jaune), dont celui de Mexico.<\/p>\n<p>Cette d\u00e9cision, imm\u00e9diatement et vivement critiqu\u00e9e par le gouvernement mexicain et par la presse nationale, continue de provoquer des remous une semaine plus tard, notamment dans le secteur du tourisme, essentiel pour l\u2019\u00e9conomie de l\u2019un des pays les plus visit\u00e9s du monde.<\/p>\n<p> \u201cInterpr\u00e9tations erron\u00e9es\u201d <\/p>\n<p>Dans un communiqu\u00e9 <a class=\"ithalc\" data-ithal=\"lien_externe\" data-ithalc=\"[nav_article]\" target=\"_blank\" href=\"https:\/\/www.eluniversal.com.mx\/cartera\/alerta-de-terrorismo-de-eu-desincentivara-turismo-en-mexico-advierten-empresarios-piden-hacer-campana-que-contrarreste-imagen-negativa\/\" rel=\"nofollow noopener\">cit\u00e9 par <strong>El Universal<\/strong><\/a><strong>,<\/strong> la Conf\u00e9d\u00e9ration patronale de la R\u00e9publique mexicaine (Coparmex) \u2013 l\u2019\u00e9quivalent du Medef en France \u2013 a exhort\u00e9 les autorit\u00e9s<\/p>\n","protected":false},"excerpt":{"rendered":"Nouvelles tensions entre Washington et Mexico. Mardi 12\u00a0ao\u00fbt, le d\u00e9partement d\u2019\u00c9tat des \u00c9tats-Unis a publi\u00e9 une nouvelle s\u00e9rie&hellip;\n","protected":false},"author":2,"featured_media":327230,"comment_status":"","ping_status":"","sticky":false,"template":"","format":"standard","meta":{"footnotes":""},"categories":[1589],"tags":[11,3822,73,1866,5697,12,602,2542,770,1864,1865,1863,308],"class_list":{"0":"post-327229","1":"post","2":"type-post","3":"status-publish","4":"format-standard","5":"has-post-thumbnail","7":"category-etats-unis","8":"tag-actualites","9":"tag-amu00e9riques","10":"tag-etats-unis","11":"tag-etats-unis-damerique","12":"tag-mexique","13":"tag-news","14":"tag-tourisme","15":"tag-u00e9conomie","16":"tag-u00e9tats-unis","17":"tag-united-states","18":"tag-united-states-of-america","19":"tag-us","20":"tag-usa"},"share_on_mastodon":{"url":"https:\/\/pubeurope.com\/@fr\/115050287230622807","error":""},"_links":{"self":[{"href":"https:\/\/www.europesays.com\/fr\/wp-json\/wp\/v2\/posts\/327229","targetHints":{"allow":["GET"]}}],"collection":[{"href":"https:\/\/www.europesays.com\/fr\/wp-json\/wp\/v2\/posts"}],"about":[{"href":"https:\/\/www.europesays.com\/fr\/wp-json\/wp\/v2\/types\/post"}],"author":[{"embeddable":true,"href":"https:\/\/www.europesays.com\/fr\/wp-json\/wp\/v2\/users\/2"}],"replies":[{"embeddable":true,"href":"https:\/\/www.europesays.com\/fr\/wp-json\/wp\/v2\/comments?post=327229"}],"version-history":[{"count":0,"href":"https:\/\/www.europesays.com\/fr\/wp-json\/wp\/v2\/posts\/327229\/revisions"}],"wp:featuredmedia":[{"embeddable":true,"href":"https:\/\/www.europesays.com\/fr\/wp-json\/wp\/v2\/media\/327230"}],"wp:attachment":[{"href":"https:\/\/www.europesays.com\/fr\/wp-json\/wp\/v2\/media?parent=327229"}],"wp:term":[{"taxonomy":"category","embeddable":true,"href":"https:\/\/www.europesays.com\/fr\/wp-json\/wp\/v2\/categories?post=327229"},{"taxonomy":"post_tag","embeddable":true,"href":"https:\/\/www.europesays.com\/fr\/wp-json\/wp\/v2\/tags?post=327229"}],"curies":[{"name":"wp","href":"https:\/\/api.w.org\/{rel}","templated":true}]}}