{"id":327235,"date":"2025-08-18T14:42:22","date_gmt":"2025-08-18T14:42:22","guid":{"rendered":"https:\/\/www.europesays.com\/fr\/327235\/"},"modified":"2025-08-18T14:42:22","modified_gmt":"2025-08-18T14:42:22","slug":"anthony-crochet-un-berrichon-aux-championnats-deurope-en-finlande","status":"publish","type":"post","link":"https:\/\/www.europesays.com\/fr\/327235\/","title":{"rendered":"Anthony Crochet, un Berrichon aux championnats d\u2019Europe en Finlande"},"content":{"rendered":"<p>Voil\u00e0 le meilleur moyen pour pr\u00e9parer son plus gros d\u00e9fi de 2025\u00a0: sillonner les ruelles bond\u00e9es de Saint-Cyprien une semaine de 15\u00a0ao\u00fbt. Des vacances en famille qui peuvent rapidement\u00a0prendre des\u00a0airs de Spartan Race et de ses championnats d\u2019Europe pour lesquels il va s\u2019envoler\u00a0du c\u00f4t\u00e9 de Lathi (Finlande) samedi 23\u00a0ao\u00fbt alors qu\u2019il a encore un peu de sable dans les chaussures&#8230;. <\/p>\n<p>    Cet article a \u00e9t\u00e9 tronqu\u00e9. Abonnez-vous pour lire l&rsquo;article complet sur notre site.<\/p>\n<p style=\"margin: 0 !important; padding: 0 !important; font-size: 12px !important;\">Cet article a \u00e9t\u00e9 tronqu\u00e9. Abonnez-vous pour lire l&rsquo;article complet.<\/p>\n<p>    <a href=\"https:\/\/www.lanouvellerepublique.fr\/abonnements\" style=\"display: inline-block; margin-top: 5px !important; padding: 6px 12px !important; background: #cb1c27; color: white; text-decoration: none; border-radius: 4px; font-size: 12px !important;\" target=\"_blank\" rel=\"noopener\"><br \/>\n      S&rsquo;abonner<br \/>\n    <\/a><\/p>\n","protected":false},"excerpt":{"rendered":"Voil\u00e0 le meilleur moyen pour pr\u00e9parer son plus gros d\u00e9fi de 2025\u00a0: sillonner les ruelles bond\u00e9es de Saint-Cyprien&hellip;\n","protected":false},"author":2,"featured_media":327236,"comment_status":"","ping_status":"","sticky":false,"template":"","format":"standard","meta":{"footnotes":""},"categories":[1586],"tags":[11,4351,1777,674,1011,27,5052,12,25,7135,46409,60],"class_list":{"0":"post-327235","1":"post","2":"type-post","3":"status-publish","4":"format-standard","5":"has-post-thumbnail","7":"category-europe","8":"tag-actualites","9":"tag-chateauroux","10":"tag-eu","11":"tag-europe","12":"tag-fr","13":"tag-france","14":"tag-indre","15":"tag-news","16":"tag-republique-francaise","17":"tag-running","18":"tag-saint-benoit-du-sault","19":"tag-sports"},"share_on_mastodon":{"url":"https:\/\/pubeurope.com\/@fr\/115050299027552141","error":""},"_links":{"self":[{"href":"https:\/\/www.europesays.com\/fr\/wp-json\/wp\/v2\/posts\/327235","targetHints":{"allow":["GET"]}}],"collection":[{"href":"https:\/\/www.europesays.com\/fr\/wp-json\/wp\/v2\/posts"}],"about":[{"href":"https:\/\/www.europesays.com\/fr\/wp-json\/wp\/v2\/types\/post"}],"author":[{"embeddable":true,"href":"https:\/\/www.europesays.com\/fr\/wp-json\/wp\/v2\/users\/2"}],"replies":[{"embeddable":true,"href":"https:\/\/www.europesays.com\/fr\/wp-json\/wp\/v2\/comments?post=327235"}],"version-history":[{"count":0,"href":"https:\/\/www.europesays.com\/fr\/wp-json\/wp\/v2\/posts\/327235\/revisions"}],"wp:featuredmedia":[{"embeddable":true,"href":"https:\/\/www.europesays.com\/fr\/wp-json\/wp\/v2\/media\/327236"}],"wp:attachment":[{"href":"https:\/\/www.europesays.com\/fr\/wp-json\/wp\/v2\/media?parent=327235"}],"wp:term":[{"taxonomy":"category","embeddable":true,"href":"https:\/\/www.europesays.com\/fr\/wp-json\/wp\/v2\/categories?post=327235"},{"taxonomy":"post_tag","embeddable":true,"href":"https:\/\/www.europesays.com\/fr\/wp-json\/wp\/v2\/tags?post=327235"}],"curies":[{"name":"wp","href":"https:\/\/api.w.org\/{rel}","templated":true}]}}