{"id":327241,"date":"2025-08-18T14:45:13","date_gmt":"2025-08-18T14:45:13","guid":{"rendered":"https:\/\/www.europesays.com\/fr\/327241\/"},"modified":"2025-08-18T14:45:13","modified_gmt":"2025-08-18T14:45:13","slug":"une-retraitee-retrouvee-devoree-par-le-chien-du-voisin","status":"publish","type":"post","link":"https:\/\/www.europesays.com\/fr\/327241\/","title":{"rendered":"Une retrait\u00e9e retrouv\u00e9e d\u00e9vor\u00e9e par le chien du voisin"},"content":{"rendered":"<p>Une femme de 91 ans a \u00e9t\u00e9 retrouv\u00e9e morte \u00e0 son domicile dans le village de Visan, dans le <a href=\"https:\/\/www.20minutes.fr\/societe\/vaucluse\/\" class=\"c-link c-link--is-underlined\" target=\"_blank\" rel=\"noopener\">Vaucluse<\/a>. C\u2019est sa ni\u00e8ce venue lui rendre visite qui a d\u00e9couvert le corps dans un \u00e9tat horrible\u00a0: elle avait \u00e9t\u00e9 d\u00e9vor\u00e9e par le chien du voisin, rapporte le <a href=\"https:\/\/www.ledauphine.com\/faits-divers-justice\/2025\/08\/17\/elle-decouvre-sa-tante-morte-en-partie-devoree-par-le-chien-du-voisin\" rel=\"nofollow noopener\" target=\"_blank\" class=\"c-link c-link--is-underlined\">Dauphin\u00e9 Lib\u00e9r\u00e9<\/a>.<\/p>\n<p>D\u2019apr\u00e8s des informations judiciaires, la victime aurait succomb\u00e9 par peur, avant que l\u2019incident ne se produise. Une th\u00e9orie qui rassure ses amis. \u00ab\u00a0Je l\u2019esp\u00e8re pour elle, parce que mourir comme \u00e7a, c\u2019est horrible. Elle a \u00e9t\u00e9 d\u00e9chiquet\u00e9e\u00a0\u00bb, a soulign\u00e9 l\u2019une d\u2019elles. Une autre se souvient\u00a0: \u00ab\u00a0Elle a travaill\u00e9 dur toute sa vie sans jamais poser de probl\u00e8me. Elle \u00e9tait si discr\u00e8te.\u00a0\u00bb<\/p>\n<p>Le chien euthanasi\u00e9, le propri\u00e9taire dans le viseur de la justice<\/p>\n<p>Les <a href=\"https:\/\/www.20minutes.fr\/dossier\/gendarmerie\" class=\"c-link c-link--is-underlined\" target=\"_blank\" rel=\"noopener\">gendarmes <\/a>et les <a href=\"https:\/\/www.20minutes.fr\/dossier\/pompiers\" class=\"c-link c-link--is-underlined\" target=\"_blank\" rel=\"noopener\">pompiers <\/a>ont d\u00fb faire appel \u00e0 un v\u00e9t\u00e9rinaire pour neutraliser l\u2019animal. Selon eux, il avait la bouche pleine de poils et de sang. Ce dernier a \u00e9t\u00e9 euthanasi\u00e9. Une proc\u00e9dure judiciaire est en cours.<\/p>\n<p>Le drame a secou\u00e9 tout le village d\u2019habitude paisible, selon le journal local. Des habitants ont d\u00e9clar\u00e9 que le chien \u00e9tait incontr\u00f4lable et fr\u00e9quemment en libert\u00e9. \u00ab\u00a0Elle a souvent pos\u00e9 des probl\u00e8mes\u00a0\u00bb, a confi\u00e9 l\u2019une d\u2019elles.<\/p>\n","protected":false},"excerpt":{"rendered":"Une femme de 91 ans a \u00e9t\u00e9 retrouv\u00e9e morte \u00e0 son domicile dans le village de Visan, dans&hellip;\n","protected":false},"author":2,"featured_media":327242,"comment_status":"","ping_status":"","sticky":false,"template":"","format":"standard","meta":{"footnotes":""},"categories":[2],"tags":[47,11,118,1011,27,12,883,882,25,4520],"class_list":{"0":"post-327241","1":"post","2":"type-post","3":"status-publish","4":"format-standard","5":"has-post-thumbnail","7":"category-actualites","8":"tag-actualite","9":"tag-actualites","10":"tag-faits-divers","11":"tag-fr","12":"tag-france","13":"tag-news","14":"tag-paca","15":"tag-provence-alpes-cote-dazur","16":"tag-republique-francaise","17":"tag-vaucluse"},"share_on_mastodon":{"url":"https:\/\/pubeurope.com\/@fr\/115050311496781010","error":""},"_links":{"self":[{"href":"https:\/\/www.europesays.com\/fr\/wp-json\/wp\/v2\/posts\/327241","targetHints":{"allow":["GET"]}}],"collection":[{"href":"https:\/\/www.europesays.com\/fr\/wp-json\/wp\/v2\/posts"}],"about":[{"href":"https:\/\/www.europesays.com\/fr\/wp-json\/wp\/v2\/types\/post"}],"author":[{"embeddable":true,"href":"https:\/\/www.europesays.com\/fr\/wp-json\/wp\/v2\/users\/2"}],"replies":[{"embeddable":true,"href":"https:\/\/www.europesays.com\/fr\/wp-json\/wp\/v2\/comments?post=327241"}],"version-history":[{"count":0,"href":"https:\/\/www.europesays.com\/fr\/wp-json\/wp\/v2\/posts\/327241\/revisions"}],"wp:featuredmedia":[{"embeddable":true,"href":"https:\/\/www.europesays.com\/fr\/wp-json\/wp\/v2\/media\/327242"}],"wp:attachment":[{"href":"https:\/\/www.europesays.com\/fr\/wp-json\/wp\/v2\/media?parent=327241"}],"wp:term":[{"taxonomy":"category","embeddable":true,"href":"https:\/\/www.europesays.com\/fr\/wp-json\/wp\/v2\/categories?post=327241"},{"taxonomy":"post_tag","embeddable":true,"href":"https:\/\/www.europesays.com\/fr\/wp-json\/wp\/v2\/tags?post=327241"}],"curies":[{"name":"wp","href":"https:\/\/api.w.org\/{rel}","templated":true}]}}