{"id":327247,"date":"2025-08-18T14:49:14","date_gmt":"2025-08-18T14:49:14","guid":{"rendered":"https:\/\/www.europesays.com\/fr\/327247\/"},"modified":"2025-08-18T14:49:14","modified_gmt":"2025-08-18T14:49:14","slug":"vers-une-revolution-du-rugby-championship-et-si-2025-etait-la-derniere-edition-avant-longtemps","status":"publish","type":"post","link":"https:\/\/www.europesays.com\/fr\/327247\/","title":{"rendered":"Vers une r\u00e9volution du Rugby Championship, et si 2025 \u00e9tait la derni\u00e8re \u00e9dition avant longtemps ?"},"content":{"rendered":"<p>Alors que l&rsquo;\u00e9dition 2025 vient de d\u00e9buter, les derni\u00e8res nouvelles \u00e9voquent une r\u00e9volution du Rugby Championship. <strong>Organis\u00e9e tous les ans, la comp\u00e9tition pourrait se rar\u00e9fier \u00e0 l&rsquo;avenir<\/strong>, d&rsquo;apr\u00e8s des m\u00e9dias argentins et australiens, relay\u00e9s par Rugbyrama.<\/p>\n<p><strong>Des changements motiv\u00e9s par la volont\u00e9 de retrouver des tourn\u00e9es plus classiques, lucratives financi\u00e8rement<\/strong>. Avec une comp\u00e9tition qui se d\u00e9roule actuellement sur plusieurs mois, ces changements ne devraient pas d\u00e9plaire \u00e0 certains clubs europ\u00e9ens.<\/p>\n<p><a class=\"inserer_lien_article\" href=\"https:\/\/www.lerugbynistere.fr\/news\/les-springboks-humilies-et-les-all-blacks-prennent-le-large-le-rugby-championship-commence-sur-les-chapeaux-de-roues-1708251028.php\" data-id=\"45847\" data-route=\"app.article\" data-param=\"articleId\" ui-sref=\"app.article({articleId: 45847})\" alt=\"Les Springboks humili\u00e9s et les All Blacks prennent le large : le Rugby Championship commence sur les chapeaux de roues !\" title=\"Les Springboks humili\u00e9s et les All Blacks prennent le large : le Rugby Championship commence sur les chapeaux de roues !\" rel=\"nofollow noopener\" target=\"_blank\"><img decoding=\"async\" src=\"https:\/\/www.europesays.com\/fr\/wp-content\/uploads\/2025\/08\/rugby-championship-17-08-25-1965.jpg\" alt=\"Les Springboks humili\u00e9s et les All Blacks prennent le large : le Rugby Championship commence sur les chapeaux de roues !\"\/>Les Springboks humili\u00e9s et les All Blacks prennent le large : le Rugby Championship commence sur les chapeaux de roues !<\/a><\/p>\n<p><a class=\"inserer_lien_article\" href=\"https:\/\/www.lerugbynistere.fr\/news\/top-14-en-attendant-dupont-romain-ntamack-de-retour-avec-le-groupe-du-stade-toulousain-1808251152.php\" data-id=\"45854\" data-route=\"app.article\" data-param=\"articleId\" ui-sref=\"app.article({articleId: 45854})\" alt=\"TOP 14. En attendant Dupont, Romain Ntamack de retour avec le groupe du Stade Toulousain !\" title=\"TOP 14. En attendant Dupont, Romain Ntamack de retour avec le groupe du Stade Toulousain !\" rel=\"nofollow noopener\" target=\"_blank\"><img decoding=\"async\" src=\"https:\/\/www.europesays.com\/fr\/wp-content\/uploads\/2025\/08\/top-14-romain-ntamack-loin-du-stade-toulousain-louvreur-laisse-entrevoir-une-envie-dailleurs-28-03-2.jpeg\" alt=\"TOP 14. En attendant Dupont, Romain Ntamack de retour avec le groupe du Stade Toulousain !\"\/>TOP 14. En attendant Dupont, Romain Ntamack de retour avec le groupe du Stade Toulousain !<\/a><\/p>\n<p>Le projet serait donc de <strong>disputer le Rugby Championship tous les 2 ans, et donc laisser place \u00e0 des tourn\u00e9es plus classiques les ann\u00e9es o\u00f9 la comp\u00e9tition n&rsquo;a pas lieu<\/strong>. Ce sont principalement les f\u00e9d\u00e9rations n\u00e9o-z\u00e9landaises et sud-africaines qui militent pour cela.<\/p>\n<p><strong>Ces derni\u00e8res souhaiteraient mutuellement s&rsquo;affronter sous forme de tourn\u00e9es qui se d\u00e9rouleraient tous les 2 ans<\/strong>. Elles sont tr\u00e8s int\u00e9ressantes pour ces f\u00e9d\u00e9rations car tr\u00e8s lucratives financi\u00e8rement. <strong>Ce serait, pour le moment, le cas en 2026, 2028 et 2030<\/strong>. De leurs c\u00f4t\u00e9s, Australiens et Argentins refl\u00e9chissent \u00e0 une solution qui leur serait profitable. Un affrontement mutuel serait l&rsquo;option la plus probable.<\/p>\n<p><a class=\"inserer_lien_article\" href=\"https:\/\/www.lerugbynistere.fr\/news\/top-14-enfant-du-racing-92-ce-pilier-pourrait-rebondir-en-terres-parisiennes-1808251058.php\" data-id=\"45853\" data-route=\"app.article\" data-param=\"articleId\" ui-sref=\"app.article({articleId: 45853})\" alt=\"TOP 14. TRANSFERT. Enfant du Racing 92, ce pilier pourrait rebondir en terres parisiennes\" title=\"TOP 14. TRANSFERT. Enfant du Racing 92, ce pilier pourrait rebondir en terres parisiennes\" rel=\"nofollow noopener\" target=\"_blank\"><img decoding=\"async\" src=\"https:\/\/www.europesays.com\/fr\/wp-content\/uploads\/2025\/08\/eddy-ben-arous-au-stade-francas-18-08-25-4886.jpg\" alt=\"TOP 14. TRANSFERT. Enfant du Racing 92, ce pilier pourrait rebondir en terres parisiennes\"\/>TOP 14. TRANSFERT. Enfant du Racing 92, ce pilier pourrait rebondir en terres parisiennes<\/a><\/p>\n<p>Quelle suite pour le Rugby Championship ?<\/p>\n<p>Ainsi, le Rugby Championship ne se d\u00e9roulerait pas chaque ann\u00e9e comme c&rsquo;est le cas actuellement. <strong>L&rsquo;affrontement entre <a href=\"https:\/\/www.lerugbynistere.fr\/news\/le-classement-world-rugby-est-chamboule-qui-est-le-nouveau-n01-mondial-1708251450.php\" rel=\"nofollow noopener\" target=\"_blank\">les 2 premi\u00e8res nations mondiales au classement World Rugby<\/a> pourrait avoir lieu d\u00e8s 2026<\/strong>. Cela signifie que la comp\u00e9tition, anciennement \u00ab\u00a0Tri-nations\u00a0\u00bb, se tiendrait chaque ann\u00e9e impaire.<\/p>\n<p><a class=\"inserer_lien_article\" href=\"https:\/\/www.lerugbynistere.fr\/news\/le-classement-world-rugby-est-chamboule-qui-est-le-nouveau-n01-mondial-1708251450.php\" data-id=\"45850\" data-route=\"app.article\" data-param=\"articleId\" ui-sref=\"app.article({articleId: 45850})\" alt=\"Le classement World Rugby est chamboul\u00e9, qui est le nouveau n\u00b01 mondial ?\" title=\"Le classement World Rugby est chamboul\u00e9, qui est le nouveau n\u00b01 mondial ?\" rel=\"nofollow noopener\" target=\"_blank\"><img decoding=\"async\" src=\"https:\/\/www.europesays.com\/fr\/wp-content\/uploads\/2025\/08\/all-blacks-springboks-17-08-25-3487.jpg\" alt=\"Le classement World Rugby est chamboul\u00e9, qui est le nouveau n\u00b01 mondial ?\"\/>Le classement World Rugby est chamboul\u00e9, qui est le nouveau n\u00b01 mondial ?<\/a><\/p>\n<p>Cependant, il s&rsquo;agit aussi des ann\u00e9es <a href=\"https:\/\/www.lerugbynistere.fr\/international\/coupe-du-monde-rugby\/\" ui-sref=\"app.competition({competitionId: 9})\" alt=\"Coupe du monde\" data-route=\"app.competition\" data-param=\"competitionId\" data-id=\"9\" rel=\"nofollow noopener\" target=\"_blank\">Coupe du monde<\/a>, ce qui donnerait lieu, 1 fois sur 2, \u00e0 un Rugby Championship condens\u00e9. Pour rappel, en 2023, <strong>la comp\u00e9tition avait \u00e9t\u00e9 \u00e9court\u00e9e en 3 journ\u00e9es sur 3 semaines, avec seulement des matchs aller<\/strong>. \u00c0 contrario, actuellement, il s&rsquo;agit de matchs aller-retour, donc 6 journ\u00e9es de comp\u00e9tition \u00e9tal\u00e9es sur 3 mois pour l&rsquo;\u00e9dition 2025.<\/p>\n<p>Avec la possible alternance avec les tourn\u00e9es, cela signifierait que <strong>le Rugby Championship tel qu&rsquo;on le conna\u00eet dans son format actuel aurait lieu tous les 4 ans. Les autres \u00e9ditions \u00e9tant condens\u00e9es car se d\u00e9roulant en ann\u00e9e de Mondial<\/strong>. La prochaine fois que l&rsquo;on pourrait voir le Rugby Championship, tel qu&rsquo;il est, ce serait donc en 2029.<\/p>\n<p><a class=\"inserer_lien_article\" href=\"https:\/\/www.lerugbynistere.fr\/news\/top-14-ce-grand-espoir-du-rugby-francais-vers-un-club-rouge-et-noir-1708251635.php\" data-id=\"45851\" data-route=\"app.article\" data-param=\"articleId\" ui-sref=\"app.article({articleId: 45851})\" alt=\"TOP 14. Ce grand espoir du rugby fran\u00e7ais vers un club rouge et noir ?\" title=\"TOP 14. Ce grand espoir du rugby fran\u00e7ais vers un club rouge et noir ?\" rel=\"nofollow noopener\" target=\"_blank\"><img decoding=\"async\" src=\"https:\/\/www.europesays.com\/fr\/wp-content\/uploads\/2025\/08\/1755528554_942_nouchi-17-08-25-1144.jpg\" alt=\"TOP 14. Ce grand espoir du rugby fran\u00e7ais vers un club rouge et noir ?\"\/>TOP 14. Ce grand espoir du rugby fran\u00e7ais vers un club rouge et noir ?<\/a><\/p>\n","protected":false},"excerpt":{"rendered":"Alors que l&rsquo;\u00e9dition 2025 vient de d\u00e9buter, les derni\u00e8res nouvelles \u00e9voquent une r\u00e9volution du Rugby Championship. Organis\u00e9e tous&hellip;\n","protected":false},"author":2,"featured_media":327248,"comment_status":"","ping_status":"","sticky":false,"template":"","format":"standard","meta":{"footnotes":""},"categories":[1416],"tags":[1011,27,479,1468,60],"class_list":{"0":"post-327247","1":"post","2":"type-post","3":"status-publish","4":"format-standard","5":"has-post-thumbnail","7":"category-rugby","8":"tag-fr","9":"tag-france","10":"tag-rugby","11":"tag-rugby-football","12":"tag-sports"},"share_on_mastodon":{"url":"https:\/\/pubeurope.com\/@fr\/115050326702329483","error":""},"_links":{"self":[{"href":"https:\/\/www.europesays.com\/fr\/wp-json\/wp\/v2\/posts\/327247","targetHints":{"allow":["GET"]}}],"collection":[{"href":"https:\/\/www.europesays.com\/fr\/wp-json\/wp\/v2\/posts"}],"about":[{"href":"https:\/\/www.europesays.com\/fr\/wp-json\/wp\/v2\/types\/post"}],"author":[{"embeddable":true,"href":"https:\/\/www.europesays.com\/fr\/wp-json\/wp\/v2\/users\/2"}],"replies":[{"embeddable":true,"href":"https:\/\/www.europesays.com\/fr\/wp-json\/wp\/v2\/comments?post=327247"}],"version-history":[{"count":0,"href":"https:\/\/www.europesays.com\/fr\/wp-json\/wp\/v2\/posts\/327247\/revisions"}],"wp:featuredmedia":[{"embeddable":true,"href":"https:\/\/www.europesays.com\/fr\/wp-json\/wp\/v2\/media\/327248"}],"wp:attachment":[{"href":"https:\/\/www.europesays.com\/fr\/wp-json\/wp\/v2\/media?parent=327247"}],"wp:term":[{"taxonomy":"category","embeddable":true,"href":"https:\/\/www.europesays.com\/fr\/wp-json\/wp\/v2\/categories?post=327247"},{"taxonomy":"post_tag","embeddable":true,"href":"https:\/\/www.europesays.com\/fr\/wp-json\/wp\/v2\/tags?post=327247"}],"curies":[{"name":"wp","href":"https:\/\/api.w.org\/{rel}","templated":true}]}}