{"id":327252,"date":"2025-08-18T14:53:10","date_gmt":"2025-08-18T14:53:10","guid":{"rendered":"https:\/\/www.europesays.com\/fr\/327252\/"},"modified":"2025-08-18T14:53:10","modified_gmt":"2025-08-18T14:53:10","slug":"40-points-de-moyenne-sur-trois-matches-le-finlandais-lauri-markkanen-stratospherique-avant-leuro","status":"publish","type":"post","link":"https:\/\/www.europesays.com\/fr\/327252\/","title":{"rendered":"40 points de moyenne sur trois matches, le Finlandais Lauri Markkanen stratosph\u00e9rique avant l\u2019Euro"},"content":{"rendered":"<p>Le basketteur vedette de la Finlande, Lauri Markkanen, est dans la forme de sa vie \u00e0 quelques jours du d\u00e9but du championnat d\u2019Europe.<\/p>\n<p class=\"fig-paragraph\">La Finlande, 20e nation mondiale, ne s\u2019attend pas \u00e0 jouer pour une m\u00e9daille au championnat d\u2019Europe masculin de basket cet \u00e9t\u00e9 (27\u00a0ao\u00fbt &#8211;\u00a014\u00a0septembre). Mais son joueur vedette, Lauri Markkanen, lui donne le droit de r\u00eaver. L\u2019ailier-fort de 28 ans marche sur l\u2019eau depuis quelques jours, tournant \u00e0 une hallucinante moyenne de 40,3 points par match apr\u00e8s trois rencontres.<\/p>\n<p class=\"fig-paragraph\">Dans le d\u00e9tail, Markkanen (2,13\u00a0m) a inscrit 48 points en 25 minutes contre la Belgique (17\/24 aux tirs, 7\/13 \u00e0 3-points, 7\/8 aux lancers), 31 points en 23 minutes \u00e0 nouveau face aux Belges (8\/12 aux tirs, 4\/6 \u00e0 3-points, 11\/12 aux lancers) puis 42 points en 24 minutes dimanche dernier contre la Pologne, 17e au classement FIBA.<\/p>\n<p>                                    <a class=\"fig-a11y-skip a11y-hidden\" href=\"#fig-a11y-skip-main-inarticle\"><br \/>\n        Passer la publicit\u00e9<br \/>\n    <\/a><\/p>\n<p>Markkanen \u00abrespire la confiance\u00bb<\/p>\n<p class=\"fig-paragraph\">\u00abSa personnalit\u00e9 est encore plus importante que ce qui se passe sur le terrain. Il respire la confiance en soi. Le plus important, c\u2019est ce qui se passe en dehors du jeu. Cela se voit depuis le d\u00e9but de l\u2019\u00e9t\u00e9, dans la fa\u00e7on dont il s\u2019est pr\u00e9par\u00e9\u00bb, a appr\u00e9ci\u00e9 le s\u00e9lectionneur finlandais Lassi Tuovi. De quoi presque faire de l\u2019ombre aux autres stars attendues, de Luka Doncic \u00e0 Nikola Jokic en passant par Dennis Schr\u00f6der.<\/p>\n<p class=\"fig-paragraph\">Markkanen, draft\u00e9 en NBA en 2017 et actuel joueur du Utah Jazz, avait \u00e9t\u00e9\u00a0<a href=\"http:\/\/www.lefigaro.fr\/sports\/basket\/nba\/nba-embiid-morant-et-markkanen-titulaires-au-all-star-game-20230210\" data-fig-type=\"NewsFlash\" data-gtm-custom-categorie=\"navigation\" data-gtm-custom-action=\"crossclick\" data-gtm-custom-label=\"Contextuel\" data-gtm-event=\"customEventSPE\" data-fig-domain=\"LEFIGARO\" target=\"_blank\" rel=\"noopener\">\u00e9lu All-Star dans la ligue am\u00e9ricaine en 2023<\/a>, bouclant une saison \u00e0 25,6 pts et 8,6 rebonds de moyenne. Ce pur attaquant s\u2019\u00e9tait d\u00e9j\u00e0 transcend\u00e9 avec sa s\u00e9lection \u00e0 la Coupe du monde 2023, achev\u00e9e avec la troisi\u00e8me meilleure moyenne de points (24,8).<\/p>\n<p class=\"fig-paragraph\">La Finlande, l\u2019un des quatre pays \u00e0 accueillir des matches \u00e0 l\u2019Eurobasket 2025, jouera la phase de groupes \u00e0 domicile, notamment face \u00e0 l\u2019Allemagne championne du monde en titre. Les quatre premi\u00e8res nations (sur six) de chaque groupe seront qualifi\u00e9es pour les huiti\u00e8mes de finale.\u00a0<a href=\"http:\/\/www.lefigaro.fr\/sports\/basket\/basket-freddy-fauthoux-ecarte-nadir-hifi-en-vue-de-l-euro-20250817\" data-fig-type=\"NewsFlash\" data-gtm-custom-categorie=\"navigation\" data-gtm-custom-action=\"crossclick\" data-gtm-custom-label=\"Contextuel\" data-gtm-event=\"customEventSPE\" data-fig-domain=\"LEFIGARO\" target=\"_blank\" rel=\"noopener\">L\u2019\u00e9quipe de France<\/a>, plac\u00e9e dans le groupe\u00a0D ne pourrait pas affronter la Finlande avant les quarts de finale.<\/p>\n","protected":false},"excerpt":{"rendered":"Le basketteur vedette de la Finlande, Lauri Markkanen, est dans la forme de sa vie \u00e0 quelques jours&hellip;\n","protected":false},"author":2,"featured_media":327253,"comment_status":"","ping_status":"","sticky":false,"template":"","format":"standard","meta":{"footnotes":""},"categories":[1412],"tags":[2190,1465,1464,2180,2192,814,64,450,2183,1451,1452,1453,1454,1455,1011,27,2191,2193,820,2181,2182,2189,2186,2184,2185,1980,60,2188,2187],"class_list":{"0":"post-327252","1":"post","2":"type-post","3":"status-publish","4":"format-standard","5":"has-post-thumbnail","7":"category-f1","8":"tag-asvel","9":"tag-basket","10":"tag-basketball","11":"tag-championnats-deurope","12":"tag-cholet","13":"tag-direct","14":"tag-equipe-de-france","15":"tag-euro","16":"tag-euroligue","17":"tag-f1","18":"tag-formula-1","19":"tag-formula1","20":"tag-formule-1","21":"tag-formule1","22":"tag-fr","23":"tag-france","24":"tag-le-mans","25":"tag-limoges","26":"tag-live","27":"tag-mondial","28":"tag-nba","29":"tag-photos","30":"tag-play-offs","31":"tag-pro-a","32":"tag-pro-b","33":"tag-resultats","34":"tag-sports","35":"tag-statistiques","36":"tag-stats"},"share_on_mastodon":{"url":"https:\/\/pubeurope.com\/@fr\/115050342179071795","error":""},"_links":{"self":[{"href":"https:\/\/www.europesays.com\/fr\/wp-json\/wp\/v2\/posts\/327252","targetHints":{"allow":["GET"]}}],"collection":[{"href":"https:\/\/www.europesays.com\/fr\/wp-json\/wp\/v2\/posts"}],"about":[{"href":"https:\/\/www.europesays.com\/fr\/wp-json\/wp\/v2\/types\/post"}],"author":[{"embeddable":true,"href":"https:\/\/www.europesays.com\/fr\/wp-json\/wp\/v2\/users\/2"}],"replies":[{"embeddable":true,"href":"https:\/\/www.europesays.com\/fr\/wp-json\/wp\/v2\/comments?post=327252"}],"version-history":[{"count":0,"href":"https:\/\/www.europesays.com\/fr\/wp-json\/wp\/v2\/posts\/327252\/revisions"}],"wp:featuredmedia":[{"embeddable":true,"href":"https:\/\/www.europesays.com\/fr\/wp-json\/wp\/v2\/media\/327253"}],"wp:attachment":[{"href":"https:\/\/www.europesays.com\/fr\/wp-json\/wp\/v2\/media?parent=327252"}],"wp:term":[{"taxonomy":"category","embeddable":true,"href":"https:\/\/www.europesays.com\/fr\/wp-json\/wp\/v2\/categories?post=327252"},{"taxonomy":"post_tag","embeddable":true,"href":"https:\/\/www.europesays.com\/fr\/wp-json\/wp\/v2\/tags?post=327252"}],"curies":[{"name":"wp","href":"https:\/\/api.w.org\/{rel}","templated":true}]}}