{"id":327256,"date":"2025-08-18T14:55:12","date_gmt":"2025-08-18T14:55:12","guid":{"rendered":"https:\/\/www.europesays.com\/fr\/327256\/"},"modified":"2025-08-18T14:55:12","modified_gmt":"2025-08-18T14:55:12","slug":"matthias-jouan-us-granville-on-ne-veut-pas-vivre-la-meme-saison-que-lannee-derniere","status":"publish","type":"post","link":"https:\/\/www.europesays.com\/fr\/327256\/","title":{"rendered":"Matthias Jouan (US Granville ) : \u00ab\u00a0On ne veut pas vivre la m\u00eame saison que l\u2019ann\u00e9e derni\u00e8re\u00a0\u00bb"},"content":{"rendered":"<p><img decoding=\"async\" src=\"https:\/\/www.europesays.com\/fr\/wp-content\/uploads\/2025\/08\/671_67cb0ad196581214db7531a5f3614f9a.jpg\" alt=\"Matthias Jouan (US Granville ) : &quot;On ne veut pas vivre la m\u00eame saison que l\u2019ann\u00e9e derni\u00e8re&quot;\" class=\"img-responsive mt-3\"\/><\/p>\n<p class=\"text-center mb-3\" style=\"font-size: 14px\">\u00a9 Iconsport<\/p>\n<p>      <strong>\u00ab\u00a0Je peux affirmer que j\u2019ai gagn\u00e9 en qualit\u00e9 d\u00e9fensive\u00a0\u00bb<\/strong><\/p>\n<p style=\"text-align: justify;\">Matthias Jouan, entra\u00eeneur de l&rsquo;US Granville dans<a href=\"https:\/\/www.ouest-france.fr\/sport\/football\/granville-us\/us-granville-matthias-jouan-un-effectif-de-qualite-et-de-quantite-6aae9e34-79df-11f0-86ed-565860524f67\" target=\"_blank\" rel=\"noopener\"> Ouest France<\/a> : \u00ab\u00a0Il est certain qu\u2019on ne veut pas vivre la m\u00eame saison que l\u2019ann\u00e9e derni\u00e8re. Certes, elle a \u00e9t\u00e9 enrichissante, certes, on a pris de l\u2019exp\u00e9rience, mais elle a fait trop mal \u00e0 la t\u00eate. Par contre, elle doit nous permettre de rebondir plus vite dans les mauvaises situations.<\/p>\n<p style=\"text-align: justify;\">On a pu travailler avec un effectif de qualit\u00e9 et de quantit\u00e9, m\u00eame si on a eu un renouvellement assez gros de joueurs<\/p>\n<p style=\"text-align: justify;\">D\u00e9j\u00e0, je peux affirmer que j\u2019ai gagn\u00e9 en qualit\u00e9 d\u00e9fensive. Ce secteur, d\u00e8s maintenant, est beaucoup plus consistant que celui de la saison derni\u00e8re et j\u2019ai de l\u2019exp\u00e9rience. J\u2019ai aussi des jeunes plus \u00e0 l\u2019\u00e9coute et qui ont envie de progresser.\u00a0\u00bb<\/p>\n<p style=\"text-align: justify;\">Granville a fait match nul 0 \u00e0 0 face \u00e0 Chauray pour la premi\u00e8re journ\u00e9e de National 2, et se d\u00e9place \u00e0 Bordeaux pour jouer face aux Girondins samedi 23 ao\u00fbt \u00e0 18h.<\/p>\n<p style=\"text-align: justify;\">L&rsquo;entraineur sera ce soir dans le Talk sur WebGirondins \u00e0 partir de 19h30. C&rsquo;est diffus\u00e9 sur notre site et cha\u00eene YouTube.\u00a0<\/p>\n<p style=\"text-align: justify;\">\u00c0 \u00e9couter &gt;&gt; <strong><a href=\"https:\/\/www.webgirondins.com\/actualite-girondins-girondins-les-4-tops-de-bordeaux-avranches-0-0-130087\" target=\"_blank\" rel=\"noopener\">les 4 tops de Bordeaux-Avranches (0-0)<\/a><\/strong><\/p>\n<p>\u00a0<\/p>\n<p>\u00a0<\/p>\n","protected":false},"excerpt":{"rendered":"\u00a9 Iconsport \u00ab\u00a0Je peux affirmer que j\u2019ai gagn\u00e9 en qualit\u00e9 d\u00e9fensive\u00a0\u00bb Matthias Jouan, entra\u00eeneur de l&rsquo;US Granville dans&hellip;\n","protected":false},"author":2,"featured_media":327257,"comment_status":"","ping_status":"","sticky":false,"template":"","format":"standard","meta":{"footnotes":""},"categories":[1410],"tags":[3231,5648,9424,14353,1448,1994,7049,63,1011,27,19521,46412,46411,3133,3238,2043,5241,14992,471,14173,3242,60,9870,3681],"class_list":{"0":"post-327256","1":"post","2":"type-post","3":"status-publish","4":"format-standard","5":"has-post-thumbnail","7":"category-football","8":"tag-ambitions","9":"tag-annee","10":"tag-derniere","11":"tag-descente","12":"tag-difficile","13":"tag-entraineur","14":"tag-eviter","15":"tag-football","16":"tag-fr","17":"tag-france","18":"tag-granville","19":"tag-jouan","20":"tag-matthias","21":"tag-meme","22":"tag-national","23":"tag-nouvelle","24":"tag-on","25":"tag-partage","26":"tag-pour","27":"tag-revient","28":"tag-saison","29":"tag-sports","30":"tag-veut","31":"tag-vivre"},"share_on_mastodon":{"url":"https:\/\/pubeurope.com\/@fr\/115050350130254532","error":""},"_links":{"self":[{"href":"https:\/\/www.europesays.com\/fr\/wp-json\/wp\/v2\/posts\/327256","targetHints":{"allow":["GET"]}}],"collection":[{"href":"https:\/\/www.europesays.com\/fr\/wp-json\/wp\/v2\/posts"}],"about":[{"href":"https:\/\/www.europesays.com\/fr\/wp-json\/wp\/v2\/types\/post"}],"author":[{"embeddable":true,"href":"https:\/\/www.europesays.com\/fr\/wp-json\/wp\/v2\/users\/2"}],"replies":[{"embeddable":true,"href":"https:\/\/www.europesays.com\/fr\/wp-json\/wp\/v2\/comments?post=327256"}],"version-history":[{"count":0,"href":"https:\/\/www.europesays.com\/fr\/wp-json\/wp\/v2\/posts\/327256\/revisions"}],"wp:featuredmedia":[{"embeddable":true,"href":"https:\/\/www.europesays.com\/fr\/wp-json\/wp\/v2\/media\/327257"}],"wp:attachment":[{"href":"https:\/\/www.europesays.com\/fr\/wp-json\/wp\/v2\/media?parent=327256"}],"wp:term":[{"taxonomy":"category","embeddable":true,"href":"https:\/\/www.europesays.com\/fr\/wp-json\/wp\/v2\/categories?post=327256"},{"taxonomy":"post_tag","embeddable":true,"href":"https:\/\/www.europesays.com\/fr\/wp-json\/wp\/v2\/tags?post=327256"}],"curies":[{"name":"wp","href":"https:\/\/api.w.org\/{rel}","templated":true}]}}