{"id":32726,"date":"2025-04-18T00:02:26","date_gmt":"2025-04-18T00:02:26","guid":{"rendered":"https:\/\/www.europesays.com\/fr\/32726\/"},"modified":"2025-04-18T00:02:26","modified_gmt":"2025-04-18T00:02:26","slug":"sept-kilometres-de-parcours-pour-decouvrir-46-cuvees-et-six-plats","status":"publish","type":"post","link":"https:\/\/www.europesays.com\/fr\/32726\/","title":{"rendered":"sept kilom\u00e8tres de parcours pour d\u00e9couvrir 46 cuv\u00e9es et six plats"},"content":{"rendered":"<p>            Par<br \/>\n        <strong><br \/>\n            <a href=\"https:\/\/actu.fr\/auteur\/metropoop\" title=\"Consulter tous les articles de R\u00e9daction M\u00e9tropolitain\" rel=\"nofollow noopener\" target=\"_blank\">R\u00e9daction M\u00e9tropolitain<\/a><br \/>\n        <\/strong><\/p>\n<p>        Publi\u00e9 le<\/p>\n<p>            12 avr. 2025 \u00e0 19h36        <\/p>\n<p>Chaussures confortables, estomac vide et verre \u00e0 la main : voil\u00e0 l\u2019\u00e9quipement de base pour explorer Montpellier fa\u00e7on gourmet randonneur. La balade \u00ab\u00a0Aux Gr\u00e9s de Montpellier\u00a0\u00bb se d\u00e9roule <strong>ce dimanche 11 mai<\/strong>. L\u2019\u00e9v\u00e9nement associe patrimoine, gastronomie et vins locaux, et s\u2019adresse \u00e0 un public amateur de produits du terroir et de d\u00e9couvertes culturelles. Le parcours est enti\u00e8rement p\u00e9destre. Il mesure environ sept kilom\u00e8tres et traverse des zones historiques de la ville, accessibles uniquement \u00e0 pied.<\/p>\n<p>Six \u00e9tapes pour d\u00e9guster et d\u00e9couvrir<\/p>\n<p class=\" wall-content\">Le d\u00e9part se fait <strong>entre 9h30 et 14h<\/strong>, par cr\u00e9neaux de 15 minutes depuis le Ch\u00e2teau de la Piscine. Chaque participant re\u00e7oit un porte-verre, un verre de d\u00e9gustation, un carnet de balade, un crayon, des couverts. Six haltes sont pr\u00e9vues. \u00c0 chaque \u00e9tape, les promeneurs d\u00e9gustent un plat accompagn\u00e9 d\u2019un ou plusieurs vins de l\u2019AOC Gr\u00e9s de Montpellier. Au total, 46 cuv\u00e9es sont propos\u00e9es \u00e0 la d\u00e9gustation.<\/p>\n<p>    <a href=\"https:\/\/www.google.com\/maps\/embed?pb=!1m18!1m12!1m3!1d2888.8258364741496!2d3.8397479000000003!3d43.6101678!2m3!1f0!2f0!3f0!3m2!1i1024!2i768!4f13.1!3m3!1m2!1s0x12b6af1e00d0286b%3A0x794ab257882231bd!2sChateau%20de%20la%20piscine!5e0!3m2!1sfr!2sfr!4v1744301587644!5m2!1sfr!2sfr\" title=\"Ouvrie le lien\" rel=\"nofollow noopener\" target=\"_blank\">Cliquez ici pour visualiser le contenu<\/a><\/p>\n<p class=\" wall-content\">Les plats sont pr\u00e9par\u00e9s par des chefs du territoire labellis\u00e9s Chefs d\u2019oc. Parmi eux : Jacques Mazerand (Le Mazerand), Cl\u00e9ment G\u00e9ly (Le VR \u00e0 vin) et Thomas R\u00e9a (La Table des Po\u00e8tes). Le traiteur Grand participe \u00e9galement \u00e0 la r\u00e9alisation du menu. Le menu complet comprend une mise en bouche, une entr\u00e9e, un plat principal, un fromage et un dessert. Le parcours permet de d\u00e9couvrir le centre ancien de Montpellier et rend hommage \u00e0 des figures historiques de la ville. Des noms comme Edmond Leenhardt, Jean-Antoine Giral ou Pierre Richer de Belleval sont \u00e9voqu\u00e9s au fil de la marche.<\/p>\n<p><strong>&gt; Pratique :<\/strong> Le tarif adulte est fix\u00e9 \u00e0 <strong>85 euros<\/strong>. Un tarif r\u00e9duit \u00e0 <strong>75 euros<\/strong> s\u2019applique pour les groupes \u00e0 partir de 12 personnes. Pour les enfants de moins de 15 ans, le prix est de 28 euros. Les places sont limit\u00e9es. La r\u00e9servation est obligatoire et <a href=\"https:\/\/reservations.languedoc-aoc.com\" rel=\"nofollow noopener\" target=\"_blank\">s\u2019effectue en ligne\u00a0<\/a>Vid\u00e9os : en ce moment sur Actu<\/p>\n<p class=\" wall-content\">Suivez toute l\u2019actualit\u00e9 de vos villes et m\u00e9dias favoris en vous inscrivant \u00e0 <a href=\"https:\/\/moncompte.actu.fr\" title=\"D\u00e9couvez Mon Actu\" rel=\"nofollow noopener\" data-trk=\"{&quot;cta&quot;:{&quot;action&quot;:&quot;https:\\\/\\\/moncompte.actu.fr&quot;,&quot;category&quot;:&quot;mon compte&quot;,&quot;from&quot;:&quot;article footer&quot;,&quot;name&quot;:&quot;Mon actu&quot;,&quot;type&quot;:&quot;cta&quot;}}\" target=\"_blank\">Mon Actu<\/a>.<\/p>\n","protected":false},"excerpt":{"rendered":"Par R\u00e9daction M\u00e9tropolitain Publi\u00e9 le 12 avr. 2025 \u00e0 19h36 Chaussures confortables, estomac vide et verre \u00e0 la&hellip;\n","protected":false},"author":2,"featured_media":32727,"comment_status":"","ping_status":"","sticky":false,"template":"","format":"standard","meta":{"footnotes":""},"categories":[9599],"tags":[1111,11,258,7552,1777,674,1011,27,1305,2208,12,2680,25],"class_list":{"0":"post-32726","1":"post","2":"type-post","3":"status-publish","4":"format-standard","5":"has-post-thumbnail","7":"category-montpellier","8":"tag-actu","9":"tag-actualites","10":"tag-alimentation","11":"tag-balade","12":"tag-eu","13":"tag-europe","14":"tag-fr","15":"tag-france","16":"tag-lifestyle","17":"tag-montpellier","18":"tag-news","19":"tag-occitanie","20":"tag-republique-francaise"},"share_on_mastodon":{"url":"https:\/\/pubeurope.com\/@fr\/114356036934658722","error":""},"_links":{"self":[{"href":"https:\/\/www.europesays.com\/fr\/wp-json\/wp\/v2\/posts\/32726","targetHints":{"allow":["GET"]}}],"collection":[{"href":"https:\/\/www.europesays.com\/fr\/wp-json\/wp\/v2\/posts"}],"about":[{"href":"https:\/\/www.europesays.com\/fr\/wp-json\/wp\/v2\/types\/post"}],"author":[{"embeddable":true,"href":"https:\/\/www.europesays.com\/fr\/wp-json\/wp\/v2\/users\/2"}],"replies":[{"embeddable":true,"href":"https:\/\/www.europesays.com\/fr\/wp-json\/wp\/v2\/comments?post=32726"}],"version-history":[{"count":0,"href":"https:\/\/www.europesays.com\/fr\/wp-json\/wp\/v2\/posts\/32726\/revisions"}],"wp:featuredmedia":[{"embeddable":true,"href":"https:\/\/www.europesays.com\/fr\/wp-json\/wp\/v2\/media\/32727"}],"wp:attachment":[{"href":"https:\/\/www.europesays.com\/fr\/wp-json\/wp\/v2\/media?parent=32726"}],"wp:term":[{"taxonomy":"category","embeddable":true,"href":"https:\/\/www.europesays.com\/fr\/wp-json\/wp\/v2\/categories?post=32726"},{"taxonomy":"post_tag","embeddable":true,"href":"https:\/\/www.europesays.com\/fr\/wp-json\/wp\/v2\/tags?post=32726"}],"curies":[{"name":"wp","href":"https:\/\/api.w.org\/{rel}","templated":true}]}}