{"id":327260,"date":"2025-08-18T14:57:22","date_gmt":"2025-08-18T14:57:22","guid":{"rendered":"https:\/\/www.europesays.com\/fr\/327260\/"},"modified":"2025-08-18T14:57:22","modified_gmt":"2025-08-18T14:57:22","slug":"la-galerie-du-pollet-sinstalle-dans-le-centre-ville-de-dieppe","status":"publish","type":"post","link":"https:\/\/www.europesays.com\/fr\/327260\/","title":{"rendered":"La Galerie du Pollet s\u2019installe dans le centre-ville de Dieppe"},"content":{"rendered":"<p>            Par<br \/>\n        <strong><br \/>\n            <a href=\"https:\/\/actu.fr\/auteur\/marie-lemaistre\" title=\"Consulter tous les articles de Marie LEMAISTRE\" rel=\"nofollow noopener\" target=\"_blank\">Marie LEMAISTRE<\/a><br \/>\n        <\/strong><\/p>\n<p>        Publi\u00e9 le<\/p>\n<p>            18 ao\u00fbt 2025 \u00e0 9h03        <\/p>\n<p data-end=\"474\">C\u2019est un projet qui a d\u2019abord connu une existence virtuelle. Cr\u00e9\u00e9e en ligne il y a plus de deux ans par Bertrand Lavalou La Galerie du Pollet a investit la rue Notre-Dame \u00e0 <a href=\"https:\/\/actu.fr\/les-informations-dieppoises\/\" rel=\"nofollow noopener\" target=\"_blank\">Dieppe (Seine-Maritime)<\/a>, avec une boutique ouverte depuis le <b>1er juin 2025<\/b>.<b><br \/><\/b><\/p>\n<p data-end=\"474\" class=\" wall-content\">Install\u00e9 dans le quartier \u00e9ponyme depuis cinq ans, l\u2019amateur de belles toiles a lanc\u00e9 il y a environ trois ans son site marchand <b data-end=\"617\">lagaleriedupollet.com<\/b>, dont il a conserv\u00e9 le nom pour la boutique.<\/p>\n<p data-end=\"1190\" class=\" wall-content\">Apr\u00e8s de longues ann\u00e9es pass\u00e9es dans le marketing digital, en freelance, ce fils et petit-fils de <b>collectionneurs <\/b>d\u2019art a tout quitt\u00e9 pour vivre de sa passion, en ligne mais aussi \u00e0 travers quelques r\u00e9unions physiques entre amateurs d\u2019art \u00e0 son domicile, et des expositions ponctuelles \u00e0 la Red House.<br data-end=\"828\"\/>\u00ab\u2009Au d\u00e9part, c\u2019\u00e9taient surtout des <b>tableaux<\/b>, avec un peu de <b>sculpture<\/b>, relate le collectionneur. Je passe beaucoup de temps \u00e0 les d\u00e9nicher. L\u2019id\u00e9e, c\u2019est de trouver des \u0153uvres de qualit\u00e9 et de pouvoir les proposer \u00e0 un prix accessible au plus grand nombre.\u2009\u00bb<\/p>\n<p>Associer tableaux et luminaires<\/p>\n<p data-end=\"1543\" class=\" wall-content\">Pour cette ouverture, le marchand d\u2019art s\u2019est associ\u00e9 \u00e0 <b>un ami <\/b>de 30 ans, Fr\u00e9d\u00e9ric Vuillaume, passionn\u00e9 de luminaire mais aussi de <b>design <\/b>en g\u00e9n\u00e9ral.<\/p>\n<p>    <img   decoding=\"async\" loading=\"lazy\" class=\"size-large\" src=\"https:\/\/www.europesays.com\/fr\/wp-content\/uploads\/2025\/08\/eb8703343f986209703343f9814970v-960x640.jpg\" alt=\"Apr\u00e8s trois ans d'existence virtuelle, la Galerie du Pollet compte d\u00e9sormais une boutique \u00e0 Dieppe (Seine-Maritime). Bertrand Lavalou, passionn\u00e9 de peinture, et Fr\u00e9d\u00e9ric Vuillaume, amateur de luminaires.\" width=\"960\" height=\"640\"\/><br \/>\n    Derri\u00e8re ce projet, Bertrand Lavalou, passionn\u00e9 de peinture, et Fr\u00e9d\u00e9ric Vuillaume, amateur de luminaires. \u00a9Marie LemaistreVid\u00e9os : en ce moment sur Actu<\/p>\n<p data-end=\"2026\" class=\" wall-content\">Architecte de formation, ce dernier a exerc\u00e9 ce m\u00e9tier pendant vingt ans, avant de travailler vingt autres ann\u00e9es comme ma\u00eetre d\u2019\u0153uvre.<\/p>\n<p data-end=\"2026\" class=\" wall-content\">Le sexag\u00e9naire, qui poss\u00e8de depuis quatorze ans un pied-\u00e0-terre \u00e0 Eu et y passait de plus en plus de temps, a tout quitt\u00e9 en <b>octobre <\/b>dernier, revenant \u00e0 ses premiers amours. \u00ab\u2009J\u2019en avais marre d\u2019\u00eatre \u00e0 Paris, la voie dans laquelle je travaillais, confie-t-il. Avant d\u2019\u00eatre architecte, j\u2019ai d\u2019abord aim\u00e9 les lampes. J\u2019en dessine depuis que j\u2019ai 20 ans.\u2009\u00bb<\/p>\n<p>Votre r\u00e9gion, votre actu !<\/p>\n<p>Recevez chaque jour les infos qui comptent pour vous.<\/p>\n<p>\t<a href=\"https:\/\/actu.fr\/newsletter\" class=\"ac-btn ac-btn--corner ac-btn--medium ac-btn--blue800\" rel=\"nofollow noopener\" target=\"_blank\">S&rsquo;incrire<\/a><\/p>\n<p data-end=\"2521\" class=\" wall-content\">Il se d\u00e9finit d\u2019ailleurs comme <b data-end=\"2086\">lampiste<\/b>, terme qui d\u00e9signe la personne charg\u00e9e de l\u2019entretien des lampes, mais aussi, par extension, celui \u00e0 qui l\u2019on fait endosser injustement les responsabilit\u00e9s.<\/p>\n<p data-end=\"2521\" class=\" wall-content\">\u00ab\u2009Mon p\u00e8re n\u2019aimait pas ce mot, mais moi, je trouve que lampiste, \u00e7a me va bien\u2009\u00bb, sourit-il.<\/p>\n<p data-end=\"2521\" class=\" wall-content\">Son objectif\u2009: proposer un jour ses propres cr\u00e9ations. \u00ab\u2009Je continuerai toujours \u00e0 vendre de <b>belles lampes<\/b> que j\u2019aime, \u00e0 <b>chiner<\/b>\u2009\u00bb, pr\u00e9cise celui qui est aussi fils d\u2019amateurs d\u2019art.<\/p>\n<p>De futures expositions<\/p>\n<p data-end=\"3035\" class=\" wall-content\">C\u00f4t\u00e9 tableaux comme c\u00f4t\u00e9 lampes, les propositions sont <b>\u00e9clectiques<\/b>. \u00ab\u2009J\u2019aime bien le 20e si\u00e8cle d\u2019une fa\u00e7on g\u00e9n\u00e9rale, mais il y a des exceptions, d\u00e9veloppe Bertrand Lavalou. Il faut qu\u2019un tableau m\u2019interpelle, soit qu\u2019il me g\u00eane, soit qu\u2019il m\u2019<b>intrigue<\/b>. Les \u0153uvres qui s\u00e9duisent d\u2019embl\u00e9e sont souvent celles qui vous int\u00e9ressent le moins longtemps.\u2009\u00bb<\/p>\n<p data-end=\"3035\" class=\" wall-content\">Dans l\u2019univers de Fr\u00e9d\u00e9ric Vuillaume, toutes les \u00e9poques se croisent, de 1930 aux ann\u00e9es 2000, \u00e0 chaque fois \u00ab\u2009des coups de c\u0153ur.\u2009\u00bb \u00ab\u2009Il y a beaucoup d\u2019ann\u00e9es 60-70, j\u2019ai \u00e9t\u00e9 marqu\u00e9 par ma formation d\u2019architecte, c\u2019est l\u2019\u00e9poque du design moderne\u2009\u00bb, d\u00e9crit-il.<\/p>\n<p>    <img   decoding=\"async\" loading=\"lazy\" class=\"size-large\" src=\"https:\/\/www.europesays.com\/fr\/wp-content\/uploads\/2025\/08\/603ed2343f986a43ed2343f98883edv-960x640.jpg\" alt=\"Apr\u00e8s trois ans d'existence virtuelle, la Galerie du Pollet compte d\u00e9sormais une boutique \u00e0 Dieppe (Seine-Maritime). Bertrand Lavalou, passionn\u00e9 de peinture, et Fr\u00e9d\u00e9ric Vuillaume, amateur de luminaires.\" width=\"960\" height=\"640\"\/><br \/>\n    Une cave servira \u00e0 accueillir de futures expositions. \u00a9Marie Lemaistre<\/p>\n<p data-end=\"3267\" class=\" wall-content\">Le magasin dispose de 23 m\u00b2 d\u2019exposition et de 60 m\u00b2 en sous-sol. Avec cette cave ancienne du 13e si\u00e8cle, les deux propri\u00e9taires g\u00e9rants envisagent \u00e0 terme de jouer aussi le r\u00f4le de galeristes, en pr\u00e9sentant ponctuellement le travail d\u2019autres artistes.<\/p>\n<p>La Galerie du Pollet, 19 rue Notre-Dame, \u00e0 Dieppe. Ouvert du mercredi au dimanche, de 10\u2009h \u00e0 12\u2009h\u200930 et de 14\u2009h \u00e0 19\u2009h.\u00a0Le site Internet galeriedupollet.com propose \u00e9galement tableaux et luminaires.<\/p>\n<p class=\" wall-content\">Personnalisez votre actualit\u00e9 en ajoutant vos villes et m\u00e9dias en favori avec <a href=\"https:\/\/moncompte.actu.fr\" title=\"D\u00e9couvez Mon Actu\" rel=\"nofollow noopener\" data-trk=\"{&quot;cta&quot;:{&quot;action&quot;:&quot;https:\\\/\\\/moncompte.actu.fr&quot;,&quot;category&quot;:&quot;mon compte&quot;,&quot;from&quot;:&quot;article footer&quot;,&quot;name&quot;:&quot;Mon actu&quot;,&quot;type&quot;:&quot;cta&quot;}}\" target=\"_blank\">Mon Actu<\/a>.<\/p>\n","protected":false},"excerpt":{"rendered":"Par Marie LEMAISTRE Publi\u00e9 le 18 ao\u00fbt 2025 \u00e0 9h03 C\u2019est un projet qui a d\u2019abord connu une&hellip;\n","protected":false},"author":2,"featured_media":327261,"comment_status":"","ping_status":"","sticky":false,"template":"","format":"standard","meta":{"footnotes":""},"categories":[1358],"tags":[1477,1348,1384,1385,1386,58,59,1011,27,1652],"class_list":{"0":"post-327260","1":"post","2":"type-post","3":"status-publish","4":"format-standard","5":"has-post-thumbnail","7":"category-arts-et-design","8":"tag-artisanat","9":"tag-arts","10":"tag-arts-and-design","11":"tag-arts-et-design","12":"tag-design","13":"tag-divertissement","14":"tag-entertainment","15":"tag-fr","16":"tag-france","17":"tag-loisirs-culture"},"share_on_mastodon":{"url":"https:\/\/pubeurope.com\/@fr\/115050358283135621","error":""},"_links":{"self":[{"href":"https:\/\/www.europesays.com\/fr\/wp-json\/wp\/v2\/posts\/327260","targetHints":{"allow":["GET"]}}],"collection":[{"href":"https:\/\/www.europesays.com\/fr\/wp-json\/wp\/v2\/posts"}],"about":[{"href":"https:\/\/www.europesays.com\/fr\/wp-json\/wp\/v2\/types\/post"}],"author":[{"embeddable":true,"href":"https:\/\/www.europesays.com\/fr\/wp-json\/wp\/v2\/users\/2"}],"replies":[{"embeddable":true,"href":"https:\/\/www.europesays.com\/fr\/wp-json\/wp\/v2\/comments?post=327260"}],"version-history":[{"count":0,"href":"https:\/\/www.europesays.com\/fr\/wp-json\/wp\/v2\/posts\/327260\/revisions"}],"wp:featuredmedia":[{"embeddable":true,"href":"https:\/\/www.europesays.com\/fr\/wp-json\/wp\/v2\/media\/327261"}],"wp:attachment":[{"href":"https:\/\/www.europesays.com\/fr\/wp-json\/wp\/v2\/media?parent=327260"}],"wp:term":[{"taxonomy":"category","embeddable":true,"href":"https:\/\/www.europesays.com\/fr\/wp-json\/wp\/v2\/categories?post=327260"},{"taxonomy":"post_tag","embeddable":true,"href":"https:\/\/www.europesays.com\/fr\/wp-json\/wp\/v2\/tags?post=327260"}],"curies":[{"name":"wp","href":"https:\/\/api.w.org\/{rel}","templated":true}]}}