{"id":327264,"date":"2025-08-18T14:59:15","date_gmt":"2025-08-18T14:59:15","guid":{"rendered":"https:\/\/www.europesays.com\/fr\/327264\/"},"modified":"2025-08-18T14:59:15","modified_gmt":"2025-08-18T14:59:15","slug":"je-dois-me-preparer-mentalement-pour-la-regarder-cette-serie-quheather-tom-amour-gloire-et-beaute-adore-mais-la-deprime-aussi","status":"publish","type":"post","link":"https:\/\/www.europesays.com\/fr\/327264\/","title":{"rendered":"\u00ab\u00a0Je dois me pr\u00e9parer mentalement pour la regarder\u00a0\u00bb\u00a0: Cette s\u00e9rie qu&rsquo;Heather Tom (\u00ab\u00a0Amour, gloire et beaut\u00e9\u00a0\u00bb) adore mais la d\u00e9prime aussi"},"content":{"rendered":"<p class=\"ap-StoryElement ap-StoryElement--mb js-paywall-target ap-StoryText\">Rencontr\u00e9e en juin dernier au Festival de T\u00e9l\u00e9vision de Monte-Carlo, Heather Tom revient sur le r\u00f4le de Katie Logan qu&rsquo;elle joue depuis pr\u00e8s de deux d\u00e9cennies dans Amour, gloire et beaut\u00e9. \u00ab\u00a0Katie a beaucoup \u00e9volu\u00e9 en deux d\u00e9cennies. Elle n&rsquo;est plus du tout dans le m\u00eame rythme qu&rsquo;au d\u00e9but, explique-t-elle. Quand elle est arriv\u00e9e dans la s\u00e9rie, elle \u00e9tait dans l&rsquo;ombre de sa s\u0153ur. Elle n&rsquo;avait pas vraiment confiance en elle et pas beaucoup d&rsquo;ambitions propres. Mais, on l&rsquo;a vue \u00e9voluer au fil du temps. Elle a v\u00e9cu beaucoup de moments importants qui ont chang\u00e9 sa vision du monde et ce qu&rsquo;elle est. Bradley Bell (producteur ex\u00e9cutif du feuilleton, NdlR.) a permis \u00e0 Katie de passer du vilain petit canard \u00e0 une autre personne, capable de se tenir debout seule, d&rsquo;avoir ses propres points de vue, de se battre pour ce en quoi elle croit et de devenir une personne plus compl\u00e8te.\u00a0\u00bb<\/p>\n<p class=\"ap-StoryElement ap-StoryElement--mb ap-StoryText\"><b>Comment ce r\u00f4le vous a-t-il chang\u00e9 personnellement et professionnellement<\/b> <b>?<\/b><\/p>\n<p class=\"ap-StoryElement ap-StoryElement--mb ap-StoryText\">\u00ab\u00a0Quand on interpr\u00e8te le m\u00eame personnage pendant de nombreuses ann\u00e9es, il change avec vous et vous changez avec lui. C&rsquo;est comme si la vision du monde changeait et celle du personnage \u00e9galement. Quand Katie traverse une \u00e9preuve ou vit un \u00e9v\u00e9nement important, j&rsquo;apprends quelque chose et inversement. Quand j&rsquo;ai commenc\u00e9 \u00e0 jouer Katie, je n&rsquo;avais pas encore d&rsquo;enfant. Avoir un b\u00e9b\u00e9 a compl\u00e8tement chang\u00e9 ma vision du monde et \u00e7a a \u00e9t\u00e9 le cas pour elle aussi. Finalement, on parle de ces personnages comme si c&rsquo;\u00e9taient de vraies personnes. Et, d&rsquo;une certaine fa\u00e7on, ils le sont. Ils ont leur propre histoire.\u00a0\u00bb<\/p>\n<p class=\"ap-StoryElement ap-StoryElement--mb ap-StoryText\"><b>Quelle est l&rsquo;intrigue que vous avez pr\u00e9f\u00e9r\u00e9 tourner depuis le tout d\u00e9but<\/b> <b>?<\/b><\/p>\n<p class=\"ap-StoryElement ap-StoryElement--mb ap-StoryText\">\u00ab\u00a0J&rsquo;ai ador\u00e9 l&rsquo;intrigue sur la d\u00e9pression post-partum que j&rsquo;ai jou\u00e9e apr\u00e8s que Katie a eu son fils, Will. Peut-\u00eatre parce que Brad (Bell, NdlR.) a vraiment \u00e9t\u00e9 en profondeur sur le sujet et qu&rsquo;il a accept\u00e9 que ce soit laid. C&rsquo;est un sujet dont on ne parle pas beaucoup, qui est tabou, et il a permis de montrer ce que c&rsquo;est vraiment. Dire ce qu&rsquo;on ressent apr\u00e8s avoir eu son enfant peut avoir nous faire passer pour une mauvaise m\u00e8re.\u00a0\u00bb<\/p>\n<p><a href=\"https:\/\/www.dhnet.be\/lifestyle\/people\/2025\/08\/13\/cest-dommage-jennifer-aniston-revient-sur-sa-rupture-avec-brad-pitt-20-ans-apres-leur-divorce-43DLKX6XCBF5PEJS7AJDMDK7BY\/\" target=\"_blank\" rel=\"noopener noreferrer nofollow\" class=\"ap-StoryInterstitialLink ap-StoryElement ap-StoryElement--mb\">\u00ab\u00a0C&rsquo;est dommage\u2026\u00a0\u00bb : Jennifer Aniston revient sur sa rupture avec Brad Pitt, 20 ans apr\u00e8s leur divorce<\/a><\/p>\n<p class=\"ap-StoryElement ap-StoryElement--mb ap-StoryText\"><b>Comment la s\u00e9rie a-t-elle \u00e9volu\u00e9, selon toi, avec tous les changements qui ont touch\u00e9 la t\u00e9l\u00e9vision lin\u00e9aire<\/b> <b>?<\/b><\/p>\n<p class=\"ap-StoryElement ap-StoryElement--mb ap-StoryText\">\u00ab\u00a0Techniquement, nous voulons nous assurer que le feuilleton soit vibrant et dans l&rsquo;air du temps. Il y a aussi un gros travail fait au niveau des intrigues. On est sensible \u00e0 la mani\u00e8re dont les gens per\u00e7oivent certains sujets et dont ils les abordent. R\u00e9cemment, Brad m&rsquo;a laiss\u00e9 \u00e9crire, r\u00e9aliser et jouer dans un feuilleton. Un \u00e9pisode \u00ab\u00a0tout-en-un\u00a0\u00bb comme celui-l\u00e0 n&rsquo;avait jamais \u00e9t\u00e9 fait auparavant dans le daytime. Il veut toujours d\u00e9passer les limites. C&rsquo;est ce qui fait que je suis vraiment fi\u00e8re de faire partie de cette \u00e9quipe.\u00a0\u00bb<\/p>\n<p class=\"ap-StoryElement ap-StoryElement--mb ap-StoryText\"><b>Avant d&rsquo;avoir jou\u00e9 dans <\/b><b>Amour, gloire et beaut\u00e9<\/b><b>, vous avez pass\u00e9 12 ans dans la peau de Victoria Newman dans les <\/b><b>Feux de l&rsquo;Amour<\/b><b>. Vous appelle-t-on davantage Katie ou Victoria aujourd&rsquo;hui<\/b> <b>?<\/b><\/p>\n<p class=\"ap-StoryElement ap-StoryElement--mb ap-StoryText\">\u00ab\u00a0Les deux ! (rires) C&rsquo;est devenu normal. Mais, \u00e7a ne me d\u00e9range pas. Parfois, on m&rsquo;appelle aussi \u00ab\u00a0Hey, toi !\u00a0\u00bb, je prends aussi !\u00a0\u00bb<\/p>\n<p class=\"ap-StoryElement ap-StoryElement--mb ap-StoryText\"><b>Vous avez remport\u00e9 de nombreux Emmys au cours de votre carri\u00e8re. Que repr\u00e9sentent ces r\u00e9compenses pour vous<\/b> <b>?<\/b><\/p>\n<p class=\"ap-StoryElement ap-StoryElement--mb ap-StoryText\">\u00ab\u00a0C&rsquo;est toujours agr\u00e9able d&rsquo;\u00eatre honor\u00e9e par un prix et j&rsquo;en suis tr\u00e8s reconnaissante. Mais, ma meilleure r\u00e9compense, c&rsquo;est de pousser les portes de CBS et d&rsquo;aller travailler. J&rsquo;aime \u00eatre occup\u00e9e le plus possible.\u00a0\u00bb<\/p>\n<p class=\"ap-StoryElement ap-StoryElement--mb ap-StoryText\"><b>Vous avez d\u00e9marr\u00e9 dans le m\u00e9tier alors que vous \u00e9tiez une enfant. Est-ce que cela a \u00e9t\u00e9 difficile \u00e0 vivre \u00e9tant plus jeune<\/b> <b>?<\/b><\/p>\n<p class=\"ap-StoryElement ap-StoryElement--mb ap-StoryText\">\u00ab\u00a0J&rsquo;ai commenc\u00e9 tr\u00e8s t\u00f4t donc c&rsquo;est la vie que j&rsquo;ai toujours connue. Mon premier job \u00e0 Los Angeles, c&rsquo;\u00e9tait pour jouer dans Madame est servie. Aller travailler et avoir des cours sur le c\u00f4t\u00e9, \u00e7a a \u00e9t\u00e9 toute mon enfance. La pression \u00e9tait s\u00fbrement l\u00e0 mais d&rsquo;une fa\u00e7on diff\u00e9rente. J&rsquo;ai eu la chance de faire partie d&rsquo;une famille forte et unie. Ma m\u00e8re s&rsquo;occupait de tout et ne laissait rien passer. C&rsquo;est important d&rsquo;avoir cet \u00e9quilibre entre vie professionnelle et ce dont on a besoin en tant qu&rsquo;enfant.\u00a0\u00bb<\/p>\n<p class=\"ap-StoryElement ap-StoryElement--mb ap-StoryText\"><b>Avez-vous d&rsquo;autres projets sur le feu sur le petit \u00e9cran<\/b> <b>?<\/b><\/p>\n<p class=\"ap-StoryElement ap-StoryElement--mb ap-StoryText\">\u00ab\u00a0Un t\u00e9l\u00e9film de No\u00ebl ? (rires) Non, je rigole ! Je dis \u00e7a parce que tout le monde \u00e0 Hollywood a un \u00ab\u00a0Christmas Movie\u00a0\u00bb. On en rigole beaucoup. Mais oui, j&rsquo;ai toujours des projets derri\u00e8re la cam\u00e9ra parce que j&rsquo;adore cr\u00e9er. Je pense vraiment que la t\u00e9l\u00e9vision est le meilleur m\u00e9dia, celui o\u00f9 on peut raconter les plus belles histoires sans avoir les contraintes du cin\u00e9ma.\u00a0\u00bb<\/p>\n<p class=\"ap-StoryElement ap-StoryElement--mb ap-StoryText\"><b>Quelle est votre s\u00e9rie pr\u00e9f\u00e9r\u00e9e<\/b> <b>?<\/b><\/p>\n<p class=\"ap-StoryElement ap-StoryElement--mb ap-StoryText\">\u00ab\u00a0J&rsquo;aime les s\u00e9ries pour diff\u00e9rentes raisons. J&rsquo;adore La Servante \u00c9carlate, mais je dois un peu me pr\u00e9parer mentalement pour la regarder parce que c&rsquo;est intense. La s\u00e9rie est magnifique, et j&rsquo;aime le contraste entre la violence et la beaut\u00e9 de la mise en sc\u00e8ne. Mais, c&rsquo;est le genre de s\u00e9rie o\u00f9 je reste d\u00e9prim\u00e9e pendant trois heures apr\u00e8s l&rsquo;avoir regard\u00e9e, donc je ne sais pas si je peux dire que c&rsquo;est ma pr\u00e9f\u00e9r\u00e9e. (rires) Et puis, j&rsquo;adore des s\u00e9ries comme Ted Lasso qui te font ressentir tellement de choses, o\u00f9 tu ris et tu pleures. Je crois que c&rsquo;est un peu le genre dans lequel j&rsquo;aime \u00e9voluer, o\u00f9 tu pleures et ensuite tu ris parce que tu es en train de pleurer.\u00a0\u00bb<\/p>\n<p class=\"ap-StoryElement ap-StoryElement--mb ap-StoryText\"><b>Vous \u00eates-vous d\u00e9j\u00e0 rendue en Belgique<\/b> <b>?<\/b><\/p>\n<p class=\"ap-StoryElement ap-StoryElement--mb ap-StoryText\">\u00ab\u00a0Oui mais il y a longtemps. La derni\u00e8re fois, c&rsquo;\u00e9tait en 2014 je pense. Je suis all\u00e9e \u00e0 Bruxelles et \u00e0 Anvers o\u00f9 j&rsquo;adore faire du shopping. J&rsquo;y trouve toujours des designers extraordinaires que je trouve nulle part ailleurs.\u00a0\u00bb<\/p>\n<p><a href=\"https:\/\/www.dhnet.be\/medias\/television\/2025\/08\/17\/pippo-baudo-legende-de-la-television-italienne-est-decede-a-89-ans-WM7FG4TSRFFWTISM52NI2BWRLU\/\" target=\"_blank\" rel=\"noopener noreferrer nofollow\" class=\"ap-StoryInterstitialLink ap-StoryElement ap-StoryElement--mb\">Pippo Baudo, l\u00e9gende de la t\u00e9l\u00e9vision italienne, est d\u00e9c\u00e9d\u00e9 \u00e0 89 ans<\/a><\/p>\n","protected":false},"excerpt":{"rendered":"Rencontr\u00e9e en juin dernier au Festival de T\u00e9l\u00e9vision de Monte-Carlo, Heather Tom revient sur le r\u00f4le de Katie&hellip;\n","protected":false},"author":2,"featured_media":327265,"comment_status":"","ping_status":"","sticky":false,"template":"","format":"standard","meta":{"footnotes":""},"categories":[1356],"tags":[26387,6051,58,59,1011,27,46417,252,1364],"class_list":{"0":"post-327264","1":"post","2":"type-post","3":"status-publish","4":"format-standard","5":"has-post-thumbnail","7":"category-television","8":"tag-anvers","9":"tag-bruxelles-villes","10":"tag-divertissement","11":"tag-entertainment","12":"tag-fr","13":"tag-france","14":"tag-province-danvers","15":"tag-television","16":"tag-tv"},"share_on_mastodon":{"url":"https:\/\/pubeurope.com\/@fr\/115050365806309765","error":""},"_links":{"self":[{"href":"https:\/\/www.europesays.com\/fr\/wp-json\/wp\/v2\/posts\/327264","targetHints":{"allow":["GET"]}}],"collection":[{"href":"https:\/\/www.europesays.com\/fr\/wp-json\/wp\/v2\/posts"}],"about":[{"href":"https:\/\/www.europesays.com\/fr\/wp-json\/wp\/v2\/types\/post"}],"author":[{"embeddable":true,"href":"https:\/\/www.europesays.com\/fr\/wp-json\/wp\/v2\/users\/2"}],"replies":[{"embeddable":true,"href":"https:\/\/www.europesays.com\/fr\/wp-json\/wp\/v2\/comments?post=327264"}],"version-history":[{"count":0,"href":"https:\/\/www.europesays.com\/fr\/wp-json\/wp\/v2\/posts\/327264\/revisions"}],"wp:featuredmedia":[{"embeddable":true,"href":"https:\/\/www.europesays.com\/fr\/wp-json\/wp\/v2\/media\/327265"}],"wp:attachment":[{"href":"https:\/\/www.europesays.com\/fr\/wp-json\/wp\/v2\/media?parent=327264"}],"wp:term":[{"taxonomy":"category","embeddable":true,"href":"https:\/\/www.europesays.com\/fr\/wp-json\/wp\/v2\/categories?post=327264"},{"taxonomy":"post_tag","embeddable":true,"href":"https:\/\/www.europesays.com\/fr\/wp-json\/wp\/v2\/tags?post=327264"}],"curies":[{"name":"wp","href":"https:\/\/api.w.org\/{rel}","templated":true}]}}