{"id":327266,"date":"2025-08-18T15:00:12","date_gmt":"2025-08-18T15:00:12","guid":{"rendered":"https:\/\/www.europesays.com\/fr\/327266\/"},"modified":"2025-08-18T15:00:12","modified_gmt":"2025-08-18T15:00:12","slug":"dua-lipa-lance-les-festivites-dun-anniversaire-de-reve-avec-une-semaine-davance-sous-le-soleil-dibiza","status":"publish","type":"post","link":"https:\/\/www.europesays.com\/fr\/327266\/","title":{"rendered":"Dua Lipa lance les festivit\u00e9s d\u2019un anniversaire de r\u00eave avec une semaine d\u2019avance sous le soleil d\u2019Ibiza"},"content":{"rendered":"<p>                                    <img decoding=\"async\" src=\"https:\/\/www.europesays.com\/fr\/wp-content\/uploads\/2025\/08\/cfda057a3ec121707c3f8b11cc95d33cc6f383ce2205129d4532ac0295ba6266.jpg\" alt=\"Dua Lipa c\u00e9l\u00e8bre ses trente ans sous le soleil d'Ibiza en compagnie du cr\u00e9ateur Jacquemus\" class=\"a11y-hidden\" fetchpriority=\"high\"\/><\/p>\n<p>La chanteuse a partag\u00e9 les images d\u2019un anniversaire anticip\u00e9, entour\u00e9e de ses proches, de son fianc\u00e9 Callum Turner et de son ami Simon Porte Jacquemus.<\/p>\n<p class=\"fig-paragraph\">C\u2019est sous le soleil d\u2019Ibiza que\u00a0<a href=\"https:\/\/madame.lefigaro.fr\/tag\/dua-lipa\" target=\"_blank\" data-fig-type=\"Keyword\" rel=\"sponsored noopener\" data-gtm-custom-categorie=\"navigation\" data-gtm-custom-action=\"crossclick\" data-gtm-custom-label=\"Contextuel\" data-gtm-event=\"customEventSPE\" data-fig-domain=\"MADAME\">Dua Lipa<\/a>\u00a0a souffl\u00e9 ses trente bougies avec un peu d\u2019avance. Dans une s\u00e9rie de clich\u00e9s post\u00e9s le 16 ao\u00fbt sur Instagram, la chanteuse appara\u00eet radieuse entour\u00e9e de sa famille, de son fianc\u00e9 Callum Turner, mais aussi de son ami Simon Porte Jacquemus et de son mari Marco Maestri. Avec le couturier fran\u00e7ais, la pop star, dont l\u2019anniversaire officiel est le 22 ao\u00fbt, s\u2019est laiss\u00e9e aller \u00e0 quelques pas de danse\u00a0: une complicit\u00e9 que les abonn\u00e9s n\u2019ont pas manqu\u00e9 de relever.<\/p>\n<p>Amis de longue date<\/p>\n<p class=\"fig-paragraph\">Le 13 ao\u00fbt, la presque trentenaire avait post\u00e9 sur Instagram une photo d\u2019elle portant une robe blanche \u00e0 dos nu confectionn\u00e9e sur mesure par Jacquemus. Un choix qui m\u00eale intimit\u00e9 et mode puisque le cr\u00e9ateur est un ami de longue date. \u00abF\u00eater mon anniversaire en avance sur mon \u00eele pr\u00e9f\u00e9r\u00e9e avec mes personnes pr\u00e9f\u00e9r\u00e9es, v\u00eatue de la plus belle robe que Simon m\u2019ait confectionn\u00e9e&#8230; J\u2019ai h\u00e2te d\u2019avoir trente ans\u00a0!\u00bb a-t-elle \u00e9crit en l\u00e9gende.<\/p>\n<p>                                    <a class=\"fig-a11y-skip a11y-hidden\" href=\"#fig-a11y-skip-main-inarticle\"><br \/>\n        Passer la publicit\u00e9<br \/>\n    <\/a><\/p>\n<p class=\"fig-paragraph\">Entre \u00e9clats de rire, gestes tendres avec Callum Turner et vid\u00e9os festives en story. Dua Lipa prouve qu\u2019elle aborde la nouvelle d\u00e9cennie avec \u00e9clat\u00a0: amoureuse, bien entour\u00e9e, et toujours ic\u00f4ne de style<\/p>\n","protected":false},"excerpt":{"rendered":"La chanteuse a partag\u00e9 les images d\u2019un anniversaire anticip\u00e9, entour\u00e9e de ses proches, de son fianc\u00e9 Callum Turner&hellip;\n","protected":false},"author":2,"featured_media":327267,"comment_status":"","ping_status":"","sticky":false,"template":"","format":"standard","meta":{"footnotes":""},"categories":[1355],"tags":[976,972,58,21687,59,638,1011,27,27651,46418,977,1361,873,973,975,974,2528],"class_list":{"0":"post-327266","1":"post","2":"type-post","3":"status-publish","4":"format-standard","5":"has-post-thumbnail","7":"category-musique","8":"tag-actu-people","9":"tag-celebrite","10":"tag-divertissement","11":"tag-dua-lipa","12":"tag-entertainment","13":"tag-figaro","14":"tag-fr","15":"tag-france","16":"tag-ibiza","17":"tag-jacquemus","18":"tag-madame","19":"tag-music","20":"tag-musique","21":"tag-people","22":"tag-potain-de-stars","23":"tag-star","24":"tag-vacances"},"share_on_mastodon":{"url":"https:\/\/pubeurope.com\/@fr\/115050369779855674","error":""},"_links":{"self":[{"href":"https:\/\/www.europesays.com\/fr\/wp-json\/wp\/v2\/posts\/327266","targetHints":{"allow":["GET"]}}],"collection":[{"href":"https:\/\/www.europesays.com\/fr\/wp-json\/wp\/v2\/posts"}],"about":[{"href":"https:\/\/www.europesays.com\/fr\/wp-json\/wp\/v2\/types\/post"}],"author":[{"embeddable":true,"href":"https:\/\/www.europesays.com\/fr\/wp-json\/wp\/v2\/users\/2"}],"replies":[{"embeddable":true,"href":"https:\/\/www.europesays.com\/fr\/wp-json\/wp\/v2\/comments?post=327266"}],"version-history":[{"count":0,"href":"https:\/\/www.europesays.com\/fr\/wp-json\/wp\/v2\/posts\/327266\/revisions"}],"wp:featuredmedia":[{"embeddable":true,"href":"https:\/\/www.europesays.com\/fr\/wp-json\/wp\/v2\/media\/327267"}],"wp:attachment":[{"href":"https:\/\/www.europesays.com\/fr\/wp-json\/wp\/v2\/media?parent=327266"}],"wp:term":[{"taxonomy":"category","embeddable":true,"href":"https:\/\/www.europesays.com\/fr\/wp-json\/wp\/v2\/categories?post=327266"},{"taxonomy":"post_tag","embeddable":true,"href":"https:\/\/www.europesays.com\/fr\/wp-json\/wp\/v2\/tags?post=327266"}],"curies":[{"name":"wp","href":"https:\/\/api.w.org\/{rel}","templated":true}]}}