{"id":327270,"date":"2025-08-18T15:02:10","date_gmt":"2025-08-18T15:02:10","guid":{"rendered":"https:\/\/www.europesays.com\/fr\/327270\/"},"modified":"2025-08-18T15:02:10","modified_gmt":"2025-08-18T15:02:10","slug":"son-taux-de-sucre-depasse-largement-les-seuils-recommandes","status":"publish","type":"post","link":"https:\/\/www.europesays.com\/fr\/327270\/","title":{"rendered":"son taux de sucre d\u00e9passe largement les seuils recommand\u00e9s"},"content":{"rendered":"<p data-start=\"190\" data-end=\"771\">Depuis quelques ann\u00e9es, les rayons des supermarch\u00e9s et les r\u00e9seaux sociaux regorgent de boissons dites \u201ctendance\u201d. Promesses de vitalit\u00e9, design attrayant, ingr\u00e9dients mis en avant comme \u201cnaturels\u201d ou \u201csains\u201d : tout semble r\u00e9uni pour s\u00e9duire un public soucieux de bien-\u00eatre. Pourtant, l\u2019association <strong data-start=\"489\" data-end=\"521\">60 Millions de consommateurs<\/strong> vient de tirer la sonnette d\u2019alarme. Derri\u00e8re cette image s\u00e9duisante, certaines r\u00e9f\u00e9rences bien connues renferment une quantit\u00e9 de sucre comparable \u00e0 celle d\u2019un soda classique. Une r\u00e9v\u00e9lation qui invite \u00e0 plus de vigilance dans nos choix quotidiens.<\/p>\n<p>Des boissons loin de l\u2019image \u201csaine\u201d qu\u2019elles v\u00e9hiculent<\/p>\n<p data-start=\"839\" data-end=\"1349\">Selon l\u2019enqu\u00eate men\u00e9e par 60 Millions de consommateurs, plusieurs boissons r\u00e9cemment mises en avant sur le march\u00e9 affichent jusqu\u2019\u00e0 <strong data-start=\"971\" data-end=\"1013\">30 g de sucre par portion individuelle<\/strong>. Concr\u00e8tement, cela correspond \u00e0 l\u2019\u00e9quivalent d\u2019une cuill\u00e8re \u00e0 soupe bomb\u00e9e de sucre aval\u00e9e en seulement quelques gorg\u00e9es. Une r\u00e9alit\u00e9 qui tranche avec les arguments marketing mis en avant par les fabricants : packaging \u00e9pur\u00e9, mots-cl\u00e9s comme \u201cnaturel\u201d ou \u201cfaible en calories\u201d, pr\u00e9sence de vitamines ajout\u00e9es ou d\u2019ar\u00f4mes fruit\u00e9s.<\/p>\n<p data-start=\"1351\" data-end=\"1706\">En r\u00e9alit\u00e9, ces proc\u00e9d\u00e9s commerciaux masquent souvent une dose significative de <strong data-start=\"1431\" data-end=\"1449\">sucres ajout\u00e9s<\/strong>. Ceux-ci sont incorpor\u00e9s pour \u00e9quilibrer acidit\u00e9 et amertume, ou renforcer artificiellement la sensation de \u201csaveur naturelle\u201d. Ainsi, des boissons per\u00e7ues comme alternatives aux sodas classiques se r\u00e9v\u00e8lent parfois tout aussi probl\u00e9matiques pour la sant\u00e9.<\/p>\n<p>Quels risques pour la sant\u00e9 d\u2019une consommation r\u00e9guli\u00e8re ?<\/p>\n<p data-start=\"1776\" data-end=\"2212\">Les dangers du sucre ajout\u00e9 sont d\u00e9sormais bien document\u00e9s. L\u2019un des principaux risques concerne la <strong data-start=\"1876\" data-end=\"1897\">sant\u00e9 m\u00e9tabolique<\/strong> : des apports r\u00e9p\u00e9t\u00e9s entra\u00eenent des pics de glyc\u00e9mie et d\u2019insuline, favorisant \u00e0 long terme le <strong data-start=\"1994\" data-end=\"2041\">diab\u00e8te de type 2, le surpoids et l\u2019ob\u00e9sit\u00e9<\/strong>. M\u00eame les produits \u00e0 l\u2019allure artisanale ou pr\u00e9sent\u00e9s comme d\u00e9tox ne font pas exception lorsqu\u2019ils contiennent des teneurs \u00e9lev\u00e9es en saccharose ou en glucose-fructose.<\/p>\n<p data-start=\"2214\" data-end=\"2730\">L\u2019association alerte aussi sur la banalisation du sucre dans des produits que l\u2019on consomme sans m\u00e9fiance. Chez les plus jeunes, grands amateurs de ces boissons tendance, l\u2019impact est encore plus pr\u00e9occupant. Un exc\u00e8s de sucre favorise <strong data-start=\"2450\" data-end=\"2502\">les caries dentaires, la fatigue, l\u2019irritabilit\u00e9<\/strong> et contribue \u00e0 instaurer des habitudes alimentaires d\u00e9s\u00e9quilibr\u00e9es. \u00c0 moyen terme, ces comportements r\u00e9duisent m\u00eame la pr\u00e9f\u00e9rence pour l\u2019eau ou des boissons neutres, rendant l\u2019\u00e9ducation nutritionnelle d\u2019autant plus essentielle.<\/p>\n<p>Comment reconna\u00eetre et \u00e9viter ces exc\u00e8s cach\u00e9s ?<\/p>\n<p data-start=\"2790\" data-end=\"2959\">Pour limiter les risques, 60 Millions de consommateurs recommande de <strong data-start=\"2859\" data-end=\"2885\">scruter les \u00e9tiquettes<\/strong>. Quelques r\u00e9flexes simples aident \u00e0 d\u00e9tecter les produits trop sucr\u00e9s :<\/p>\n<ul data-start=\"2960\" data-end=\"3456\">\n<li data-start=\"2960\" data-end=\"3096\">\n<p data-start=\"2962\" data-end=\"3096\">V\u00e9rifier la liste des ingr\u00e9dients : toute mention se terminant par \u201c-ose\u201d (glucose, fructose, saccharose\u2026) r\u00e9v\u00e8le un sucre simple.<\/p>\n<\/li>\n<li data-start=\"3097\" data-end=\"3218\">\n<p data-start=\"3099\" data-end=\"3218\">Examiner la grille nutritionnelle : au-del\u00e0 de <strong data-start=\"3146\" data-end=\"3170\">5 \u00e0 10 g pour 100 ml<\/strong>, la boisson est consid\u00e9r\u00e9e comme tr\u00e8s sucr\u00e9e.<\/p>\n<\/li>\n<li data-start=\"3219\" data-end=\"3345\">\n<p data-start=\"3221\" data-end=\"3345\">Faire attention aux portions : une bouteille \u201cindividuelle\u201d peut contenir deux \u00e0 trois doses selon les normes officielles.<\/p>\n<\/li>\n<li data-start=\"3346\" data-end=\"3456\">\n<p data-start=\"3348\" data-end=\"3456\">Ne pas se fier uniquement aux visuels fruit\u00e9s : certains produits ne contiennent que tr\u00e8s peu de vrai jus.<\/p>\n<\/li>\n<\/ul>\n<p data-start=\"3458\" data-end=\"3838\">Face \u00e0 ces constats, les associations de consommateurs encouragent \u00e0 privil\u00e9gier des alternatives plus simples comme <strong data-start=\"3575\" data-end=\"3612\">l\u2019eau nature ou aromatis\u00e9e maison<\/strong>. Du c\u00f4t\u00e9 des fabricants, certaines initiatives \u00e9mergent pour r\u00e9duire les sucres ajout\u00e9s ou clarifier les informations nutritionnelles. Toutefois, la vigilance du consommateur reste la meilleure arme pour pr\u00e9server sa sant\u00e9.<\/p>\n<p>                         <a href=\"https:\/\/www.apero-bordeaux.fr\/author\/boidus-julien\/\" class=\"url\" title=\"Julien Boidus\" rel=\"nofollow noopener\" target=\"_blank\"> <img loading=\"lazy\" decoding=\"async\" alt=\"Julien Boidus\" src=\"https:\/\/www.europesays.com\/fr\/wp-content\/uploads\/2025\/04\/cropped-julien-boidus-250x250.webp.webp\"  class=\"avatar avatar-250 photo\" height=\"250\" width=\"250\"\/><\/a> <\/p>\n<p>Chef \u00e0 domicile et auteur chez Julien Boidus<\/p>\n<p>Passionn\u00e9 par Bordeaux et son art de vivre, je suis Julien Boidus, chef \u00e0 domicile. \u00c0 travers mon site www.apero-bordeaux.fr, je partage mes recettes familiales, mes astuces culinaires et mes d\u00e9couvertes pour \u00e9veiller les sens et c\u00e9l\u00e9brer notre belle ville. Voyageur dans l&rsquo;\u00e2me, j&rsquo;explore \u00e9galement d&rsquo;autres villes pour vous faire d\u00e9couvrir leurs patrimoines gastronomiques et culturels. Bienvenue dans mon univers gourmand et convivial !<\/p>\n<p> <a href=\"https:\/\/www.apero-bordeaux.fr\/author\/boidus-julien\/\" class=\"url\" title=\"Julien Boidus\" rel=\"nofollow noopener\" target=\"_blank\"><img loading=\"lazy\" decoding=\"async\" alt=\"Julien Boidus\" src=\"https:\/\/www.europesays.com\/fr\/wp-content\/uploads\/2025\/04\/cropped-julien-boidus-250x250.webp.webp\"  class=\"avatar avatar-250 photo\" height=\"250\" width=\"250\"\/><\/a>Les derniers articles par Julien Boidus (<a href=\"https:\/\/www.apero-bordeaux.fr\/author\/boidus-julien\/\" rel=\"nofollow noopener\" target=\"_blank\">tout voir<\/a>)  <\/p>\n","protected":false},"excerpt":{"rendered":"Depuis quelques ann\u00e9es, les rayons des supermarch\u00e9s et les r\u00e9seaux sociaux regorgent de boissons dites \u201ctendance\u201d. Promesses de&hellip;\n","protected":false},"author":2,"featured_media":327271,"comment_status":"","ping_status":"","sticky":false,"template":"","format":"standard","meta":{"footnotes":""},"categories":[10],"tags":[1011,27,72,71],"class_list":{"0":"post-327270","1":"post","2":"type-post","3":"status-publish","4":"format-standard","5":"has-post-thumbnail","7":"category-sante","8":"tag-fr","9":"tag-france","10":"tag-health","11":"tag-sante"},"share_on_mastodon":{"url":"https:\/\/pubeurope.com\/@fr\/115050377694618872","error":""},"_links":{"self":[{"href":"https:\/\/www.europesays.com\/fr\/wp-json\/wp\/v2\/posts\/327270","targetHints":{"allow":["GET"]}}],"collection":[{"href":"https:\/\/www.europesays.com\/fr\/wp-json\/wp\/v2\/posts"}],"about":[{"href":"https:\/\/www.europesays.com\/fr\/wp-json\/wp\/v2\/types\/post"}],"author":[{"embeddable":true,"href":"https:\/\/www.europesays.com\/fr\/wp-json\/wp\/v2\/users\/2"}],"replies":[{"embeddable":true,"href":"https:\/\/www.europesays.com\/fr\/wp-json\/wp\/v2\/comments?post=327270"}],"version-history":[{"count":0,"href":"https:\/\/www.europesays.com\/fr\/wp-json\/wp\/v2\/posts\/327270\/revisions"}],"wp:featuredmedia":[{"embeddable":true,"href":"https:\/\/www.europesays.com\/fr\/wp-json\/wp\/v2\/media\/327271"}],"wp:attachment":[{"href":"https:\/\/www.europesays.com\/fr\/wp-json\/wp\/v2\/media?parent=327270"}],"wp:term":[{"taxonomy":"category","embeddable":true,"href":"https:\/\/www.europesays.com\/fr\/wp-json\/wp\/v2\/categories?post=327270"},{"taxonomy":"post_tag","embeddable":true,"href":"https:\/\/www.europesays.com\/fr\/wp-json\/wp\/v2\/tags?post=327270"}],"curies":[{"name":"wp","href":"https:\/\/api.w.org\/{rel}","templated":true}]}}