{"id":327274,"date":"2025-08-18T15:04:10","date_gmt":"2025-08-18T15:04:10","guid":{"rendered":"https:\/\/www.europesays.com\/fr\/327274\/"},"modified":"2025-08-18T15:04:10","modified_gmt":"2025-08-18T15:04:10","slug":"le-film-rate-avec-kad-merad-deprogramme-partout-en-france-est-a-voir-a-bagnoles-de-lorne","status":"publish","type":"post","link":"https:\/\/www.europesays.com\/fr\/327274\/","title":{"rendered":"Le film \u00ab rat\u00e9 \u00bb avec Kad Merad, d\u00e9programm\u00e9 partout en France, est \u00e0 voir \u00e0 Bagnoles-de-l&rsquo;Orne"},"content":{"rendered":"<p>            Par<br \/>\n        <strong><br \/>\n            <a href=\"https:\/\/actu.fr\/auteur\/guillaume-jeanne\" title=\"Consulter tous les articles de Guillaume Jeanne\" target=\"_blank\" rel=\"noopener\">Guillaume Jeanne<\/a><br \/>\n        <\/strong><\/p>\n<p>        Publi\u00e9 le<\/p>\n<p>            18 ao\u00fbt 2025 \u00e0 14h23        <\/p>\n<p>Le <strong>film<\/strong> dit \u00ab rat\u00e9 \u00bb, Papamobile, avec <strong>Kad Merad<\/strong> est difficile \u00e0 voir en <a href=\"https:\/\/actu.fr\/\" target=\"_blank\" rel=\"noopener\">France<\/a>, mais c\u2019est possible au <strong>cin\u00e9ma<\/strong> de <a href=\"https:\/\/actu.fr\/normandie\/bagnoles-de-l-orne-normandie_61483\" target=\"_blank\" rel=\"noopener\">Bagnoles-de-l\u2019Orne<\/a>, lundi 18 ao\u00fbt 2025.<br \/>Le film <strong>Papamobile<\/strong>, avec l\u2019acteur appr\u00e9ci\u00e9 Kad Merad, est, selon le <strong>producteur<\/strong> Jean-Br\u00e9hat, \u00ab tellement <strong>rat\u00e9<\/strong> qu\u2019il faut en limiter la sortie \u00bb, indique ce dernier, dans les colonnes du Canard Encha\u00een\u00e9.<\/p>\n<p>Sept salles<\/p>\n<p class=\" wall-content\">R\u00e9sultat, il n\u2019a \u00e9t\u00e9 possible de le visionner que dans <strong>sept salles<\/strong> en France (sur plus de<strong> 6 300 en tout<\/strong>, d\u2019apr\u00e8s IMDB), dans aucune grande ville, sauf <strong>Avignon<\/strong>. Les seuls cin\u00e9mas qui le programment sont des cin\u00e9mas de <strong>villes<\/strong> plus petites, g\u00e9n\u00e9ralement moins de <strong>35 000 habitants<\/strong>.<\/p>\n<p class=\" wall-content\">C\u2019est ce qui s\u2019appelle dans le <strong>jargon<\/strong> une \u00ab sortie technique \u00bb. Parmi les sept lieux de <strong>projection<\/strong> figure le cin\u00e9ma du casino, la salle Jean-Gabin.<\/p>\n<p>Les dates<\/p>\n<p class=\" wall-content\">Il est possible de voir <strong>Papamobile<\/strong> \u00e0 Bagnoles-de-l\u2019Orne, salle de<strong> cin\u00e9ma<\/strong> Jean-Gabin, du casino, <strong>lundi 18 ao\u00fbt<\/strong> \u00e0 18 h 30, mardi 19, 16 h, mercredi 20, 16 h 10, vendredi 22, 18 h 15, dimanche 24, 16 h 10.<\/p>\n<p class=\" wall-content\">Le <strong>sc\u00e9nario<\/strong>, propice \u00e0 la d\u00e9tente, fait intervenir Kad Merad en pape, avec <strong>confusion<\/strong> de ressemblance de <strong>personnes<\/strong> avec le <strong>souverain<\/strong> pontife. Il s\u2019y m\u00eale une <strong>affaire<\/strong> de cartel.<\/p>\n<p>Votre r\u00e9gion, votre actu !<\/p>\n<p>Recevez chaque jour les infos qui comptent pour vous.<\/p>\n<p>\t<a href=\"https:\/\/actu.fr\/newsletter\" class=\"ac-btn ac-btn--corner ac-btn--medium ac-btn--blue800\" target=\"_blank\" rel=\"noopener\">S&rsquo;incrire<\/a><br \/>\nEst-ce si mauvais ?<\/p>\n<p class=\" wall-content\">Le film est-il aussi mauvais que <a href=\"https:\/\/www.lefigaro.fr\/cinema\/papamobile-la-comedie-pas-drole-avec-kad-merad-en-pape-sort-dans-seulement-sept-salles-en-france-20250814\" target=\"_blank\" rel=\"noopener\">le producteur<\/a> le dit, ainsi que les quelques spectateurs qui l\u2019ont vu ?<\/p>\n<p class=\" wall-content\">A chacun de se faire une id\u00e9e. L\u2019affaire n\u2019a en tous les cas pas manqu\u00e9 de faire d\u2019elle sur la toile. Le r\u00e9alisateur <strong>Sylvain Estibal<\/strong>, lui, a d\u00e9fendu son film. \u00ab De nombreux spectateurs l\u2019ont trouv\u00e9 tr\u00e8s dr\u00f4le \u00bb, a-t-il indiqu\u00e9, sur le r\u00e9seau social X.<\/p>\n<p class=\" wall-content\">Personnalisez votre actualit\u00e9 en ajoutant vos villes et m\u00e9dias en favori avec <a href=\"https:\/\/moncompte.actu.fr\" title=\"D\u00e9couvez Mon Actu\" rel=\"nofollow noopener\" data-trk=\"{&quot;cta&quot;:{&quot;action&quot;:&quot;https:\\\/\\\/moncompte.actu.fr&quot;,&quot;category&quot;:&quot;mon compte&quot;,&quot;from&quot;:&quot;article footer&quot;,&quot;name&quot;:&quot;Mon actu&quot;,&quot;type&quot;:&quot;cta&quot;}}\" target=\"_blank\">Mon Actu<\/a>.<\/p>\n","protected":false},"excerpt":{"rendered":"Par Guillaume Jeanne Publi\u00e9 le 18 ao\u00fbt 2025 \u00e0 14h23 Le film dit \u00ab rat\u00e9 \u00bb, Papamobile, avec&hellip;\n","protected":false},"author":2,"featured_media":327275,"comment_status":"","ping_status":"","sticky":false,"template":"","format":"standard","meta":{"footnotes":""},"categories":[8],"tags":[650,58,59,1011,27,45535,12672,104],"class_list":{"0":"post-327274","1":"post","2":"type-post","3":"status-publish","4":"format-standard","5":"has-post-thumbnail","7":"category-divertissement","8":"tag-cinema","9":"tag-divertissement","10":"tag-entertainment","11":"tag-fr","12":"tag-france","13":"tag-kad-merad","14":"tag-pape","15":"tag-societe"},"share_on_mastodon":{"url":"https:\/\/pubeurope.com\/@fr\/115050386168038555","error":""},"_links":{"self":[{"href":"https:\/\/www.europesays.com\/fr\/wp-json\/wp\/v2\/posts\/327274","targetHints":{"allow":["GET"]}}],"collection":[{"href":"https:\/\/www.europesays.com\/fr\/wp-json\/wp\/v2\/posts"}],"about":[{"href":"https:\/\/www.europesays.com\/fr\/wp-json\/wp\/v2\/types\/post"}],"author":[{"embeddable":true,"href":"https:\/\/www.europesays.com\/fr\/wp-json\/wp\/v2\/users\/2"}],"replies":[{"embeddable":true,"href":"https:\/\/www.europesays.com\/fr\/wp-json\/wp\/v2\/comments?post=327274"}],"version-history":[{"count":0,"href":"https:\/\/www.europesays.com\/fr\/wp-json\/wp\/v2\/posts\/327274\/revisions"}],"wp:featuredmedia":[{"embeddable":true,"href":"https:\/\/www.europesays.com\/fr\/wp-json\/wp\/v2\/media\/327275"}],"wp:attachment":[{"href":"https:\/\/www.europesays.com\/fr\/wp-json\/wp\/v2\/media?parent=327274"}],"wp:term":[{"taxonomy":"category","embeddable":true,"href":"https:\/\/www.europesays.com\/fr\/wp-json\/wp\/v2\/categories?post=327274"},{"taxonomy":"post_tag","embeddable":true,"href":"https:\/\/www.europesays.com\/fr\/wp-json\/wp\/v2\/tags?post=327274"}],"curies":[{"name":"wp","href":"https:\/\/api.w.org\/{rel}","templated":true}]}}