{"id":327278,"date":"2025-08-18T15:06:10","date_gmt":"2025-08-18T15:06:10","guid":{"rendered":"https:\/\/www.europesays.com\/fr\/327278\/"},"modified":"2025-08-18T15:06:10","modified_gmt":"2025-08-18T15:06:10","slug":"un-rappel-massif-de-voitures-est-il-inevitable","status":"publish","type":"post","link":"https:\/\/www.europesays.com\/fr\/327278\/","title":{"rendered":"un rappel massif de voitures est-il in\u00e9vitable ?"},"content":{"rendered":"<p>Les \u00ab freinages fant\u00f4mes \u00bb ne rel\u00e8vent plus de simples anecdotes : ils touchent d\u00e9sormais de nombreux mod\u00e8les r\u00e9cents, tous \u00e9quip\u00e9s d\u2019aides \u00e0 la conduite de derni\u00e8re g\u00e9n\u00e9ration. Le ph\u00e9nom\u00e8ne met en lumi\u00e8re les limites du freinage d\u2019urgence automatique et soul\u00e8ve de s\u00e9rieux doutes sur la strat\u00e9gie technologique de l\u2019industrie automobile.<\/p>\n<p>\u00ab Freinages fant\u00f4mes \u00bb : le talon d\u2019Achille des syst\u00e8mes AEB<\/p>\n<p><strong>Depuis l\u2019\u00e9t\u00e9 2025, les t\u00e9moignages de conducteurs se multiplient sur le territoire fran\u00e7ais. Des v\u00e9hicules, parfois neufs, freineraient brutalement \u00e0 110 ou 130 km\/h sans aucune action du conducteur.<\/strong> Si le gouvernement a ouvert une enqu\u00eate via le SSMVM, les sp\u00e9cialistes de la s\u00e9curit\u00e9 y voient d\u00e9j\u00e0 le signe d\u2019une faille de conception dans l\u2019int\u00e9gration des syst\u00e8mes \u00e9lectroniques de d\u00e9tection et de freinage.<\/p>\n<p><strong>Le \u00ab freinage fant\u00f4me \u00bb s\u2019inscrit dans un contexte tr\u00e8s pr\u00e9cis : l\u2019AEB (Automatic Emergency Braking), rendu obligatoire sur toutes les voitures neuves depuis 2022.<\/strong> Ce dispositif repose sur un r\u00e9seau de capteurs radars et de cam\u00e9ras, compl\u00e9t\u00e9 par un calculateur qui doit identifier la pr\u00e9sence d\u2019un obstacle et d\u00e9clencher un freinage d\u2019urgence si le conducteur ne r\u00e9agit pas.<\/p>\n<p>Or, comme l\u2019explique Christophe Theuil, vice-pr\u00e9sident de la F\u00e9d\u00e9ration fran\u00e7aise de l\u2019expertise automobile, interrog\u00e9 par <a href=\"https:\/\/www.lepoint.fr\/societe\/le-ministere-des-transports-enquete-sur-le-phenomene-inquietant-des-freinages-fantomes-16-08-2025-2596447_23.php\" target=\"_blank\" rel=\"noopener nofollow\">Le Point<\/a>, \u00ab les capteurs peuvent d\u00e9tecter des choses qui n\u2019existent pas \u00bb. Un reflet sur la chauss\u00e9e, une variation lumineuse ou un panneau mal interpr\u00e9t\u00e9 peuvent suffire \u00e0 tromper l\u2019algorithme. R\u00e9sultat : un freinage \u00e0 pleine puissance, totalement impr\u00e9visible.<\/p>\n<p>Ce probl\u00e8me \u00e9tait connu en laboratoire, mais la multiplication des cas r\u00e9els en circulation interroge. Joanna Peyrache, victime d\u2019un accident sur l\u2019A40 en avril 2025, t\u00e9moignait dans Le Point : \u00ab La voiture a frein\u00e9 tr\u00e8s fortement jusqu\u2019\u00e0 quasiment l\u2019arr\u00eat \u00bb. Dans un autre cas dramatique, une conductrice sur l\u2019A7 a vu sa passag\u00e8re perdre la vie apr\u00e8s un freinage brutal alors qu\u2019elle roulait \u00e0 130 km\/h.<\/p>\n<p>Des t\u00e9moignages qui se chiffrent par centaines<\/p>\n<p>Les donn\u00e9es disponibles surprennent par leur ampleur. <strong>L\u2019appel \u00e0 t\u00e9moignages lanc\u00e9 par Joanna Peyrache a recueilli environ 250 r\u00e9ponses en quelques semaines. Il y avait m\u00eame de plus de 400 cas au 15 ao\u00fbt 2025.<\/strong> Le quotidien anglophone <a href=\"https:\/\/www.connexionfrance.com\/practical\/reports-of-phantom-braking-by-cars-on-french-roads-raise-safety-concerns\/738593\" target=\"_blank\" rel=\"noopener nofollow\">The Connexion<\/a> souligne qu\u2019\u00ab environ 300 conducteurs \u00bb ont confirm\u00e9 avoir v\u00e9cu une situation similaire.<\/p>\n<p>Au-del\u00e0 des chiffres, la nature des r\u00e9cits interpelle : les conducteurs d\u00e9crivent des arr\u00eats complets en pleine voie rapide, parfois sans aucun obstacle devant eux. Pour certains, ni alerte sonore ni voyant n\u2019ont accompagn\u00e9 le d\u00e9clenchement, ce qui renforce l\u2019impression de perte de contr\u00f4le totale.<\/p>\n<p>Ces incidents, bien que minoritaires face au nombre total de v\u00e9hicules circulant, suffisent \u00e0 g\u00e9n\u00e9rer une peur diffuse chez les automobilistes. Comme le r\u00e9sume un conducteur cit\u00e9 par <a href=\"https:\/\/www.caradisiac.com\/commentaires\/le-gouvernement-francais-lance-une-enquete-sur-le-probleme-du-freinage-fantome-217289.htm\" target=\"_blank\" rel=\"noopener nofollow\">Caradisiac<\/a> : \u00ab Je n\u2019ai pas compris pourquoi la voiture a frein\u00e9 d\u2019un coup. Il n\u2019y avait aucun obstacle, ni voiture, m\u00eame pas une ombre \u00bb.<\/p>\n<p>Les constructeurs sous surveillance<\/p>\n<p>Pour l\u2019heure, aucun constructeur n\u2019a \u00e9t\u00e9 publiquement d\u00e9sign\u00e9 comme responsable. N\u00e9anmoins, les regards se tournent vers Stellantis, dont plusieurs mod\u00e8les Peugeot et Citro\u00ebn figurent dans les t\u00e9moignages. Le groupe a fait savoir \u00eatre \u00ab pr\u00eat \u00e0 expertiser les v\u00e9hicules concern\u00e9s si le minist\u00e8re en fait la demande \u00bb.<\/p>\n<p>Le SSMVM coordonne l\u2019enqu\u00eate et \u00e9change directement avec les industriels. Des tests dynamiques sont pr\u00e9vus pour reproduire les conditions de d\u00e9clenchement intempestif. <strong>Mais la difficult\u00e9 r\u00e9side dans l\u2019intermittence du ph\u00e9nom\u00e8ne : un bug logiciel, une interf\u00e9rence capteur ou un mauvais calibrage sont difficiles \u00e0 isoler sans un volume massif de donn\u00e9es.<\/strong><\/p>\n<p>Le spectre d\u2019un rappel plane n\u00e9anmoins. Si l\u2019origine commune d\u2019une d\u00e9faillance \u00e9tait prouv\u00e9e, plusieurs centaines de milliers de v\u00e9hicules pourraient \u00eatre concern\u00e9s en France. <strong>Les co\u00fbts de rappel se chiffreraient en centaines de millions d\u2019euros, avec un impact lourd sur les marges d\u00e9j\u00e0 fragilis\u00e9es par l\u2019\u00e9lectrification.<\/strong><\/p>\n<p>Un enjeu \u00e9conomique et technologique majeur<\/p>\n<p>Pour les constructeurs, l\u2019affaire des freinages fant\u00f4mes est un test grandeur nature de la cr\u00e9dibilit\u00e9 des syst\u00e8mes d\u2019aide \u00e0 la conduite. Ces technologies, vendues comme gages de s\u00e9curit\u00e9, deviennent soudain synonymes d\u2019angoisse et de m\u00e9fiance.<\/p>\n<p><strong>Les assureurs observent d\u00e9j\u00e0 une hausse des d\u00e9clarations li\u00e9es \u00e0 des freinages inexpliqu\u00e9s.<\/strong> Si la tendance se confirme, des ajustements tarifaires pourraient viser sp\u00e9cifiquement les v\u00e9hicules dot\u00e9s de certains syst\u00e8mes AEB. Cette \u00e9volution rench\u00e9rirait encore le co\u00fbt de possession pour les particuliers, d\u00e9j\u00e0 frapp\u00e9s par une baisse de 5% des immatriculations neuves en France sur le premier semestre 2025.<\/p>\n<p>Pour les constructeurs automobiles, l\u2019enjeu n\u2019est pas seulement financier mais aussi strat\u00e9gique. <strong>Les constructeurs misent sur l\u2019automatisation progressive de la conduite, avec le freinage d\u2019urgence comme brique fondatrice.<\/strong> Un d\u00e9faut g\u00e9n\u00e9ralis\u00e9 pourrait freiner l\u2019adoption des futures fonctions de conduite autonome et compromettre des ann\u00e9es d\u2019investissements en recherche et d\u00e9veloppement.<\/p>\n","protected":false},"excerpt":{"rendered":"Les \u00ab freinages fant\u00f4mes \u00bb ne rel\u00e8vent plus de simples anecdotes : ils touchent d\u00e9sormais de nombreux mod\u00e8les&hellip;\n","protected":false},"author":2,"featured_media":327279,"comment_status":"","ping_status":"","sticky":false,"template":"","format":"standard","meta":{"footnotes":""},"categories":[6],"tags":[35,33,34,1011,27],"class_list":{"0":"post-327278","1":"post","2":"type-post","3":"status-publish","4":"format-standard","5":"has-post-thumbnail","7":"category-economie","8":"tag-business","9":"tag-economie","10":"tag-economy","11":"tag-fr","12":"tag-france"},"share_on_mastodon":{"url":"","error":""},"_links":{"self":[{"href":"https:\/\/www.europesays.com\/fr\/wp-json\/wp\/v2\/posts\/327278","targetHints":{"allow":["GET"]}}],"collection":[{"href":"https:\/\/www.europesays.com\/fr\/wp-json\/wp\/v2\/posts"}],"about":[{"href":"https:\/\/www.europesays.com\/fr\/wp-json\/wp\/v2\/types\/post"}],"author":[{"embeddable":true,"href":"https:\/\/www.europesays.com\/fr\/wp-json\/wp\/v2\/users\/2"}],"replies":[{"embeddable":true,"href":"https:\/\/www.europesays.com\/fr\/wp-json\/wp\/v2\/comments?post=327278"}],"version-history":[{"count":0,"href":"https:\/\/www.europesays.com\/fr\/wp-json\/wp\/v2\/posts\/327278\/revisions"}],"wp:featuredmedia":[{"embeddable":true,"href":"https:\/\/www.europesays.com\/fr\/wp-json\/wp\/v2\/media\/327279"}],"wp:attachment":[{"href":"https:\/\/www.europesays.com\/fr\/wp-json\/wp\/v2\/media?parent=327278"}],"wp:term":[{"taxonomy":"category","embeddable":true,"href":"https:\/\/www.europesays.com\/fr\/wp-json\/wp\/v2\/categories?post=327278"},{"taxonomy":"post_tag","embeddable":true,"href":"https:\/\/www.europesays.com\/fr\/wp-json\/wp\/v2\/tags?post=327278"}],"curies":[{"name":"wp","href":"https:\/\/api.w.org\/{rel}","templated":true}]}}