{"id":327286,"date":"2025-08-18T15:10:11","date_gmt":"2025-08-18T15:10:11","guid":{"rendered":"https:\/\/www.europesays.com\/fr\/327286\/"},"modified":"2025-08-18T15:10:11","modified_gmt":"2025-08-18T15:10:11","slug":"saint-jean-bonnefonds-tyroliennes-ponts-suspendus-filets-on-a-teste-pour-vous-le-parc-france-aventures","status":"publish","type":"post","link":"https:\/\/www.europesays.com\/fr\/327286\/","title":{"rendered":"Saint-Jean-Bonnefonds. Tyroliennes, ponts suspendus, filets\u2026 On a test\u00e9 pour vous le parc France Aventures\ufeff"},"content":{"rendered":"<p>Accroch\u00e9e \u00e0 une ligne de vie, perch\u00e9e \u00e0 environ 6 m\u00e8tres du sol, la poulie plac\u00e9e sur le c\u00e2ble, je me lance\u2026 Quelques secondes plus tard, je d\u00e9couvre \u00e0 nouveau les sensations de la tyrolienne. Comme beaucoup, j\u2019ai test\u00e9 \u00e0 plusieurs reprises des parcours acrobatiques en hauteur lorsque j\u2019\u00e9tais enfant et jeune adolescente. Apr\u00e8s des ann\u00e9es loin de ces parcs a\u00e9riens, direction Saint-Jean-Bonnefonds pour tester l\u2019activit\u00e9.<\/p>\n<p>11 parcours et 110 ateliers<\/p>\n<p>Ce mercredi matin, j\u2019enfile mes baskets, pr\u00eate \u00e0 grimper dans les arbres. Nich\u00e9 au c\u0153ur de la for\u00eat, le parc d\u00e9ploie ses parcours a\u00e9riens entre les troncs, m\u00ealant tyroliennes, ponts suspendus et filets d\u2019\u00e9quilibre. \u00ab\u00a0Au sein du parc, nous proposons 11 parcours et 110 ateliers pour tous les niveaux\u00a0\u00bb, pr\u00e9sente\u00a0Jordan Bourges, directeur adjoint de la structure.<\/p>\n<p>Mais avant de se lancer, quelques&#8230;<\/p>\n","protected":false},"excerpt":{"rendered":"Accroch\u00e9e \u00e0 une ligne de vie, perch\u00e9e \u00e0 environ 6 m\u00e8tres du sol, la poulie plac\u00e9e sur le&hellip;\n","protected":false},"author":2,"featured_media":327287,"comment_status":"","ping_status":"","sticky":false,"template":"","format":"standard","meta":{"footnotes":""},"categories":[9653],"tags":[1111,11,2430,1687,7539,1777,674,1011,27,12,25,4001,9664,9663],"class_list":{"0":"post-327286","1":"post","2":"type-post","3":"status-publish","4":"format-standard","5":"has-post-thumbnail","7":"category-saint-etienne","8":"tag-actu","9":"tag-actualites","10":"tag-auvergne-rhone-alpes","11":"tag-culture-loisirs","12":"tag-edition-loire-sud","13":"tag-eu","14":"tag-europe","15":"tag-fr","16":"tag-france","17":"tag-news","18":"tag-republique-francaise","19":"tag-saint-etienne","20":"tag-saint-etienne-bassin","21":"tag-saint-jean-bonnefonds"},"share_on_mastodon":{"url":"https:\/\/pubeurope.com\/@fr\/115050409028269623","error":""},"_links":{"self":[{"href":"https:\/\/www.europesays.com\/fr\/wp-json\/wp\/v2\/posts\/327286","targetHints":{"allow":["GET"]}}],"collection":[{"href":"https:\/\/www.europesays.com\/fr\/wp-json\/wp\/v2\/posts"}],"about":[{"href":"https:\/\/www.europesays.com\/fr\/wp-json\/wp\/v2\/types\/post"}],"author":[{"embeddable":true,"href":"https:\/\/www.europesays.com\/fr\/wp-json\/wp\/v2\/users\/2"}],"replies":[{"embeddable":true,"href":"https:\/\/www.europesays.com\/fr\/wp-json\/wp\/v2\/comments?post=327286"}],"version-history":[{"count":0,"href":"https:\/\/www.europesays.com\/fr\/wp-json\/wp\/v2\/posts\/327286\/revisions"}],"wp:featuredmedia":[{"embeddable":true,"href":"https:\/\/www.europesays.com\/fr\/wp-json\/wp\/v2\/media\/327287"}],"wp:attachment":[{"href":"https:\/\/www.europesays.com\/fr\/wp-json\/wp\/v2\/media?parent=327286"}],"wp:term":[{"taxonomy":"category","embeddable":true,"href":"https:\/\/www.europesays.com\/fr\/wp-json\/wp\/v2\/categories?post=327286"},{"taxonomy":"post_tag","embeddable":true,"href":"https:\/\/www.europesays.com\/fr\/wp-json\/wp\/v2\/tags?post=327286"}],"curies":[{"name":"wp","href":"https:\/\/api.w.org\/{rel}","templated":true}]}}