{"id":327292,"date":"2025-08-18T15:16:13","date_gmt":"2025-08-18T15:16:13","guid":{"rendered":"https:\/\/www.europesays.com\/fr\/327292\/"},"modified":"2025-08-18T15:16:13","modified_gmt":"2025-08-18T15:16:13","slug":"toulon-leconomie-de-defense-en-provence-alpes-cote-dazur","status":"publish","type":"post","link":"https:\/\/www.europesays.com\/fr\/327292\/","title":{"rendered":"TOULON : L&rsquo;\u00e9conomie de d\u00e9fense en Provence-Alpes-C\u00f4te d&rsquo;Azur"},"content":{"rendered":"<p><strong>La loi de programmation militaire 2024-2030 engage la France enti\u00e8re.<\/strong><\/p>\n<p>En mobilisant les plus de 4 000 entreprises de la base industrielle et technologique de d\u00e9fense, qui repr\u00e9sentent pr\u00e8s de 210 000 emplois.<br \/>Mais aussi \u00e0 travers la pr\u00e9sence des 260 000 agents civils et militaires du minist\u00e8re et leurs familles dont la pr\u00e9sence g\u00e9n\u00e8re 200 000 emplois induits dans les services et commerces de proximit\u00e9.<br \/>Ancr\u00e9s en r\u00e9gion, la pr\u00e9sence des Arm\u00e9es et des acteurs de la D\u00e9fense irrigue l\u2019\u00e9conomie locale.<\/p>\n<p><img decoding=\"async\" src=\"https:\/\/www.europesays.com\/fr\/wp-content\/uploads\/2025\/08\/Economie-de-defense-en-Provence-Alpes-Cote-dAzur-2160x2700.jpg\"\/><\/p>\n<p><strong>Dans le territoire, l\u2019\u00e9conomie de d\u00e9fense, c\u2019est :<\/strong><\/p>\n<p>19 883 emplois dans l\u2019industrie de d\u00e9fense<br \/>397 PME et ETI sous-traitantes de l\u2019industrie de d\u00e9fense<br \/>5,3 milliards d\u2019euros de paiements directs du minist\u00e8re des Arm\u00e9es aux entreprises du territoire en 2025<br \/>41 292 personnels du minist\u00e8re des Arm\u00e9es, dont la pr\u00e9sence avec leurs familles g\u00e9n\u00e8re 27 110 emplois induits dans les services et commerces de proximit\u00e9<br \/>723,9 millions d\u2019euros investis dans les infrastructures du minist\u00e8re en 2025<br \/>1 899 PME et ETI fournisseurs directs du minist\u00e8re sur le territoire<\/p>\n<p>\u00ab\u00a0Investir dans nos arm\u00e9es, c\u2019est concret. Notre effort de d\u00e9fense est n\u00e9cessaire pour garantir notre capacit\u00e9 \u00e0 \u00eatre libres. Il est aussi essentiel pour notre \u00e9conomie parce que notre mod\u00e8le, souverain, garantit que la grande majorit\u00e9 du budget de nos arm\u00e9es est r\u00e9inject\u00e9 dans notre \u00e9conomie nationale\u00a0\u00bb <strong>\u2013 S\u00e9bastien Lecornu, ministre des Arm\u00e9es.<\/strong><\/p>\n<p><a href=\"https:\/\/dicod.hosting.augure.com\/Augure_Dicod\/r\/ContenuEnLigne\/Download?id=BA6CD897-24C1-4BD7-9C03-999CC49B7317&amp;filename=Economie%20de%20d%C3%A9fense%20en%20Provence-Alpes-C%C3%B4te-d%27Azur.jpg\" rel=\"nofollow noopener\" target=\"_blank\"><strong>Carte de l\u2019\u00e9conomie de d\u00e9fense en Provence-Alpes-C\u00f4te d\u2019Azur<\/strong><\/a><\/p>\n<p><a href=\"https:\/\/www.defense.gouv.fr\/lpm-2024-2030-dans-les-territoires\" rel=\"nofollow noopener\" target=\"_blank\"><strong>Fiches d\u00e9partementales de la LPM dans les territoires<\/strong><\/a><\/p>\n","protected":false},"excerpt":{"rendered":"La loi de programmation militaire 2024-2030 engage la France enti\u00e8re. En mobilisant les plus de 4 000 entreprises&hellip;\n","protected":false},"author":2,"featured_media":327293,"comment_status":"","ping_status":"","sticky":false,"template":"","format":"standard","meta":{"footnotes":""},"categories":[9619],"tags":[1111,11,1777,674,1011,27,12,882,25,2310],"class_list":{"0":"post-327292","1":"post","2":"type-post","3":"status-publish","4":"format-standard","5":"has-post-thumbnail","7":"category-toulon","8":"tag-actu","9":"tag-actualites","10":"tag-eu","11":"tag-europe","12":"tag-fr","13":"tag-france","14":"tag-news","15":"tag-provence-alpes-cote-dazur","16":"tag-republique-francaise","17":"tag-toulon"},"share_on_mastodon":{"url":"https:\/\/pubeurope.com\/@fr\/115050432786644371","error":""},"_links":{"self":[{"href":"https:\/\/www.europesays.com\/fr\/wp-json\/wp\/v2\/posts\/327292","targetHints":{"allow":["GET"]}}],"collection":[{"href":"https:\/\/www.europesays.com\/fr\/wp-json\/wp\/v2\/posts"}],"about":[{"href":"https:\/\/www.europesays.com\/fr\/wp-json\/wp\/v2\/types\/post"}],"author":[{"embeddable":true,"href":"https:\/\/www.europesays.com\/fr\/wp-json\/wp\/v2\/users\/2"}],"replies":[{"embeddable":true,"href":"https:\/\/www.europesays.com\/fr\/wp-json\/wp\/v2\/comments?post=327292"}],"version-history":[{"count":0,"href":"https:\/\/www.europesays.com\/fr\/wp-json\/wp\/v2\/posts\/327292\/revisions"}],"wp:featuredmedia":[{"embeddable":true,"href":"https:\/\/www.europesays.com\/fr\/wp-json\/wp\/v2\/media\/327293"}],"wp:attachment":[{"href":"https:\/\/www.europesays.com\/fr\/wp-json\/wp\/v2\/media?parent=327292"}],"wp:term":[{"taxonomy":"category","embeddable":true,"href":"https:\/\/www.europesays.com\/fr\/wp-json\/wp\/v2\/categories?post=327292"},{"taxonomy":"post_tag","embeddable":true,"href":"https:\/\/www.europesays.com\/fr\/wp-json\/wp\/v2\/tags?post=327292"}],"curies":[{"name":"wp","href":"https:\/\/api.w.org\/{rel}","templated":true}]}}