{"id":327297,"date":"2025-08-18T15:19:15","date_gmt":"2025-08-18T15:19:15","guid":{"rendered":"https:\/\/www.europesays.com\/fr\/327297\/"},"modified":"2025-08-18T15:19:15","modified_gmt":"2025-08-18T15:19:15","slug":"kevin-mayer-a-dit-oui-a-sa-kine-attitree-un-mariage-de-grands-champions","status":"publish","type":"post","link":"https:\/\/www.europesays.com\/fr\/327297\/","title":{"rendered":"Kevin Mayer a dit oui \u00e0 sa kin\u00e9 attitr\u00e9e, un mariage de grands champions"},"content":{"rendered":"<p>            Par<br \/>\n        <strong><br \/>\n            <a href=\"https:\/\/actu.fr\/auteur\/metropoop\" title=\"Consulter tous les articles de R\u00e9daction M\u00e9tropolitain\" target=\"_blank\" rel=\"noopener\">R\u00e9daction M\u00e9tropolitain<\/a><br \/>\n        <\/strong><\/p>\n<p>        Publi\u00e9 le<\/p>\n<p>            18 ao\u00fbt 2025 \u00e0 16h51        <\/p>\n<p>Quand deux champions sportifs s\u2019unissent pour le meilleur : sur\u00a0<strong>Instagram<\/strong>, lundi 18\u00a0ao\u00fbt, 2025, le champion du monde de d\u00e9cathlon\u00a0<strong>Kevin Mayer<\/strong> a r\u00e9v\u00e9l\u00e9 s\u2019\u00eatre mari\u00e9 avec <strong>Delphine Jariel,<\/strong> championne de France de planche \u00e0 voile, qui partage sa vie depuis une dizaine d\u2019ann\u00e9es. Un mariage qui a \u00e9t\u00e9 c\u00e9l\u00e9br\u00e9 samedi 16 ao\u00fbt \u00e0 <strong>Montpellier<\/strong>. Le secret avait \u00e9t\u00e9 bien gard\u00e9 par les deux tourtereaux.<\/p>\n<p class=\" wall-content\">Kevin Mayer et Delphine Jariel ont d\u00e9cid\u00e9 de sceller leur amour en cet \u00e9t\u00e9 chaud. Le champion tricolore \u00e2g\u00e9 de 33 ans a simplement \u00e9crit sur Instagram, photos du mariage \u00e0 l\u2019appui, \u00ab\u00a0Mrs &amp; Mr\u00a0\u00bb, un post qui d\u00e9passe les 25 000 \u00ab\u00a0J\u2019aime\u00a0\u00bb.<\/p>\n<p>Robe bustier pour elle, smoking noir pour lui<\/p>\n<p class=\" wall-content\">Pour ce grand jour, Delphine Jariel, \u00e2g\u00e9e de 27 ans portait une robe bustier en dentelle, tandis que Kevin Mayer, double champion du monde du d\u00e9cathlon et vice-champion olympique \u00e0 Rio en 2016 et \u00e0 Tokyo en 2021, arborait un smoking noir, agr\u00e9ment\u00e9 d\u2019un n\u0153ud papillon.\u00a0<\/p>\n<p class=\" wall-content\">Selon la presse people, les amoureux ont entam\u00e9 leur relation en 2016, apr\u00e8s s\u2019\u00eatre rencontr\u00e9s lors du programme de parrainage Les \u00c9toiles du Sport. Championne de France de planche \u00e0 voile, Delphine Jariel suivait en parall\u00e8le de sa carri\u00e8re sportive des \u00e9tudes de kin\u00e9sith\u00e9rapie, qu\u2019elle a valid\u00e9es en 2021 en d\u00e9crochant son dipl\u00f4me.<\/p>\n<p>Une croix sur la saison 2025<\/p>\n<p class=\" wall-content\">L\u2019ann\u00e9e 2024 a \u00e9t\u00e9 beaucoup moins heureuse, sur le plan sportif s\u2019entend, pour Kevin Mayer : bless\u00e9 lors d\u2019un 110 m\u00e8tres haies \u00e0 quelques semaines des Jeux Olympiques de Paris, il avait d\u00fb d\u00e9clarer forfait, mettant fin \u00e0 ses r\u00eaves olympiques. La sc\u00e8ne, marqu\u00e9e par sa chute entre le 7\u1d49 et le 8\u1d49 obstacle, avait \u00e9mu le public et laiss\u00e9 craindre le pire pour sa carri\u00e8re.<\/p>\n<p>Vid\u00e9os : en ce moment sur Actu<\/p>\n<p class=\" wall-content\">Kevin Mayer a d\u2019ailleurs annonc\u00e9 mi-juillet dernier qu\u2019il faisait une croix sur la saison 2025, toujours g\u00ean\u00e9 par une blessure \u00e0 un ischio-jambier. \u00ab\u00a0C\u2019est la premi\u00e8re saison blanche, la premi\u00e8re ann\u00e9e o\u00f9 je ne vais pas porter le maillot de l\u2019\u00e9quipe de France\u00a0\u00bb a t-il d\u00e9clar\u00e9.\u00a0Ce\u00a0douloureux\u00a0souvenir est oubli\u00e9. Ce mariage repr\u00e9sente une \u00e9tape heureuse, optimiste et on devrait (re) voir Kevin Mayer sur les pistes d\u2019ici, encourag\u00e9e par Delphine Jariel, aux petits soins pour lui, puisqu\u2019elle est devenue sa kin\u00e9 pr\u00e9f\u00e9r\u00e9e.<\/p>\n<p>Votre r\u00e9gion, votre actu !<\/p>\n<p>Recevez chaque jour les infos qui comptent pour vous.<\/p>\n<p>\t<a href=\"https:\/\/actu.fr\/newsletter\" class=\"ac-btn ac-btn--corner ac-btn--medium ac-btn--blue800\" target=\"_blank\" rel=\"noopener\">S&rsquo;incrire<\/a><\/p>\n<p class=\" wall-content\">La trentenaire poss\u00e8de un cabinet de masseuse-kin\u00e9sith\u00e9peute \u00e0 Montpellier, o\u00f9 l\u2019athl\u00e8te originaire d\u2019Argenteuil, en r\u00e9gion parisienne, s\u2019entra\u00eene \u00e0 Montpellier depuis une dizaine d\u2019ann\u00e9es. On peut l\u2019apercevoir r\u00e9guli\u00e8rement courir sur le stade Philippid\u00e8s, o\u00f9 il a d\u2019ailleurs inaugur\u00e9 la nouvelle piste bleue en 2022. Longue vie aux mari\u00e9s !<\/p>\n<p class=\" wall-content\">Personnalisez votre actualit\u00e9 en ajoutant vos villes et m\u00e9dias en favori avec <a href=\"https:\/\/moncompte.actu.fr\" title=\"D\u00e9couvez Mon Actu\" rel=\"nofollow noopener\" data-trk=\"{&quot;cta&quot;:{&quot;action&quot;:&quot;https:\\\/\\\/moncompte.actu.fr&quot;,&quot;category&quot;:&quot;mon compte&quot;,&quot;from&quot;:&quot;article footer&quot;,&quot;name&quot;:&quot;Mon actu&quot;,&quot;type&quot;:&quot;cta&quot;}}\" target=\"_blank\">Mon Actu<\/a>.<\/p>\n","protected":false},"excerpt":{"rendered":"Par R\u00e9daction M\u00e9tropolitain Publi\u00e9 le 18 ao\u00fbt 2025 \u00e0 16h51 Quand deux champions sportifs s\u2019unissent pour le meilleur&hellip;\n","protected":false},"author":2,"featured_media":327298,"comment_status":"","ping_status":"","sticky":false,"template":"","format":"standard","meta":{"footnotes":""},"categories":[9599],"tags":[1111,11,1777,674,1011,27,1930,2208,12,2680,973,25,60],"class_list":{"0":"post-327297","1":"post","2":"type-post","3":"status-publish","4":"format-standard","5":"has-post-thumbnail","7":"category-montpellier","8":"tag-actu","9":"tag-actualites","10":"tag-eu","11":"tag-europe","12":"tag-fr","13":"tag-france","14":"tag-mariage","15":"tag-montpellier","16":"tag-news","17":"tag-occitanie","18":"tag-people","19":"tag-republique-francaise","20":"tag-sports"},"share_on_mastodon":{"url":"https:\/\/pubeurope.com\/@fr\/115050444475065337","error":""},"_links":{"self":[{"href":"https:\/\/www.europesays.com\/fr\/wp-json\/wp\/v2\/posts\/327297","targetHints":{"allow":["GET"]}}],"collection":[{"href":"https:\/\/www.europesays.com\/fr\/wp-json\/wp\/v2\/posts"}],"about":[{"href":"https:\/\/www.europesays.com\/fr\/wp-json\/wp\/v2\/types\/post"}],"author":[{"embeddable":true,"href":"https:\/\/www.europesays.com\/fr\/wp-json\/wp\/v2\/users\/2"}],"replies":[{"embeddable":true,"href":"https:\/\/www.europesays.com\/fr\/wp-json\/wp\/v2\/comments?post=327297"}],"version-history":[{"count":0,"href":"https:\/\/www.europesays.com\/fr\/wp-json\/wp\/v2\/posts\/327297\/revisions"}],"wp:featuredmedia":[{"embeddable":true,"href":"https:\/\/www.europesays.com\/fr\/wp-json\/wp\/v2\/media\/327298"}],"wp:attachment":[{"href":"https:\/\/www.europesays.com\/fr\/wp-json\/wp\/v2\/media?parent=327297"}],"wp:term":[{"taxonomy":"category","embeddable":true,"href":"https:\/\/www.europesays.com\/fr\/wp-json\/wp\/v2\/categories?post=327297"},{"taxonomy":"post_tag","embeddable":true,"href":"https:\/\/www.europesays.com\/fr\/wp-json\/wp\/v2\/tags?post=327297"}],"curies":[{"name":"wp","href":"https:\/\/api.w.org\/{rel}","templated":true}]}}