{"id":327301,"date":"2025-08-18T15:23:13","date_gmt":"2025-08-18T15:23:13","guid":{"rendered":"https:\/\/www.europesays.com\/fr\/327301\/"},"modified":"2025-08-18T15:23:13","modified_gmt":"2025-08-18T15:23:13","slug":"meteo-des-orages-forts-vont-frapper-grenoble-et-lisere-les-secteurs-concernes","status":"publish","type":"post","link":"https:\/\/www.europesays.com\/fr\/327301\/","title":{"rendered":"M\u00e9t\u00e9o. Des orages \u00ab\u00a0forts\u00a0\u00bb vont frapper Grenoble et l&rsquo;Is\u00e8re : les secteurs concern\u00e9s"},"content":{"rendered":"<p>            Par<br \/>\n        <strong><br \/>\n            <a href=\"https:\/\/actu.fr\/auteur\/julien-sournies\" title=\"Consulter tous les articles de Julien Sournies\" rel=\"nofollow noopener\" target=\"_blank\">Julien Sournies<\/a><br \/>\n        <\/strong><\/p>\n<p>        Publi\u00e9 le<\/p>\n<p>            18 ao\u00fbt 2025 \u00e0 14h48        <\/p>\n<p>Apr\u00e8s la canicule, place aux orages. \u00c0 compter de ce mardi 19\u00a0ao\u00fbt 2025, des <strong>orages parfois violents<\/strong> vont frapper <a href=\"https:\/\/actu.fr\/grenoble\/\" rel=\"nofollow noopener\" target=\"_blank\">Grenoble<\/a> et <a href=\"https:\/\/actu.fr\/auvergne-rhone-alpes\/isere_38\" rel=\"nofollow noopener\" target=\"_blank\">l\u2019Is\u00e8re<\/a>, selon les derni\u00e8res donn\u00e9es fournies par M\u00e9t\u00e9o-France. \u00c0 ce propos, le d\u00e9partement is\u00e9rois a \u00e9t\u00e9 plac\u00e9 en <strong>vigilance jaune aux orages<\/strong> pour la journ\u00e9e de mardi, de 9\u00a0heures \u00e0 22\u00a0heures.<\/p>\n<p>Les orages se renforceront dans l\u2019apr\u00e8s-midi<\/p>\n<p class=\" wall-content\">Annonc\u00e9s pour l\u2019apr\u00e8s-midi, les orages pourraient faire leur apparition<strong> plus t\u00f4t que pr\u00e9vu<\/strong> dans le d\u00e9partement de l\u2019Is\u00e8re ce mardi. \u00ab\u2009D\u00e8s le d\u00e9but de journ\u00e9e, le ciel se charge rapidement de nuages instables qui peuvent d\u00e9j\u00e0 l\u00e2cher quelques averses ponctuellement orageuses\u2009\u00bb, avance M\u00e9t\u00e9o Centre-Is\u00e8re dans son bulletin m\u00e9t\u00e9o.<\/p>\n<blockquote class=\"ac-article-quote wall-content\">\n<p>L\u2019apr\u00e8s-midi reste tr\u00e8s nuageuse avec des averses orageuses localis\u00e9es, puis une d\u00e9gradation plus franche et plus g\u00e9n\u00e9ralis\u00e9e est attendue en soir\u00e9e avec orages qui se renforceront.\u00a0<\/p>\n<p>    <strong>M\u00e9t\u00e9o Centre-Is\u00e8re<\/strong>\n            <\/p><\/blockquote>\n<p class=\" wall-content\">De son c\u00f4t\u00e9, Keraunos, observatoire fran\u00e7ais des tornades et des orages, confirme que \u00ab\u2009les orages se multiplieront en journ\u00e9e sur un grand quart sud-est du pays\u2009\u00bb, lesquels \u00ab\u2009seront <strong>parfois forts<\/strong> entre Occitanie, Auvergne et Alpes\u2009\u00bb.<\/p>\n<p>    <img   decoding=\"async\" loading=\"lazy\" src=\"https:\/\/www.europesays.com\/fr\/wp-content\/uploads\/2025\/08\/orages-mardi-960x640.png\" alt=\"Selon M\u00e9t\u00e9o-France, les orages \" width=\"960\" height=\"640\"\/><br \/>\n    Selon M\u00e9t\u00e9o-France, les orages \u00ab\u2009forts\u2009\u00bb devraient frapper le sud de l\u2019Is\u00e8re, en particulier les secteurs de Grenoble, Villard-de-Lans et La Mure ce mardi. (\u00a9Capture d\u2019\u00e9cran)<\/p>\n<p class=\" wall-content\">Selon M\u00e9t\u00e9o-France, les orages \u00ab\u2009forts\u2009\u00bb devraient frapper le <strong>sud de l\u2019Is\u00e8re<\/strong>, en particulier les secteurs de Grenoble, Villard-de-Lans et La Mure. Le reste du territoire devrait, lui, \u00eatre touch\u00e9 par des averses orageuses.<\/p>\n<p>Les orages vont se d\u00e9placer vers le Nord-Is\u00e8re<\/p>\n<p class=\" wall-content\">M\u00e9t\u00e9o-France pr\u00e9voit \u00e9galement des orages en Is\u00e8re mercredi 20\u00a0ao\u00fbt, lesquels devraient \u00e0 nouveau se manifester dans le sud du d\u00e9partement au cours de l\u2019apr\u00e8s-midi.<\/p>\n<p>Votre r\u00e9gion, votre actu !<\/p>\n<p>Recevez chaque jour les infos qui comptent pour vous.<\/p>\n<p>\t<a href=\"https:\/\/actu.fr\/newsletter\" class=\"ac-btn ac-btn--corner ac-btn--medium ac-btn--blue800\" rel=\"nofollow noopener\" target=\"_blank\">S&rsquo;incrire<\/a><\/p>\n<p>    <img   decoding=\"async\" loading=\"lazy\" src=\"https:\/\/www.europesays.com\/fr\/wp-content\/uploads\/2025\/08\/orages-mercredi-960x640.png\" alt=\"M\u00e9t\u00e9o-France pr\u00e9voit \u00e9galement des orages en Is\u00e8re mercredi 20 ao\u00fbt\" width=\"960\" height=\"640\"\/><br \/>\n    M\u00e9t\u00e9o-France pr\u00e9voit \u00e9galement des orages en Is\u00e8re mercredi 20\u00a0ao\u00fbt (\u00a9Capture d\u2019\u00e9cran)<\/p>\n<p class=\" wall-content\">Mais ces derniers devraient par ailleurs s\u00e9vir dans le Nord-Is\u00e8re, \u00e0 savoir les secteurs de Villefontaine, Roussillon, Vienne et La-C\u00f4te-Saint-Andr\u00e9. Toujours selon le service officiel de la m\u00e9t\u00e9orologie en France, les grondements devraient cesser au cours de la nuit, avant de laisser la place \u00e0 des averses jeudi.<\/p>\n<p class=\" wall-content\">Personnalisez votre actualit\u00e9 en ajoutant vos villes et m\u00e9dias en favori avec <a href=\"https:\/\/moncompte.actu.fr\" title=\"D\u00e9couvez Mon Actu\" rel=\"nofollow noopener\" data-trk=\"{&quot;cta&quot;:{&quot;action&quot;:&quot;https:\\\/\\\/moncompte.actu.fr&quot;,&quot;category&quot;:&quot;mon compte&quot;,&quot;from&quot;:&quot;article footer&quot;,&quot;name&quot;:&quot;Mon actu&quot;,&quot;type&quot;:&quot;cta&quot;}}\" target=\"_blank\">Mon Actu<\/a>.<\/p>\n","protected":false},"excerpt":{"rendered":"Par Julien Sournies Publi\u00e9 le 18 ao\u00fbt 2025 \u00e0 14h48 Apr\u00e8s la canicule, place aux orages. \u00c0 compter&hellip;\n","protected":false},"author":2,"featured_media":327302,"comment_status":"","ping_status":"","sticky":false,"template":"","format":"standard","meta":{"footnotes":""},"categories":[9566],"tags":[1111,11,2430,1777,674,1011,27,2731,2487,2357,12,4594,25],"class_list":{"0":"post-327301","1":"post","2":"type-post","3":"status-publish","4":"format-standard","5":"has-post-thumbnail","7":"category-grenoble","8":"tag-actu","9":"tag-actualites","10":"tag-auvergne-rhone-alpes","11":"tag-eu","12":"tag-europe","13":"tag-fr","14":"tag-france","15":"tag-grenoble","16":"tag-meteo","17":"tag-meteo-france","18":"tag-news","19":"tag-orages","20":"tag-republique-francaise"},"share_on_mastodon":{"url":"https:\/\/pubeurope.com\/@fr\/115050460259746231","error":""},"_links":{"self":[{"href":"https:\/\/www.europesays.com\/fr\/wp-json\/wp\/v2\/posts\/327301","targetHints":{"allow":["GET"]}}],"collection":[{"href":"https:\/\/www.europesays.com\/fr\/wp-json\/wp\/v2\/posts"}],"about":[{"href":"https:\/\/www.europesays.com\/fr\/wp-json\/wp\/v2\/types\/post"}],"author":[{"embeddable":true,"href":"https:\/\/www.europesays.com\/fr\/wp-json\/wp\/v2\/users\/2"}],"replies":[{"embeddable":true,"href":"https:\/\/www.europesays.com\/fr\/wp-json\/wp\/v2\/comments?post=327301"}],"version-history":[{"count":0,"href":"https:\/\/www.europesays.com\/fr\/wp-json\/wp\/v2\/posts\/327301\/revisions"}],"wp:featuredmedia":[{"embeddable":true,"href":"https:\/\/www.europesays.com\/fr\/wp-json\/wp\/v2\/media\/327302"}],"wp:attachment":[{"href":"https:\/\/www.europesays.com\/fr\/wp-json\/wp\/v2\/media?parent=327301"}],"wp:term":[{"taxonomy":"category","embeddable":true,"href":"https:\/\/www.europesays.com\/fr\/wp-json\/wp\/v2\/categories?post=327301"},{"taxonomy":"post_tag","embeddable":true,"href":"https:\/\/www.europesays.com\/fr\/wp-json\/wp\/v2\/tags?post=327301"}],"curies":[{"name":"wp","href":"https:\/\/api.w.org\/{rel}","templated":true}]}}