{"id":327303,"date":"2025-08-18T15:24:37","date_gmt":"2025-08-18T15:24:37","guid":{"rendered":"https:\/\/www.europesays.com\/fr\/327303\/"},"modified":"2025-08-18T15:24:37","modified_gmt":"2025-08-18T15:24:37","slug":"deux-alpinistes-devissent-sur-un-glacier-du-massif-des-ecrins-et-se-blessent-serieusement","status":"publish","type":"post","link":"https:\/\/www.europesays.com\/fr\/327303\/","title":{"rendered":"deux alpinistes d\u00e9vissent sur un glacier du massif des Ecrins et se blessent s\u00e9rieusement"},"content":{"rendered":"<p>\t\t\t\t\t\t\t\t\t\t\t<img loading=\"lazy\" decoding=\"async\" width=\"1110\" title=\"Pr\u00e8s de Grenoble : deux alpinistes d\u00e9vissent sur un glacier du massif des Ecrins et se blessent s\u00e9rieusement\" class=\"img-fluid  mb-3\" src=\"https:\/\/grandgrenoble.alpes1.com\/media\/news\/thumb\/1110x624_pres-de-grenoble-deux-alpinistes-devissent-sur-un-glacier-du-massif-des-ecrins-et-se-blessent-serieusement_68a2d90f9c4e1.webp\" alt=\"Pr\u00e8s de Grenoble : deux alpinistes d\u00e9vissent sur un glacier du massif des Ecrins et se blessent s\u00e9rieusement\" itemprop=\"image\" height=\"624\"\/>\t\t\t\t\t\t\t\t\t\t\t\t<\/p>\n<p>Pr\u00e8s de Grenoble : deux alpinistes d\u00e9vissent sur un glacier du massif des Ecrins et se blessent s\u00e9rieusement &#8211; DR PGHM38<\/p>\n<p itemprop=\"description\"><strong>Deux alpinistes se sont fait une belle frayeur \u00e0 la T\u00eate des F\u00e9toules.<\/strong><\/p>\n<p>Ce dimanche 17 ao\u00fbt, deux alpinistes, \u00e2g\u00e9s de 33 et 43 ans, ont d\u00e9viss\u00e9 sur le glacier des F\u00e9toules, situ\u00e9 \u00e0 3459 m\u00e8tres d\u2019altitude dans le massif des Ecrins. Alors qu\u2019ils \u00e9voluaient sur la voie normale, au niveau de la commune de Saint-Christophe-en-Oisans, le second de cord\u00e9e a gliss\u00e9, entra\u00eenant son partenaire dans sa chute.<\/p>\n<p>Les deux alpinistes ont ainsi atterri dans une petite crevasse, apr\u00e8s avoir gliss\u00e9 sur une cinquantaine de m\u00e8tres. Les secouristes ont r\u00e9ussi \u00e0 \u00e9vacuer les victimes. L\u2019une d\u2019entre elles souffrait du dos et a \u00e9t\u00e9 transport\u00e9e vers un cabinet m\u00e9dical.<\/p>\n<p>L\u2019autre s\u2019est fractur\u00e9e des c\u00f4tes et avait plusieurs l\u00e9sions \u00e0 la main, il a donc \u00e9t\u00e9 transport\u00e9 au CHU Grenoble Alpes.<\/p>\n","protected":false},"excerpt":{"rendered":"Pr\u00e8s de Grenoble : deux alpinistes d\u00e9vissent sur un glacier du massif des Ecrins et se blessent s\u00e9rieusement&hellip;\n","protected":false},"author":2,"featured_media":327304,"comment_status":"","ping_status":"","sticky":false,"template":"","format":"standard","meta":{"footnotes":""},"categories":[9566],"tags":[1111,11,7733,8279,2430,7736,650,7734,2889,2263,1777,674,1011,27,2731,8280,6417,1114,108,4662,12,3725,1825,25,7737],"class_list":{"0":"post-327303","1":"post","2":"type-post","3":"status-publish","4":"format-standard","5":"has-post-thumbnail","7":"category-grenoble","8":"tag-actu","9":"tag-actualites","10":"tag-alpes","11":"tag-alpes1","12":"tag-auvergne-rhone-alpes","13":"tag-cds","14":"tag-cinema","15":"tag-ecoute","16":"tag-emission","17":"tag-equipe","18":"tag-eu","19":"tag-europe","20":"tag-fr","21":"tag-france","22":"tag-grenoble","23":"tag-haute","24":"tag-information","25":"tag-infos","26":"tag-isere","27":"tag-journal","28":"tag-news","29":"tag-podcast","30":"tag-radio","31":"tag-republique-francaise","32":"tag-winamp"},"share_on_mastodon":{"url":"https:\/\/pubeurope.com\/@fr\/115050464164549736","error":""},"_links":{"self":[{"href":"https:\/\/www.europesays.com\/fr\/wp-json\/wp\/v2\/posts\/327303","targetHints":{"allow":["GET"]}}],"collection":[{"href":"https:\/\/www.europesays.com\/fr\/wp-json\/wp\/v2\/posts"}],"about":[{"href":"https:\/\/www.europesays.com\/fr\/wp-json\/wp\/v2\/types\/post"}],"author":[{"embeddable":true,"href":"https:\/\/www.europesays.com\/fr\/wp-json\/wp\/v2\/users\/2"}],"replies":[{"embeddable":true,"href":"https:\/\/www.europesays.com\/fr\/wp-json\/wp\/v2\/comments?post=327303"}],"version-history":[{"count":0,"href":"https:\/\/www.europesays.com\/fr\/wp-json\/wp\/v2\/posts\/327303\/revisions"}],"wp:featuredmedia":[{"embeddable":true,"href":"https:\/\/www.europesays.com\/fr\/wp-json\/wp\/v2\/media\/327304"}],"wp:attachment":[{"href":"https:\/\/www.europesays.com\/fr\/wp-json\/wp\/v2\/media?parent=327303"}],"wp:term":[{"taxonomy":"category","embeddable":true,"href":"https:\/\/www.europesays.com\/fr\/wp-json\/wp\/v2\/categories?post=327303"},{"taxonomy":"post_tag","embeddable":true,"href":"https:\/\/www.europesays.com\/fr\/wp-json\/wp\/v2\/tags?post=327303"}],"curies":[{"name":"wp","href":"https:\/\/api.w.org\/{rel}","templated":true}]}}