{"id":327305,"date":"2025-08-18T15:25:09","date_gmt":"2025-08-18T15:25:09","guid":{"rendered":"https:\/\/www.europesays.com\/fr\/327305\/"},"modified":"2025-08-18T15:25:09","modified_gmt":"2025-08-18T15:25:09","slug":"ce-produit-dolga-recompense-sur-un-marche-a-13-milliard-de-dollars","status":"publish","type":"post","link":"https:\/\/www.europesays.com\/fr\/327305\/","title":{"rendered":"ce produit d&rsquo;Olga r\u00e9compens\u00e9 sur un march\u00e9 \u00e0 1,3 milliard de dollars"},"content":{"rendered":"<p>            Par<br \/>\n        <strong><br \/>\n            <a href=\"https:\/\/actu.fr\/auteur\/redaction-jv\" title=\"Consulter tous les articles de R\u00e9daction Vitr\u00e9\" target=\"_blank\" rel=\"noopener\">R\u00e9daction Vitr\u00e9<\/a><br \/>\n        <\/strong><\/p>\n<p>        Publi\u00e9 le<\/p>\n<p>            18 ao\u00fbt 2025 \u00e0 16h45        <\/p>\n<p>L\u2019entreprise bretonne <b>Olga<\/b>, bas\u00e9e \u00e0<b> Noyal-sur-Vilaine<\/b> (Ille-et-Vilaine) a \u00e9t\u00e9 distingu\u00e9e par le jury des <b>Sustainable Food Awards<\/b> pour son innovation dans les ingr\u00e9dients v\u00e9g\u00e9taux gr\u00e2ce \u00e0\u00a0<b>Lengood<\/b>, sa poudre de lentille ferment\u00e9e.<\/p>\n<p class=\" wall-content\">Les Sustainable Food Awards r\u00e9compensent chaque ann\u00e9e les initiatives les plus avanc\u00e9es <b>en mati\u00e8re d\u2019alimentation durable.<\/b><\/p>\n<p class=\" wall-content\">Dans la cat\u00e9gorie Sustainable Ingredient, le jury \u00e9value notamment l\u2019impact environnemental, les qualit\u00e9s nutritionnelles, la naturalit\u00e9 et potentiel d\u2019application des ingr\u00e9dients.<\/p>\n<p>March\u00e9 \u00e0 1,3\u00a0milliard de dollars<\/p>\n<p class=\" wall-content\">\u00ab\u2009Avec Lengood, nous avons voulu r\u00e9pondre \u00e0 un double enjeu\u2009: offrir aux industriels une alternative v\u00e9g\u00e9tale vraiment performante et contribuer \u00e0 construire <b>un mod\u00e8le alimentaire plus durable, plus local.<\/b> Cette m\u00e9daille est une magnifique reconnaissance et une belle mise en avant de l\u2019innovation positive, utile, ancr\u00e9e dans le vivant\u2009\u00bb, salue Olivier Clanchin, pr\u00e9sident d\u2019Olga, dans un communiqu\u00e9.<\/p>\n<p>Impact carbone r\u00e9duit<\/p>\n<p class=\" wall-content\">Lengood est le fruit de <b>deux ans de travail en recherche en d\u00e9veloppement,<\/b> dixit la marque, et cet ingr\u00e9dient a \u00e9t\u00e9 con\u00e7u pour r\u00e9pondre aux besoins de <b>substitution de l\u2019\u0153uf <\/b>dans les recettes industrielles (p\u00e2tisserie, boulangerie, cr\u00e8mes\u2026).<\/p>\n<p>Vid\u00e9os : en ce moment sur Actu<\/p>\n<p class=\" wall-content\">Olga \u00e9value ce march\u00e9 \u00e0 <b>1,3\u00a0milliard de dollars<\/b> \u00e0 l\u2019\u00e9chelle mondiale.<\/p>\n<p>Votre r\u00e9gion, votre actu !<\/p>\n<p>Recevez chaque jour les infos qui comptent pour vous.<\/p>\n<p>\t<a href=\"https:\/\/actu.fr\/newsletter\" class=\"ac-btn ac-btn--corner ac-btn--medium ac-btn--blue800\" target=\"_blank\" rel=\"noopener\">S&rsquo;incrire<\/a><\/p>\n<p class=\" wall-content\">\u00ab\u2009Issue de lentilles vertes fran\u00e7aises et obtenue par un process naturel et sans solvant, cette solution v\u00e9g\u00e9tale a \u00e9t\u00e9 d\u00e9velopp\u00e9e pour les industriels de produits de boulangerie viennoiserie et p\u00e2tisserie afin de faire face \u00e0 l\u2019augmentation du co\u00fbt des \u0153ufs et \u00e0 la forte demande de produits sans \u0153uf\u2009\u00bb, pr\u00e9cise encore l\u2019entreprise.<\/p>\n<p class=\" wall-content\">Selon elle, son produit pourrait \u00eatre jusqu\u2019\u00e0 <b>30\u2009% plus rentable pour les industriels<\/b>, tout en ayant un impact carbone 60\u2009% inf\u00e9rieur \u00e0 celle de l\u2019\u0153uf.<\/p>\n<p class=\" wall-content\">Personnalisez votre actualit\u00e9 en ajoutant vos villes et m\u00e9dias en favori avec <a href=\"https:\/\/moncompte.actu.fr\" title=\"D\u00e9couvez Mon Actu\" rel=\"nofollow noopener\" data-trk=\"{&quot;cta&quot;:{&quot;action&quot;:&quot;https:\\\/\\\/moncompte.actu.fr&quot;,&quot;category&quot;:&quot;mon compte&quot;,&quot;from&quot;:&quot;article footer&quot;,&quot;name&quot;:&quot;Mon actu&quot;,&quot;type&quot;:&quot;cta&quot;}}\" target=\"_blank\">Mon Actu<\/a>.<\/p>\n","protected":false},"excerpt":{"rendered":"Par R\u00e9daction Vitr\u00e9 Publi\u00e9 le 18 ao\u00fbt 2025 \u00e0 16h45 L\u2019entreprise bretonne Olga, bas\u00e9e \u00e0 Noyal-sur-Vilaine (Ille-et-Vilaine) a&hellip;\n","protected":false},"author":2,"featured_media":327306,"comment_status":"","ping_status":"","sticky":false,"template":"","format":"standard","meta":{"footnotes":""},"categories":[2821],"tags":[1111,11,258,829,1777,674,1011,27,5701,12,584,25,104],"class_list":{"0":"post-327305","1":"post","2":"type-post","3":"status-publish","4":"format-standard","5":"has-post-thumbnail","7":"category-rennes","8":"tag-actu","9":"tag-actualites","10":"tag-alimentation","11":"tag-bretagne","12":"tag-eu","13":"tag-europe","14":"tag-fr","15":"tag-france","16":"tag-innovation","17":"tag-news","18":"tag-rennes","19":"tag-republique-francaise","20":"tag-societe"},"share_on_mastodon":{"url":"https:\/\/pubeurope.com\/@fr\/115050468117632803","error":""},"_links":{"self":[{"href":"https:\/\/www.europesays.com\/fr\/wp-json\/wp\/v2\/posts\/327305","targetHints":{"allow":["GET"]}}],"collection":[{"href":"https:\/\/www.europesays.com\/fr\/wp-json\/wp\/v2\/posts"}],"about":[{"href":"https:\/\/www.europesays.com\/fr\/wp-json\/wp\/v2\/types\/post"}],"author":[{"embeddable":true,"href":"https:\/\/www.europesays.com\/fr\/wp-json\/wp\/v2\/users\/2"}],"replies":[{"embeddable":true,"href":"https:\/\/www.europesays.com\/fr\/wp-json\/wp\/v2\/comments?post=327305"}],"version-history":[{"count":0,"href":"https:\/\/www.europesays.com\/fr\/wp-json\/wp\/v2\/posts\/327305\/revisions"}],"wp:featuredmedia":[{"embeddable":true,"href":"https:\/\/www.europesays.com\/fr\/wp-json\/wp\/v2\/media\/327306"}],"wp:attachment":[{"href":"https:\/\/www.europesays.com\/fr\/wp-json\/wp\/v2\/media?parent=327305"}],"wp:term":[{"taxonomy":"category","embeddable":true,"href":"https:\/\/www.europesays.com\/fr\/wp-json\/wp\/v2\/categories?post=327305"},{"taxonomy":"post_tag","embeddable":true,"href":"https:\/\/www.europesays.com\/fr\/wp-json\/wp\/v2\/tags?post=327305"}],"curies":[{"name":"wp","href":"https:\/\/api.w.org\/{rel}","templated":true}]}}