{"id":327311,"date":"2025-08-18T15:28:12","date_gmt":"2025-08-18T15:28:12","guid":{"rendered":"https:\/\/www.europesays.com\/fr\/327311\/"},"modified":"2025-08-18T15:28:12","modified_gmt":"2025-08-18T15:28:12","slug":"luniversite-de-strasbourg-parmi-les-meilleures-de-france-nous-sommes-une-excellente-universite-notamment-en-chimie","status":"publish","type":"post","link":"https:\/\/www.europesays.com\/fr\/327311\/","title":{"rendered":"l&rsquo;universit\u00e9 de Strasbourg parmi les meilleures de France, \u00ab\u00a0nous sommes une excellente universit\u00e9, notamment en chimie\u00a0\u00bb"},"content":{"rendered":"<p class=\"article__intro\">L&rsquo;universit\u00e9 de Strasbourg est encore cette ann\u00e9e class\u00e9e parmi les 150\u00a0meilleures universit\u00e9s au monde, selon le classement de Shanghai publi\u00e9 le 15\u00a0ao\u00fbt dernier. Elle est la cinqui\u00e8me meilleure universit\u00e9 de France et la meilleure hors r\u00e9gion parisienne. L&rsquo;Unistra se distingue particuli\u00e8rement en chimie, o\u00f9 elle atteint le 47e rang mondial.<\/p>\n<p>\n      La Quotidienne Soci\u00e9t\u00e9\n    <\/p>\n<p>\n      De la vie quotidienne aux grands enjeux, recevez tous les jours les sujets qui font la soci\u00e9t\u00e9 locale, comme la justice, l\u2019\u00e9ducation, la sant\u00e9 et la famille.\n    <\/p>\n<p>    France T\u00e9l\u00e9visions utilise votre adresse e-mail afin de vous envoyer la newsletter \u00ab\u00a0La Quotidienne Soci\u00e9t\u00e9\u00a0\u00bb. Vous pouvez vous d\u00e9sinscrire \u00e0 tout moment via le lien en bas de cette newsletter. <a target=\"_blank\" href=\"https:\/\/www.francetelevisions.fr\/groupe\/confidentialite\/politique-de-confidentialite\/politique-de-confidentialite-de-france-televisions-6503\" rel=\"nofollow noopener\">Notre politique de confidentialit\u00e9<\/a><\/p>\n<p>L&rsquo;<a href=\"https:\/\/www.unistra.fr\/\" target=\"_blank\" rel=\"noopener nofollow\">universit\u00e9 de Strasbourg<\/a> (Unistra) est la meilleure de France en\u00a02025, hors Paris. C&rsquo;est ce qu&rsquo;affirme <a href=\"https:\/\/www.shanghairanking.com\/rankings\/arwu\/2025\" target=\"_blank\" rel=\"noopener nofollow\">Shanghai\u00a0Ranking<\/a>, qui publie chaque ann\u00e9e le classement des meilleures universit\u00e9s du monde. Paru vendredi 15\u00a0ao\u00fbt, celui-ci place l&rsquo;Unistra entre la 101e et la 150e place. (La liste ne d\u00e9taille que le rang des 100\u00a0premi\u00e8res universit\u00e9s.)<\/p>\n<p>L&rsquo;universit\u00e9 de Haute-Alsace, pr\u00e9sente dans le Haut-Rhin et qui d\u00e9pend de l&rsquo;universit\u00e9 de Strasbourg depuis 2013, ne figure, elle, pas au palmar\u00e8s.<\/p>\n<\/p>\n<p>C&rsquo;est la deuxi\u00e8me ann\u00e9e cons\u00e9cutive que Strasbourg se classe parmi les 150\u00a0meilleures universit\u00e9s au monde. Un rang qu&rsquo;elle doit notamment \u00e0 sa facult\u00e9 de chimie, et \u00e0 ses trois prix Nobel, re\u00e7us entre 1987 et 2016. Dans ce domaine, elle se hisse m\u00eame \u00e0 la 47e place mondiale et d\u00e9passe toutes les autres universit\u00e9s de France.<\/p>\n<p>Fr\u00e9d\u00e9rique Berrod, pr\u00e9sidente de l&rsquo;Unistra, se r\u00e9jouit de la nouvelle. \u00ab\u00a0[Cette position] confirme que nous sommes une excellente universit\u00e9, notamment en chimie.\u00a0\u00bb Mais elle qui a \u00e9t\u00e9 \u00e9lue pr\u00e9sidente en mars 2025, souligne aussi que le classement de Shanghai a des d\u00e9fauts \u00ab\u00a0qui font qu&rsquo;on ne fonde pas nos politiques\u00a0\u00bb dessus.<\/p>\n<p>\u00ab\u00a0C&rsquo;est un indicateur qui est important surtout pour nos partenaires \u00e9trangers, d\u00e9veloppe-t-elle. Mais il se base sur un mod\u00e8le qui n&rsquo;est pas fran\u00e7ais mais anglo-saxon. (&#8230;) La m\u00e9thodologie de comptage ne tient pas compte de la qualit\u00e9 de nos formations ou des performances de nos \u00e9tudiants sur le march\u00e9 de l&#8217;emploi.\u00a0\u00bb<\/p>\n<p>En effet, Shanghai\u00a0Ranking\u00a0Consultancy, le bureau d&rsquo;\u00e9tudes ind\u00e9pendant \u00e0 l&rsquo;origine du classement, se base uniquement sur la recherche pour \u00e9valuer les \u00e9tablissements. Nombre de chercheurs ayant re\u00e7u des prix (Nobel, m\u00e9daille Fields), nombre de publications, nombre de citations par les pairs&#8230; Et c&rsquo;est l\u00e0 que le b\u00e2t peut blesser, puisque ce sont uniquement les publications en langue anglaise qui sont comptabilis\u00e9es.<\/p>\n<p>Le classement se focalise aussi sur les sciences dures et les sciences sociales, laissant ainsi de c\u00f4t\u00e9 des disciplines comme le droit, les langues ou la th\u00e9ologie&#8230; Des domaines \u00ab\u00a0qui font pourtant l&rsquo;attractivit\u00e9\u00a0\u00bb de l&rsquo;Unistra, estime encore Fr\u00e9d\u00e9rique Berrod.<\/p>\n<p>L&rsquo;universit\u00e9 a par exemple obtenu 9\u00a0000\u00a0000 d&rsquo;euros d&rsquo;investissement de la part du Minist\u00e8re de l&rsquo;Enseignement sup\u00e9rieur, en d\u00e9cembre\u00a02024, pour le projet ReligiS (Religions et soci\u00e9t\u00e9s face aux d\u00e9fis contemporains). Un dispositif qui met en relation pr\u00e8s de 450\u00a0chercheurs en th\u00e9ologie de toute la France afin de faciliter la transmission des connaissances aux d\u00e9cideurs politiques.<\/p>\n<p>Cette ann\u00e9e encore, l&rsquo;Unistra accueillera dans ses 35 facult\u00e9s, \u00e9coles ou instituts, plus de 40\u00a0000\u00a0\u00e9tudiants, r\u00e9partis sur six campus, de Haguenau \u00e0 Colmar.<\/p>\n","protected":false},"excerpt":{"rendered":"L&rsquo;universit\u00e9 de Strasbourg est encore cette ann\u00e9e class\u00e9e parmi les 150\u00a0meilleures universit\u00e9s au monde, selon le classement de&hellip;\n","protected":false},"author":2,"featured_media":327312,"comment_status":"","ping_status":"","sticky":false,"template":"","format":"standard","meta":{"footnotes":""},"categories":[2820],"tags":[1111,11,1777,674,1011,27,775,12,25,640],"class_list":{"0":"post-327311","1":"post","2":"type-post","3":"status-publish","4":"format-standard","5":"has-post-thumbnail","7":"category-strasbourg","8":"tag-actu","9":"tag-actualites","10":"tag-eu","11":"tag-europe","12":"tag-fr","13":"tag-france","14":"tag-grand-est","15":"tag-news","16":"tag-republique-francaise","17":"tag-strasbourg"},"share_on_mastodon":{"url":"https:\/\/pubeurope.com\/@fr\/115050479948733687","error":""},"_links":{"self":[{"href":"https:\/\/www.europesays.com\/fr\/wp-json\/wp\/v2\/posts\/327311","targetHints":{"allow":["GET"]}}],"collection":[{"href":"https:\/\/www.europesays.com\/fr\/wp-json\/wp\/v2\/posts"}],"about":[{"href":"https:\/\/www.europesays.com\/fr\/wp-json\/wp\/v2\/types\/post"}],"author":[{"embeddable":true,"href":"https:\/\/www.europesays.com\/fr\/wp-json\/wp\/v2\/users\/2"}],"replies":[{"embeddable":true,"href":"https:\/\/www.europesays.com\/fr\/wp-json\/wp\/v2\/comments?post=327311"}],"version-history":[{"count":0,"href":"https:\/\/www.europesays.com\/fr\/wp-json\/wp\/v2\/posts\/327311\/revisions"}],"wp:featuredmedia":[{"embeddable":true,"href":"https:\/\/www.europesays.com\/fr\/wp-json\/wp\/v2\/media\/327312"}],"wp:attachment":[{"href":"https:\/\/www.europesays.com\/fr\/wp-json\/wp\/v2\/media?parent=327311"}],"wp:term":[{"taxonomy":"category","embeddable":true,"href":"https:\/\/www.europesays.com\/fr\/wp-json\/wp\/v2\/categories?post=327311"},{"taxonomy":"post_tag","embeddable":true,"href":"https:\/\/www.europesays.com\/fr\/wp-json\/wp\/v2\/tags?post=327311"}],"curies":[{"name":"wp","href":"https:\/\/api.w.org\/{rel}","templated":true}]}}