{"id":327315,"date":"2025-08-18T15:30:19","date_gmt":"2025-08-18T15:30:19","guid":{"rendered":"https:\/\/www.europesays.com\/fr\/327315\/"},"modified":"2025-08-18T15:30:19","modified_gmt":"2025-08-18T15:30:19","slug":"ineos-out-des-supporters-de-logc-nice-lancent-une-petition-pour-reclamer-le-depart-de-jim-ratcliffe","status":"publish","type":"post","link":"https:\/\/www.europesays.com\/fr\/327315\/","title":{"rendered":"\u00ab\u00a0Ineos Out\u00a0\u00bb : Des supporters de l&rsquo;OGC Nice lancent une p\u00e9tition pour r\u00e9clamer le d\u00e9part de Jim Ratcliffe"},"content":{"rendered":"<p>La saison est \u00e0 peine lanc\u00e9e que les supporters de l&rsquo;OGC Nice expriment d\u00e9j\u00e0 leur inqui\u00e9tude et une certaine col\u00e8re contre le manque de clart\u00e9 et d&rsquo;ambition qui entoure l&rsquo;avenir du club. Une p\u00e9tition lanc\u00e9e dimanche pour r\u00e9clamer le d\u00e9part d&rsquo;Ineos a d\u00e9j\u00e0 \u00e9t\u00e9 sign\u00e9e 1.300 fois en quelques heures.<\/p>\n<p>Il y a d&rsquo;abord eu le communiqu\u00e9 acerbe de la Populaire Sud samedi avant le match face \u00e0 Toulouse pour critiquer les 2e et 3e maillots de la saison qui ne respectent pas suffisamment les couleurs et l&rsquo;identit\u00e9 du club. \u00ab\u00a0Vous nous fa\u00eetes honte\u00a0\u00bb \u00e9crit m\u00eame le principal groupe de supporters du Gym qui stigmatise une \u00ab\u00a0d\u00e9rive marketing\u00a0\u00bb au club. Il y a ensuite eu les sifflets entendus \u00e0 la mi-temps puis \u00e0 la fin du match \u00e0 l&rsquo;Allianz Riviera face \u00e0 Toulouse (0-1) pour exprimer une inqui\u00e9tude sportive \u00e0 l&rsquo;issue de la troisi\u00e8me d\u00e9faite en trois matchs officiels cet \u00e9t\u00e9. Il y a enfin cette p\u00e9tition lanc\u00e9e dimanche sur la plateforme\u00a0<a target=\"_blank\" rel=\"nofollow noopener noreferrer\" class=\"IciLink ici-link IciArticleLink g-ici-body-regular-1 underline brand svelte-lu7k6w\" href=\"https:\/\/www.change.org\/p\/%EF%B8%8F-ineos-out-%EF%B8%8F\">change.org<\/a>\u00a0pour r\u00e9clamer le d\u00e9part d&rsquo;un propri\u00e9taire accus\u00e9 d&rsquo;avoir d\u00e9tourn\u00e9 les yeux depuis trop longtemps de l&rsquo;OGC Nice et qui serait donc le principal responsable de la situation.<\/p>\n<p>\u00ab\u00a0On ressent la col\u00e8re des supporters\u00a0\u00bb<\/p>\n<p>\u00ab\u00a0On \u00e9tait tous pour l&rsquo;arriv\u00e9e d&rsquo;Ineos en 2019,\u00a0\u00bb rembobine Loris De Gregorio, cr\u00e9ateur de la page Nice Stadium Supporters, suivie par pr\u00e8s de 20.000 personnes sur les r\u00e9seaux sociaux et \u00e0 l&rsquo;origine de cette p\u00e9tition. \u00ab\u00a0Il y a eu des bonnes choses au d\u00e9part mais aujourd&rsquo;hui il n&rsquo;y a plus de cap, plus d&rsquo;investissement. Depuis le rachat de Manchester United en 2023 on voit que Jim Ratcliffe se fout de l&rsquo;OGC Nice. Quand il d\u00e9clare en mars qu&rsquo;il ne regarde pas les matchs du Gym c&rsquo;est irrespectueux et inqui\u00e9tant. Ce n&rsquo;est pas la d\u00e9faite contre Toulouse qui nous a convaincu de lancer cette p\u00e9tition. C&rsquo;est surtout la col\u00e8re qu&rsquo;on ressent, les messages qu&rsquo;on re\u00e7oit de plein de supporters.\u00a0\u00bb<\/p>\n<p>\u00c0 lire aussi   <img decoding=\"async\" src=\"https:\/\/www.europesays.com\/fr\/wp-content\/uploads\/2025\/08\/560x315_sc_live2-tfc.jpg\" alt=\"Le Gym n'a pas trouv\u00e9 la solution.\" style=\"--_image-preview:url('data:image\/jpeg;base64,\/9j\/2wBDACgcHiMeGSgjISMtKygwPGRBPDc3PHtYXUlkkYCZlo+AjIqgtObDoKrarYqMyP\/L2u71\/\/\/\/m8H\/\/\/\/6\/+b9\/\/j\/2wBDASstLTw1PHZBQXb4pYyl+Pj4+Pj4+Pj4+Pj4+Pj4+Pj4+Pj4+Pj4+Pj4+Pj4+Pj4+Pj4+Pj4+Pj4+Pj4+Pj4+Pj\/wAARCAAXACoDASIAAhEBAxEB\/8QAFwABAQEBAAAAAAAAAAAAAAAAAQACA\/\/EABYQAQEBAAAAAAAAAAAAAAAAAAABEf\/EABcBAQADAAAAAAAAAAAAAAAAAAABAgP\/xAAVEQEBAAAAAAAAAAAAAAAAAAAAEf\/aAAwDAQACEQMRAD8A4yGQyFSgxUilGay1QUdCkzAKkDNCQh\/\/2Q==');\" loading=\"lazy\" fetchpriority=\"low\" aria-hidden=\"true\" class=\"svelte-1pnmlwx rounded\" onload=\"this.__e=event\" onerror=\"this.__e=event\"\/><\/p>\n<p>Une p\u00e9tition sign\u00e9e 1.300 fois en quelques heures, notamment par Fabio, jeune supporter des Aiglons. \u00ab\u00a0D\u00e9j\u00e0 je trouve que \u00e7a fait trop longtemps qu&rsquo;Ineos est l\u00e0 sans investir. Cet \u00e9t\u00e9 j&rsquo;attendais au moins une grosse recrue pour aborder ces tours pr\u00e9liminaires de Ligue des Champions. L&rsquo;ann\u00e9e derni\u00e8re on n&rsquo;a pas r\u00e9ussi \u00e0 prolonger Bulka pour des raisons financi\u00e8res. On a l&rsquo;impression qu&rsquo;Ineos cherche juste \u00e0 \u00e9ponger les dettes pour mieux vendre le club.\u00a0\u00bb Officiellement, le club n&rsquo;est pas en vente. Mais Ineos a effectivement encore r\u00e9duit le budget de pr\u00e8s de 15% cet \u00e9t\u00e9. Toutes les d\u00e9penses sont mesur\u00e9es. Si le club a encaiss\u00e9 50 millions d&rsquo;euros cet \u00e9t\u00e9 gr\u00e2ce aux ventes de Guessand, Bulka et Laborde (sans compter l&rsquo;option d&rsquo;achat lev\u00e9e de Todibo), il n&rsquo;a pour l&rsquo;instant r\u00e9investi \u00ab\u00a0que\u00a0\u00bb 20 millions d&rsquo;euros pour attirer des joueurs qui offrent peu de garanties. Les trois premi\u00e8res d\u00e9faites ont illustr\u00e9 ce manque de qualit\u00e9 et de quantit\u00e9 dans l&rsquo;effectif.<\/p>\n<p>\u00ab\u00a0Dire les choses clairement et arr\u00eater les faux-semblants\u00a0\u00bb<\/p>\n<p>\u00ab\u00a0Il vaut mieux qu&rsquo;on r\u00e9agisse et qu&rsquo;on s&rsquo;exprime maintenant plut\u00f4t qu&rsquo;au milieu du championnat ou \u00e0 la fin,\u00a0\u00bb estime Solange Claude, pr\u00e9sidente du CDS (Club Des Supporters de l&rsquo;OGC Nice), qui a relay\u00e9 cette p\u00e9tition avec cette petite phrase \u00ab\u00a0Messieurs les Anglais\u00a0: tirez-vous\u00a0!\u00a0\u00bb \u00ab\u00a0C&rsquo;est un trait d&rsquo;humour pour leur indiquer qu&rsquo;on est pr\u00eat \u00e0 leur faire l&rsquo;honneur de leur permettre de se retirer proprement. Mais sur le fond notre inqui\u00e9tude est tr\u00e8s s\u00e9rieuse. Quand on voit tous les supporters, les m\u00e9dias, qui vont dans le m\u00eame sens avec des interrogations sur Ineos, c&rsquo;est important de faire remonter tout \u00e7a pour que nos dirigeants nous disent enfin les choses clairement et arr\u00eater ces faux-semblants comme on entend \u00e0 longueur de conf\u00e9rences de presse.\u00a0\u00bb<\/p>\n<p>\u00c0 \u00e9couter aussi   <img decoding=\"async\" src=\"https:\/\/www.europesays.com\/fr\/wp-content\/uploads\/2025\/08\/560x315_sc_maxpaimagesfour038000.jpg\" alt=\"Sir Jim Ratcliffe propri\u00e9taire de l'OGC Nice\" style=\"--_image-preview:url('data:image\/jpeg;base64,\/9j\/2wBDACgcHiMeGSgjISMtKygwPGRBPDc3PHtYXUlkkYCZlo+AjIqgtObDoKrarYqMyP\/L2u71\/\/\/\/m8H\/\/\/\/6\/+b9\/\/j\/2wBDASstLTw1PHZBQXb4pYyl+Pj4+Pj4+Pj4+Pj4+Pj4+Pj4+Pj4+Pj4+Pj4+Pj4+Pj4+Pj4+Pj4+Pj4+Pj4+Pj4+Pj\/wAARCAAXACoDASIAAhEBAxEB\/8QAFwAAAwEAAAAAAAAAAAAAAAAAAAECA\/\/EABcQAQEBAQAAAAAAAAAAAAAAAAABAhH\/xAAWAQEBAQAAAAAAAAAAAAAAAAAAAQL\/xAAUEQEAAAAAAAAAAAAAAAAAAAAA\/9oADAMBAAIRAxEAPwB9NGauIplVJqoml0Wp6IeWsAGjToAGWqjoAy\/\/2Q==');\" loading=\"lazy\" fetchpriority=\"low\" aria-hidden=\"true\" class=\"svelte-1pnmlwx rounded\" onload=\"this.__e=event\" onerror=\"this.__e=event\"\/><\/p>\n","protected":false},"excerpt":{"rendered":"La saison est \u00e0 peine lanc\u00e9e que les supporters de l&rsquo;OGC Nice expriment d\u00e9j\u00e0 leur inqui\u00e9tude et une&hellip;\n","protected":false},"author":2,"featured_media":327316,"comment_status":"","ping_status":"","sticky":false,"template":"","format":"standard","meta":{"footnotes":""},"categories":[2819],"tags":[1111,11,1777,674,1011,27,12,2401,882,25],"class_list":{"0":"post-327315","1":"post","2":"type-post","3":"status-publish","4":"format-standard","5":"has-post-thumbnail","7":"category-nice","8":"tag-actu","9":"tag-actualites","10":"tag-eu","11":"tag-europe","12":"tag-fr","13":"tag-france","14":"tag-news","15":"tag-nice","16":"tag-provence-alpes-cote-dazur","17":"tag-republique-francaise"},"share_on_mastodon":{"url":"https:\/\/pubeurope.com\/@fr\/115050487816830313","error":""},"_links":{"self":[{"href":"https:\/\/www.europesays.com\/fr\/wp-json\/wp\/v2\/posts\/327315","targetHints":{"allow":["GET"]}}],"collection":[{"href":"https:\/\/www.europesays.com\/fr\/wp-json\/wp\/v2\/posts"}],"about":[{"href":"https:\/\/www.europesays.com\/fr\/wp-json\/wp\/v2\/types\/post"}],"author":[{"embeddable":true,"href":"https:\/\/www.europesays.com\/fr\/wp-json\/wp\/v2\/users\/2"}],"replies":[{"embeddable":true,"href":"https:\/\/www.europesays.com\/fr\/wp-json\/wp\/v2\/comments?post=327315"}],"version-history":[{"count":0,"href":"https:\/\/www.europesays.com\/fr\/wp-json\/wp\/v2\/posts\/327315\/revisions"}],"wp:featuredmedia":[{"embeddable":true,"href":"https:\/\/www.europesays.com\/fr\/wp-json\/wp\/v2\/media\/327316"}],"wp:attachment":[{"href":"https:\/\/www.europesays.com\/fr\/wp-json\/wp\/v2\/media?parent=327315"}],"wp:term":[{"taxonomy":"category","embeddable":true,"href":"https:\/\/www.europesays.com\/fr\/wp-json\/wp\/v2\/categories?post=327315"},{"taxonomy":"post_tag","embeddable":true,"href":"https:\/\/www.europesays.com\/fr\/wp-json\/wp\/v2\/tags?post=327315"}],"curies":[{"name":"wp","href":"https:\/\/api.w.org\/{rel}","templated":true}]}}