{"id":327317,"date":"2025-08-18T15:31:16","date_gmt":"2025-08-18T15:31:16","guid":{"rendered":"https:\/\/www.europesays.com\/fr\/327317\/"},"modified":"2025-08-18T15:31:16","modified_gmt":"2025-08-18T15:31:16","slug":"pres-de-clisson-le-trail-des-sentiers-de-la-sevre-repart-pour-une-nouvelle-edition","status":"publish","type":"post","link":"https:\/\/www.europesays.com\/fr\/327317\/","title":{"rendered":"Pr\u00e8s de Clisson, le trail des Sentiers de la S\u00e8vre repart pour une nouvelle \u00e9dition"},"content":{"rendered":"<p>            Par<br \/>\n        <strong><br \/>\n            <a href=\"https:\/\/actu.fr\/auteur\/journaliste-sm\" title=\"Consulter tous les articles de R\u00e9daction Clisson\" target=\"_blank\" rel=\"noopener\">R\u00e9daction Clisson<\/a><br \/>\n        <\/strong><\/p>\n<p>        Publi\u00e9 le<\/p>\n<p>            18 ao\u00fbt 2025 \u00e0 12h04        <\/p>\n<p>On ne change pas une formule qui fonctionne. L\u2019\u00e9dition 2025 du trail des <b>Sentiers de la S\u00e8vre<\/b> a lieu samedi 6 septembre, \u00e0 <a href=\"https:\/\/actu.fr\/pays-de-la-loire\/boussay_44022\" target=\"_blank\" rel=\"noopener\">Boussay<\/a>, en reprenant sensiblement le cadre de l\u2019ann\u00e9e derni\u00e8re.<\/p>\n<p class=\" wall-content\">Et au programme <b>toujours trois courses<\/b> : le trail 22 kilom\u00e8tres, avec un <b>d\u00e9nivel\u00e9 positif de 420\u00a0m\u00e8tres<\/b>, qui part \u00e0 16 h ; le trail 14,5 kilom\u00e8tres avec 210\u00a0m\u00e8tres de d\u00e9nivel\u00e9, qui part \u00e0 16 h 30 ; enfin celui de 7,3 kilom\u00e8tres, lanc\u00e9 en dernier, \u00e0 16 h 45. Les rassemblements ont lieu un quart d\u2019heure en amont \u00e0 chaque fois.<\/p>\n<p class=\" wall-content\">Cet \u00e9v\u00e9nement organis\u00e9 par l\u2019<b>Amicale des sapeurs-pompiers de Boussay<\/b>, en partenariat avec le club d\u2019athl\u00e9tisme de Clisson-RCN, devrait encore<b> attirer un paquet de concurrents<\/b>. \u00c0 l\u2019heure de ces lignes, plus de 150 coureurs et coureuses avaient pris leur dossard. L\u2019\u00e9preuve des 14,5 km \u00e9tait particuli\u00e8rement demand\u00e9e avec 74 inscrits pour encore 76 dossards disponibles.<\/p>\n<p class=\" wall-content\">Marqu\u00e9 par quantit\u00e9 d\u2019inscriptions en derni\u00e8re minute, <a href=\"https:\/\/actu.fr\/pays-de-la-loire\/boussay_44022\/edition-record-au-trail-des-sentiers-de-la-sevre-a-boussay_61559317.html#:~:text=1%2D%20Dany%20Vinet%20en%201,1%20h%2024&#039;21%20%C2%BB.\" target=\"_blank\" rel=\"noopener\"><b>le trail 2024 avait permis de signer une \u00e9dition record avec 330 coureurs<\/b><\/a> en tout au d\u00e9part des trois parcours. Parcours connus pour \u00eatre \u00e0 90 % ombrag\u00e9 le long de la S\u00e8vre nantaise.<\/p>\n<p>Vid\u00e9os : en ce moment sur Actu<\/p>\n<p class=\" wall-content\">Les inscriptions sont ouvertes jusqu\u2019\u00e0 la veille de l\u2019\u00e9preuve, le 5 septembre, \u00e0 19 h.<\/p>\n<p>D\u00e9part le samedi 6 septembre derri\u00e8re le complexe sportif de Boussay (\u00e9galement lieu d\u2019arriv\u00e9e). Tarifs de 7 \u20ac \u00e0 15 \u20ac (selon licenci\u00e9 FFA ou non). Inscription sur le site timepulse.run. Une majoration de 3 \u20ac est appliqu\u00e9e pour les inscriptions sur place. Informations au 06 47 96 63 77.<\/p>\n<p class=\" wall-content\">Personnalisez votre actualit\u00e9 en ajoutant vos villes et m\u00e9dias en favori avec <a href=\"https:\/\/moncompte.actu.fr\" title=\"D\u00e9couvez Mon Actu\" rel=\"nofollow noopener\" data-trk=\"{&quot;cta&quot;:{&quot;action&quot;:&quot;https:\\\/\\\/moncompte.actu.fr&quot;,&quot;category&quot;:&quot;mon compte&quot;,&quot;from&quot;:&quot;article footer&quot;,&quot;name&quot;:&quot;Mon actu&quot;,&quot;type&quot;:&quot;cta&quot;}}\" target=\"_blank\">Mon Actu<\/a>.<\/p>\n","protected":false},"excerpt":{"rendered":"Par R\u00e9daction Clisson Publi\u00e9 le 18 ao\u00fbt 2025 \u00e0 12h04 On ne change pas une formule qui fonctionne.&hellip;\n","protected":false},"author":2,"featured_media":327318,"comment_status":"","ping_status":"","sticky":false,"template":"","format":"standard","meta":{"footnotes":""},"categories":[2818],"tags":[1111,11,1777,674,1011,27,766,12,2636,25,517,60,2900],"class_list":{"0":"post-327317","1":"post","2":"type-post","3":"status-publish","4":"format-standard","5":"has-post-thumbnail","7":"category-nantes","8":"tag-actu","9":"tag-actualites","10":"tag-eu","11":"tag-europe","12":"tag-fr","13":"tag-france","14":"tag-nantes","15":"tag-news","16":"tag-pays-de-la-loire","17":"tag-republique-francaise","18":"tag-sport","19":"tag-sports","20":"tag-vignoble-nantais"},"share_on_mastodon":{"url":"https:\/\/pubeurope.com\/@fr\/115050491760160088","error":""},"_links":{"self":[{"href":"https:\/\/www.europesays.com\/fr\/wp-json\/wp\/v2\/posts\/327317","targetHints":{"allow":["GET"]}}],"collection":[{"href":"https:\/\/www.europesays.com\/fr\/wp-json\/wp\/v2\/posts"}],"about":[{"href":"https:\/\/www.europesays.com\/fr\/wp-json\/wp\/v2\/types\/post"}],"author":[{"embeddable":true,"href":"https:\/\/www.europesays.com\/fr\/wp-json\/wp\/v2\/users\/2"}],"replies":[{"embeddable":true,"href":"https:\/\/www.europesays.com\/fr\/wp-json\/wp\/v2\/comments?post=327317"}],"version-history":[{"count":0,"href":"https:\/\/www.europesays.com\/fr\/wp-json\/wp\/v2\/posts\/327317\/revisions"}],"wp:featuredmedia":[{"embeddable":true,"href":"https:\/\/www.europesays.com\/fr\/wp-json\/wp\/v2\/media\/327318"}],"wp:attachment":[{"href":"https:\/\/www.europesays.com\/fr\/wp-json\/wp\/v2\/media?parent=327317"}],"wp:term":[{"taxonomy":"category","embeddable":true,"href":"https:\/\/www.europesays.com\/fr\/wp-json\/wp\/v2\/categories?post=327317"},{"taxonomy":"post_tag","embeddable":true,"href":"https:\/\/www.europesays.com\/fr\/wp-json\/wp\/v2\/tags?post=327317"}],"curies":[{"name":"wp","href":"https:\/\/api.w.org\/{rel}","templated":true}]}}