{"id":327321,"date":"2025-08-18T15:33:15","date_gmt":"2025-08-18T15:33:15","guid":{"rendered":"https:\/\/www.europesays.com\/fr\/327321\/"},"modified":"2025-08-18T15:33:15","modified_gmt":"2025-08-18T15:33:15","slug":"leconomie-en-berne-en-nouvelle-aquitaine","status":"publish","type":"post","link":"https:\/\/www.europesays.com\/fr\/327321\/","title":{"rendered":"L&rsquo;\u00e9conomie en berne en Nouvelle-Aquitaine"},"content":{"rendered":"<p>Tu l\u2019as peut-\u00eatre senti sans m\u00eame lire les chiffres : en Nouvelle-Aquitaine, ce d\u00e9but 2025 ressemble davantage \u00e0 une marche arri\u00e8re qu\u2019\u00e0 un nouveau d\u00e9part. <a href=\"https:\/\/www.insee.fr\/fr\/accueil\" target=\"_blank\" rel=\"noreferrer noopener nofollow\">L\u2019Insee <\/a>a lev\u00e9 le voile, et le constat pique : activit\u00e9 en berne, emploi qui flanche et, pire encore, un tourisme en recul. \u00c0 Bordeaux, les nuit\u00e9es d\u00e9gringolent de 15 % en un an. Autant dire que l\u2019\u00e9lan r\u00e9gional donne l\u2019impression d\u2019un moteur qui tourne \u00e0 vide.<\/p>\n<p>Un climat national morose\u2026 et une r\u00e9gion \u00e0 la tra\u00eene<\/p>\n<p style=\"font-size:16px\">La France, d\u00e9j\u00e0 englu\u00e9e dans une croissance fam\u00e9lique attendue \u00e0 +0,6 % en 2025, n\u2019a pas grand-chose \u00e0 c\u00e9l\u00e9brer. Mais la Nouvelle-Aquitaine fait encore pire : <strong>-0,8 % d\u2019activit\u00e9 sur le premier trimestre<\/strong>, soit plus que la moyenne nationale (-0,6 %). Les m\u00e9nages, eux, pr\u00e9f\u00e8rent mettre de c\u00f4t\u00e9 : <strong>l\u2019\u00e9pargne atteint un record vieux de 45 ans<\/strong>. R\u00e9sultat, la consommation s\u2019\u00e9teint, et les secteurs d\u2019activit\u00e9 plongent les uns apr\u00e8s les autres.<\/p>\n<p><img fetchpriority=\"high\" decoding=\"async\" width=\"1024\" height=\"576\" src=\"https:\/\/www.europesays.com\/fr\/wp-content\/uploads\/2025\/08\/entreprises-en-nouvelle-aquitaine-1024x576.jpg\" alt=\"\" class=\"wp-image-82324\" style=\"width:754px;height:auto\"  \/>La Nouvelle-Aquitaine conna\u00eet un d\u00e9but \u00e9conomique sombre en 2025. \u00a9Entreprises en Nouvelle-Aquitaine <\/p>\n<p>Le b\u00e2timent perd ses briques<\/p>\n<p style=\"font-size:16px\">Tu as s\u00fbrement remarqu\u00e9 moins de grues dans le ciel bordelais ou poitevin : la construction s\u2019\u00e9croule. En un an, l\u2019activit\u00e9 chute de <strong>-2,6 %<\/strong>, avec un d\u00e9crochage spectaculaire du logement collectif (-6,2 %). <strong>Plus de 1 000 emplois ont disparu en trois mois<\/strong>, et les cr\u00e9ations d\u2019entreprises dans le secteur reculent de pr\u00e8s de 3 %. Bref, le b\u00e9ton ne prend plus.<\/p>\n<p>L\u2019industrie : des r\u00e9sistances trop fragiles<\/p>\n<p style=\"font-size:16px\">L\u2019a\u00e9ronautique et l\u2019\u00e9nergie auraient pu sauver la mise. Mais l\u00e0 aussi, la tendance est grise : <strong>-0,7 % d\u2019activit\u00e9<\/strong>, le plus gros repli depuis quatre ans. Quelques poches surnagent : la fabrication de mat\u00e9riels de transport (<strong>+2,2 %<\/strong>) et la gestion de l\u2019\u00e9nergie (<strong>+1,3 %<\/strong>). Mais c\u2019est trop l\u00e9ger pour inverser la vapeur.<\/p>\n<p>Le tertiaire, poumon fatigu\u00e9<\/p>\n<p style=\"font-size:16px\">Quand le tertiaire tousse, toute la r\u00e9gion s\u2019enrhume. Avec <strong>-0,6 %<\/strong>, le coup est rude. Le commerce recule (<strong>-1 %<\/strong>), l\u2019immobilier s\u2019effondre (<strong>-3,4 %<\/strong>), l\u2019information-communication d\u00e9gringole (<strong>-3,7 %<\/strong>). Seuls les services financiers et les activit\u00e9s scientifiques tirent encore un peu vers le haut. Mais globalement, le c\u0153ur \u00e9conomique de la r\u00e9gion bat au ralenti.<\/p>\n<p>Emploi et ch\u00f4mage : \u00e9quilibre pr\u00e9caire<\/p>\n<p style=\"font-size:16px\">Bonne nouvelle relative : la casse reste limit\u00e9e c\u00f4t\u00e9 emploi salari\u00e9, avec seulement <strong>2 900 postes d\u00e9truits<\/strong> au premier trimestre (-0,1 %). Le ch\u00f4mage remonte \u00e0 <strong>6,6 %<\/strong>, ce qui reste en dessous de la moyenne fran\u00e7aise (7,2 %). Mais cette stabilit\u00e9 ne tient que gr\u00e2ce au secteur non marchand, qui compense les pertes ailleurs. Autrement dit, c\u2019est un \u00e9quilibre fragile, comme une digue fissur\u00e9e avant la temp\u00eate.<\/p>\n<p><img loading=\"lazy\" decoding=\"async\" width=\"623\" height=\"307\" src=\"https:\/\/www.europesays.com\/fr\/wp-content\/uploads\/2025\/08\/Capture-decran-2025-08-18-102252.png\" alt=\"\" class=\"wp-image-82322\"  \/>L\u2019emploi salari\u00e9 reste stable tandis que le ch\u00f4mage encaisse une l\u00e9g\u00e8re hausse. \u00a9INSEE<\/p>\n<p>Bordeaux, capitale touristique en berne<\/p>\n<p style=\"font-size:16px\">Et c\u2019est l\u00e0 que le b\u00e2t blesse le plus : <strong>le tourisme<\/strong>. Dans une r\u00e9gion o\u00f9 il fait figure de pilier, la fr\u00e9quentation h\u00f4teli\u00e8re s\u2019effondre de <strong>4 %<\/strong> en un an, soit deux fois plus que la moyenne nationale. Bordeaux d\u00e9croche de <strong>15 %<\/strong>, plomb\u00e9e par les voyages d\u2019affaires en chute libre (-11 %) et la d\u00e9saffection des client\u00e8les \u00e9trang\u00e8res : les Britanniques se font rares (-56 %), les Espagnols d\u00e9sertent (-26 %).<strong> Seuls les Am\u00e9ricains sauvent les apparences<\/strong>, avec une fr\u00e9quentation presque doubl\u00e9e, mais leur poids reste marginal.<\/p>\n<p><img loading=\"lazy\" decoding=\"async\" width=\"639\" height=\"427\" src=\"https:\/\/www.europesays.com\/fr\/wp-content\/uploads\/2025\/08\/Capture-decran-2025-08-18-102232.png\" alt=\"\" class=\"wp-image-82321\"  \/>Bordeaux est boud\u00e9e par les touristes. \u00a9INSEE<\/p>\n<p>Et maintenant ?<\/p>\n<p style=\"font-size:16px\"><a href=\"https:\/\/www.insee.fr\/fr\/accueil\" target=\"_blank\" rel=\"noreferrer noopener nofollow\">L\u2019Insee<\/a> pr\u00e9vient : l\u2019\u00e9conomie fran\u00e7aise restera molle en 2025, avec une croissance par \u00e0-coup de <strong>0,2 % par trimestre<\/strong>. Pour la <a href=\"https:\/\/www.nouvelle-aquitaine.fr\/\" target=\"_blank\" rel=\"noreferrer noopener nofollow\">Nouvelle-Aquitaine<\/a>, les moteurs classiques, comme la consommation, le b\u00e2timent, et le tourisme, sont gripp\u00e9s. Si reprise il y a, elle devra venir d\u2019ailleurs : de l\u2019innovation industrielle, des services scientifiques ou financiers. En attendant, la r\u00e9gion traverse une zone de turbulences o\u00f9 les signaux de red\u00e9marrage se font rares.<\/p>\n<p><img loading=\"lazy\" decoding=\"async\" width=\"1024\" height=\"1024\" src=\"https:\/\/www.europesays.com\/fr\/wp-content\/uploads\/2025\/08\/APACOM-1024x1024.jpg\" alt=\"\" class=\"wp-image-82323\" style=\"width:562px;height:auto\"  \/>L\u2019\u00e9conomie fran\u00e7aise ne risque pas de d\u00e9coller en 2025 selon l\u2019INSEE. \u00a9APACOM<\/p>\n<p style=\"font-size:16px\">En clair, si tu vis, travailles ou investis en Nouvelle-Aquitaine, mieux vaut rester prudent : 2025 s\u2019annonce comme une ann\u00e9e o\u00f9 il faudra naviguer \u00e0 vue.<\/p>\n<p style=\"font-size:16px\">\u00c0 lire aussi : <a href=\"https:\/\/www.bougerabordeaux.com\/actu\/djouome-une-operation-cardiaque-reussie-au-chu-de-bordeaux-pour-une-nouvelle-vie\/\" target=\"_blank\" rel=\"noreferrer noopener nofollow\">Djouome : une op\u00e9ration cardiaque r\u00e9ussie au CHU de Bordeaux pour une nouvelle vie<\/a><\/p>\n","protected":false},"excerpt":{"rendered":"Tu l\u2019as peut-\u00eatre senti sans m\u00eame lire les chiffres : en Nouvelle-Aquitaine, ce d\u00e9but 2025 ressemble davantage \u00e0&hellip;\n","protected":false},"author":2,"featured_media":327322,"comment_status":"","ping_status":"","sticky":false,"template":"","format":"standard","meta":{"footnotes":""},"categories":[2817],"tags":[1111,11,1997,1777,674,1011,27,12,2219,25],"class_list":{"0":"post-327321","1":"post","2":"type-post","3":"status-publish","4":"format-standard","5":"has-post-thumbnail","7":"category-bordeaux","8":"tag-actu","9":"tag-actualites","10":"tag-bordeaux","11":"tag-eu","12":"tag-europe","13":"tag-fr","14":"tag-france","15":"tag-news","16":"tag-nouvelle-aquitaine","17":"tag-republique-francaise"},"share_on_mastodon":{"url":"https:\/\/pubeurope.com\/@fr\/115050499752096658","error":""},"_links":{"self":[{"href":"https:\/\/www.europesays.com\/fr\/wp-json\/wp\/v2\/posts\/327321","targetHints":{"allow":["GET"]}}],"collection":[{"href":"https:\/\/www.europesays.com\/fr\/wp-json\/wp\/v2\/posts"}],"about":[{"href":"https:\/\/www.europesays.com\/fr\/wp-json\/wp\/v2\/types\/post"}],"author":[{"embeddable":true,"href":"https:\/\/www.europesays.com\/fr\/wp-json\/wp\/v2\/users\/2"}],"replies":[{"embeddable":true,"href":"https:\/\/www.europesays.com\/fr\/wp-json\/wp\/v2\/comments?post=327321"}],"version-history":[{"count":0,"href":"https:\/\/www.europesays.com\/fr\/wp-json\/wp\/v2\/posts\/327321\/revisions"}],"wp:featuredmedia":[{"embeddable":true,"href":"https:\/\/www.europesays.com\/fr\/wp-json\/wp\/v2\/media\/327322"}],"wp:attachment":[{"href":"https:\/\/www.europesays.com\/fr\/wp-json\/wp\/v2\/media?parent=327321"}],"wp:term":[{"taxonomy":"category","embeddable":true,"href":"https:\/\/www.europesays.com\/fr\/wp-json\/wp\/v2\/categories?post=327321"},{"taxonomy":"post_tag","embeddable":true,"href":"https:\/\/www.europesays.com\/fr\/wp-json\/wp\/v2\/tags?post=327321"}],"curies":[{"name":"wp","href":"https:\/\/api.w.org\/{rel}","templated":true}]}}