{"id":327323,"date":"2025-08-18T15:34:10","date_gmt":"2025-08-18T15:34:10","guid":{"rendered":"https:\/\/www.europesays.com\/fr\/327323\/"},"modified":"2025-08-18T15:34:10","modified_gmt":"2025-08-18T15:34:10","slug":"dans-lentre-deux-mers-la-galere-des-parents-pour-faire-nager-les-enfants-en-attendant-un-nouveau-projet","status":"publish","type":"post","link":"https:\/\/www.europesays.com\/fr\/327323\/","title":{"rendered":"dans l\u2019Entre-deux-Mers, la \u00ab\u00a0gal\u00e8re\u00a0\u00bb des parents pour faire nager les enfants, en attendant un nouveau projet"},"content":{"rendered":"<p>\u00ab\u00a0On me demande un pass nautique, un test d\u2019aptitude \u00e0 la nage, pour que mon enfant puisse participer aux activit\u00e9s du centre de loisirs. Mais comment je peux faire sans piscine publique autour\u00a0?\u00a0\u00bb Laurent habite dans le Cr\u00e9onnais. Impossible pour lui, au vu de ses horaires de travail, d\u2019emmener son fils de 9\u00a0ans aux piscines les plus proches. Il lui faut trente minutes en voiture, hors embouteillages, pour acc\u00e9der aux piscines de la m\u00e9tropole bordelaise, la m\u00eame dur\u00e9e pour se rendre \u00e0 Langon\u00a0: \u00ab\u00a0C\u2019est une gal\u00e8re.\u00a0\u00bb \u00ab\u00a0On veut tous former nos enfants pour \u00e9viter les noyades mais on n\u2019y a pas acc\u00e8s\u00a0\u00bb, dit aussi Sophie, \u00e0 Camblanes-et-Meynac, \u00e0 vingt minutes minimum de la premi\u00e8re piscine publique. \u00ab\u00a0Le probl\u00e8me, c\u2019est cette in\u00e9galit\u00e9.\u00a0\u00bb<\/p>\n<p>Ainsi va ce territoire au sud-est de Bordeaux, 75 communes et 60\u00a0000\u00a0habitants de Latresne \u00e0 Sauveterre-de-Guyenne en passant par Cr\u00e9on, totalement d\u00e9pourvu de piscine couverte \u2013 sans parler des Coteaux Bordelais, m\u00eame si ces derniers profitent plus ou moins des installations r\u00e9cemment cr\u00e9\u00e9es ou r\u00e9nov\u00e9es sur la rive droite bordelaise. La piscine de Cadillac a \u00e9t\u00e9 ferm\u00e9e en 2018, celle de Latresne en 2022, sans qu\u2019aucune autre ne sorte de terre. \u00ab\u00a0Nous sommes une zone blanche en termes d\u2019\u00e9quipements nautiques. Or, l\u2019aisance aquatique est un enseignement fondamental pour nos scolaires\u00a0\u00bb, r\u00e9sume Tania Couty, la maire de Saint-Caprais-de-Bordeaux et vice-pr\u00e9sidente des Portes de l\u2019Entre-deux-Mers, en charge de la commission des sports, et qui porte un nouveau projet de centre nautique. \u00ab\u00a0On ne peut pas ne rien faire.\u00a0\u00bb<\/p>\n<p>\u00ab\u00a0En ordre de marche avant fin 2025\u00a0\u00bb<\/p>\n<p>Le nouveau projet de centre nautique commence \u00e0 rallier les intercommunalit\u00e9s voisines. \u00ab\u00a0Aujourd\u2019hui, le Cr\u00e9onnais est avec nous. Quant aux Rurales de l\u2019Entre-deux-Mers, ils ne sont pas ferm\u00e9s\u00a0\u00bb, assure Tania Couty. Sylvie Desmond, la maire de Cr\u00e9on, confirme\u00a0: \u00ab\u00a0C\u2019est un gros manque sur notre territoire. Alors, tant d\u2019un point de vue de la municipalit\u00e9 que de l\u2019intercommunalit\u00e9, nous sommes pr\u00eats \u00e0 nous associer au projet.\u00a0\u00bb \u00ab\u00a0Pour que le nouveau projet se concr\u00e9tise, nous devons d\u00e9sormais \u00eatre le plus possible, nous devons f\u00e9d\u00e9rer\u00a0\u00bb, abonde Lionel Faye, le maire de Quinsac et pr\u00e9sident des Portes de l\u2019Entre-deux-Mers. \u00ab\u00a0Nous voulons \u00eatre en ordre de marche avant fin 2025.\u00a0\u00bb<\/p>\n<blockquote><p>\u00ab\u00a0Quand on n\u2019a pas les moyens, comment fait-on pour apprendre \u00e0 nager \u00e0 ses enfants\u00a0?\u00a0\u00bb<\/p><\/blockquote>\n<p>Depuis mai dernier et l\u2019arr\u00eat du projet de piscine port\u00e9 par la F\u00e9d\u00e9ration nationale des m\u00e9tiers de la natation et du sport (FNMNS) \u00e0 Latresne, les \u00e9lus des Portes de l\u2019Entre-deux-Mers cherchaient une alternative \u00e0 ce projet pens\u00e9 en 2021 \u2013 un centre nautique port\u00e9 par la FNMNS alliant formation des ma\u00eetres-nageurs sauveteurs et apprentissage des scolaires, soit 8\u00a0millions d\u2019euros de budget pour une piscine couverte de 25\u00a0m\u00e8tres et un bassin nordique, pour une ouverture pr\u00e9vue en septembre 2023, puis report\u00e9e en juin 2024 et finalement abandonn\u00e9e (ce projet public-priv\u00e9 ne pouvait pr\u00e9tendre aux subventions requises). La piscine intercommunale de Latresne, elle, a ferm\u00e9 en 2022. \u00ab\u00a0C\u2019\u00e9tait une erreur de fermer la piscine\u00a0\u00bb, ajoute Tania Couty. \u00ab\u00a0Elle \u00e9tait certes d\u00e9ficitaire [50\u00a0000\u00a0euros par an] mais le service public, par essence, n\u2019est pas rentable\u2026\u00a0\u00bb<\/p>\n<p>\u00c0 Latresne ou ailleurs\u00a0?<\/p>\n<p>\u00ab\u00a0La situation \u00e9tait tr\u00e8s tendue en termes de finances au d\u00e9but du mandat. Mais nous avons gagn\u00e9 de la marge de man\u0153uvre. La prochaine mandature pourra mettre en place le projet\u00a0\u00bb, reprend Tania Couty. Cette fois, ce sont les collectivit\u00e9s qui porteraient le projet, en partenariat avec la FNMNS. \u00c0 Latresne, comme pr\u00e9vu dans le projet initial\u00a0? \u00ab\u00a0\u00c0 voir. Avec les autres intercommunalit\u00e9s, il va peut-\u00eatre \u00e9merger un autre point d\u2019\u00e9quilibre sur le territoire\u00a0\u00bb, indique Lionel Faye. Mais si jamais un nouveau centre nautique ne pouvait pas sortir de terre, Tania Couty finit par l\u2019assurer\u00a0: \u00ab\u00a0La piste de la r\u00e9ouverture de la piscine de Latresne ne pourra pas \u00eatre \u00e9cart\u00e9e.\u00a0\u00bb<\/p>\n<p>D\u2019apr\u00e8s une \u00e9tude de l\u2019Insee publi\u00e9e en 2025, en France, le temps d\u2019acc\u00e8s moyen en voiture \u00e0 une piscine publique est de huit minutes pour les habitants des ceintures urbaines, dix minutes pour les habitants des bourgs ruraux. <a href=\"https:\/\/www.santepubliquefrance.fr\/maladies-et-traumatismes\/traumatismes\/noyade\/documents\/bulletin-national\/surveillance-des-noyades-durant-l-ete-2025.-bulletin-du-1er-aout-2025\" target=\"_blank\" rel=\"nofollow noopener\">Et Sant\u00e9 publique France publiait le 1er\u00a0ao\u00fbt dernier un bilan consignant une hausse de 45\u00a0% des noyades par rapport \u00e0 2024<\/a>, avant de conclure sur \u00ab\u00a0la n\u00e9cessit\u00e9 imp\u00e9rieuse de poursuivre la pr\u00e9vention\u00a0\u00bb.<\/p>\n<p>Une aide, mais pas partout<\/p>\n<p>En attendant, la Ville de Cr\u00e9on finance l\u2019apprentissage de ses scolaires dans les piscines les plus proches. <a href=\"https:\/\/www.cc-creonnais.fr\/page\/aide-a-la-natation\" target=\"_blank\" rel=\"nofollow noopener\">Une d\u00e9marche prolong\u00e9e par la Communaut\u00e9 des communes du Cr\u00e9onnais,<\/a> qui propose une aide financi\u00e8re aux familles. Mais ailleurs, \u00ab\u00a0quand on n\u2019a pas les moyens, comment fait-on pour apprendre \u00e0 nager \u00e0 ses enfants\u00a0?\u00a0\u00bb reprend Sophie, \u00e0 Camblanes-et-Meynac. \u00ab\u00a0Moi, je me suis beaucoup renseign\u00e9e, mais en termes de cours pour les enfants, les piscines publiques de la m\u00e9tropole sont prises d\u2019assaut.\u00a0\u00bb Reste alors la solution priv\u00e9e, plus co\u00fbteuse. Marie, qui habite elle aussi \u00e0 plus de vingt minutes en voiture de la premi\u00e8re piscine publique, a d\u00fb s\u2019y r\u00e9soudre. \u00ab\u00a0J\u2019ai inscrit ma fille dans une piscine priv\u00e9e o\u00f9 sont donn\u00e9s des cours.\u00a0\u00bb Vingt euros en moyenne pour une s\u00e9ance de quarante-cinq minutes dans les structures alentour, quand les tarifs des le\u00e7ons dans les piscines publiques bordelaises sont \u00e0 8,10\u00a0\u20ac les trente minutes.<\/p>\n<p>    Le succ\u00e8s d\u2019Objectif nage<br \/>\nAvec \u00ab\u00a0un taux de remplissage de 100\u00a0%\u00a0\u00bb, Martine Jardin\u00e9, vice-pr\u00e9sidente au D\u00e9partement en charge de la\u00a0jeunesse et des dynamiques sportives, l\u2019assure\u00a0: le dispositif nage, lanc\u00e9 il y a\u00a0onze ans en Gironde, est un succ\u00e8s. \u00c0 l\u2019issue de l\u2019\u00e9t\u00e9, ce seront donc \u00e0 nouveau 500\u00a0enfants de 7 \u00e0 13\u00a0ans qui auront \u00e9t\u00e9 form\u00e9s gratuitement \u00e0 la nage par un \u00e9ducateur professionnel sur un des 15\u00a0sites de baignade girondins. Budget annuel pour cette op\u00e9ration\u00a0: 100\u00a0000\u00a0euros environ. \u00ab\u00a0Il y a un vrai probl\u00e8me de d\u00e9ficit d\u2019\u00e9quipements et donc d\u2019\u00e9quit\u00e9 territoriale dans l\u2019acc\u00e8s \u00e0 l\u2019apprentissage de la nage en Gironde\u00a0\u00bb, ne cache pas l\u2019\u00e9lue. \u00ab\u00a0Alors, nous nous effor\u00e7ons de trouver des solutions.\u00a0\u00bb<\/p>\n","protected":false},"excerpt":{"rendered":"\u00ab\u00a0On me demande un pass nautique, un test d\u2019aptitude \u00e0 la nage, pour que mon enfant puisse participer&hellip;\n","protected":false},"author":2,"featured_media":327324,"comment_status":"","ping_status":"","sticky":false,"template":"","format":"standard","meta":{"footnotes":""},"categories":[2817],"tags":[1111,11,1997,1777,674,1011,27,12,2219,25],"class_list":{"0":"post-327323","1":"post","2":"type-post","3":"status-publish","4":"format-standard","5":"has-post-thumbnail","7":"category-bordeaux","8":"tag-actu","9":"tag-actualites","10":"tag-bordeaux","11":"tag-eu","12":"tag-europe","13":"tag-fr","14":"tag-france","15":"tag-news","16":"tag-nouvelle-aquitaine","17":"tag-republique-francaise"},"share_on_mastodon":{"url":"https:\/\/pubeurope.com\/@fr\/115050503434951469","error":""},"_links":{"self":[{"href":"https:\/\/www.europesays.com\/fr\/wp-json\/wp\/v2\/posts\/327323","targetHints":{"allow":["GET"]}}],"collection":[{"href":"https:\/\/www.europesays.com\/fr\/wp-json\/wp\/v2\/posts"}],"about":[{"href":"https:\/\/www.europesays.com\/fr\/wp-json\/wp\/v2\/types\/post"}],"author":[{"embeddable":true,"href":"https:\/\/www.europesays.com\/fr\/wp-json\/wp\/v2\/users\/2"}],"replies":[{"embeddable":true,"href":"https:\/\/www.europesays.com\/fr\/wp-json\/wp\/v2\/comments?post=327323"}],"version-history":[{"count":0,"href":"https:\/\/www.europesays.com\/fr\/wp-json\/wp\/v2\/posts\/327323\/revisions"}],"wp:featuredmedia":[{"embeddable":true,"href":"https:\/\/www.europesays.com\/fr\/wp-json\/wp\/v2\/media\/327324"}],"wp:attachment":[{"href":"https:\/\/www.europesays.com\/fr\/wp-json\/wp\/v2\/media?parent=327323"}],"wp:term":[{"taxonomy":"category","embeddable":true,"href":"https:\/\/www.europesays.com\/fr\/wp-json\/wp\/v2\/categories?post=327323"},{"taxonomy":"post_tag","embeddable":true,"href":"https:\/\/www.europesays.com\/fr\/wp-json\/wp\/v2\/tags?post=327323"}],"curies":[{"name":"wp","href":"https:\/\/api.w.org\/{rel}","templated":true}]}}