{"id":327327,"date":"2025-08-18T15:36:16","date_gmt":"2025-08-18T15:36:16","guid":{"rendered":"https:\/\/www.europesays.com\/fr\/327327\/"},"modified":"2025-08-18T15:36:16","modified_gmt":"2025-08-18T15:36:16","slug":"des-dizaines-de-milliers-deuros-de-prejudice","status":"publish","type":"post","link":"https:\/\/www.europesays.com\/fr\/327327\/","title":{"rendered":"des dizaines de milliers d&rsquo;euros de pr\u00e9judice"},"content":{"rendered":"<p>            Par<br \/>\n        <strong><br \/>\n            <a href=\"https:\/\/actu.fr\/auteur\/anaelle-montagne\" title=\"Consulter tous les articles de Anaelle Montagne\" rel=\"nofollow noopener\" target=\"_blank\">Anaelle Montagne<\/a><br \/>\n        <\/strong><\/p>\n<p>        Publi\u00e9 le<\/p>\n<p>            18 ao\u00fbt 2025 \u00e0 17h22        <\/p>\n<p>Les voleurs n\u2019y sont pas all\u00e9s de main morte. \u00c0 l\u2019aide d\u2019une <strong>voiture-b\u00e9lier<\/strong>, une \u00e9quipe de cambrioleurs a explos\u00e9 la vitrine du magasin de v\u00e9los Lapierre, situ\u00e9 quartier de l\u2019Ormeau <a href=\"https:\/\/actu.fr\/toulouse\/\" rel=\"nofollow noopener\" target=\"_blank\">\u00e0 Toulouse<\/a>, dans la nuit du vendredi 15 au samedi 16 ao\u00fbt 2025.<\/p>\n<p class=\" wall-content\">Le magasin avait pr\u00e9venu sur ses r\u00e9seaux sociaux : <strong>il \u00e9tait ferm\u00e9 cette semaine-l\u00e0<\/strong>, probablement pour cong\u00e9s annuels. Et les voleurs en ont profit\u00e9.\u00a0<\/p>\n<p>    <a href=\"https:\/\/www.google.com\/maps\/embed?pb=!1m18!1m12!1m3!1d27496.26925247674!2d1.4832541227130078!3d43.58177361073023!2m3!1f0!2f0!3f0!3m2!1i1024!2i768!4f13.1!3m3!1m2!1s0x12aebd936ae96449%3A0x22e9a54b167e35b9!2sLapierre%20Toulouse!5e0!3m2!1sen!2sfr!4v1755530065533!5m2!1sen!2sfr\" title=\"Ouvrie le lien\" rel=\"nofollow noopener\" target=\"_blank\">Cliquez ici pour visualiser le contenu<\/a><\/p>\n<p>Des v\u00e9los haut-de-gamme<\/p>\n<p class=\" wall-content\">Vers 4 heures du matin, les cambrioleurs sont entr\u00e9s par la force dans le magasin pour y voler \u00ab\u00a0une dizaine de v\u00e9los\u00a0\u00bb, confirme la police \u00e0 <a href=\"https:\/\/actu.fr\/toulouse\/\" rel=\"nofollow noopener\" target=\"_blank\">Actu Toulouse<\/a>, suite \u00e0 une information publi\u00e9e par <a href=\"https:\/\/www.ladepeche.fr\/2025\/08\/18\/ils-attaquent-le-magasin-specialise-a-la-voiture-belier-et-font-une-veritable-razzia-de-velos-12881573.php\" rel=\"nofollow noopener\" target=\"_blank\">La D\u00e9p\u00eache<\/a>.\u00a0<\/p>\n<p class=\" wall-content\">Il s\u2019agit de cycles haut-de-gamme : le site du magasin indique que les v\u00e9los coutent entre 1 000 et 11 000 euros.\u00a0<\/p>\n<p>Des dizaines de milliers d\u2019euros de pr\u00e9judice<\/p>\n<p class=\" wall-content\">Au total, le pr\u00e9judice du cambriolage est estim\u00e9 \u00e0 80 000 euros, pour le vol et les dommages caus\u00e9s par la voiture-b\u00e9lier. Eux, sont repartis comme ils sont arriv\u00e9s, au volant de la voiture. <strong>Une enqu\u00eate a \u00e9t\u00e9 ouverte<\/strong> pour tenter d\u2019identifier les malfrats.\u00a0<\/p>\n<p>Vid\u00e9os : en ce moment sur Actu<\/p>\n<p class=\" wall-content\">Contact\u00e9 par Actu Toulouse, le magasin Lapierre n\u2019a pas donn\u00e9 suite \u00e0 nos sollicitations.\u00a0<\/p>\n<p class=\" wall-content\">Personnalisez votre actualit\u00e9 en ajoutant vos villes et m\u00e9dias en favori avec <a href=\"https:\/\/moncompte.actu.fr\" title=\"D\u00e9couvez Mon Actu\" rel=\"nofollow noopener\" data-trk=\"{&quot;cta&quot;:{&quot;action&quot;:&quot;https:\\\/\\\/moncompte.actu.fr&quot;,&quot;category&quot;:&quot;mon compte&quot;,&quot;from&quot;:&quot;article footer&quot;,&quot;name&quot;:&quot;Mon actu&quot;,&quot;type&quot;:&quot;cta&quot;}}\" target=\"_blank\">Mon Actu<\/a>.<\/p>\n","protected":false},"excerpt":{"rendered":"Par Anaelle Montagne Publi\u00e9 le 18 ao\u00fbt 2025 \u00e0 17h22 Les voleurs n\u2019y sont pas all\u00e9s de main&hellip;\n","protected":false},"author":2,"featured_media":327328,"comment_status":"","ping_status":"","sticky":false,"template":"","format":"standard","meta":{"footnotes":""},"categories":[2816],"tags":[1111,11,1174,1777,674,118,1011,27,12,2680,25,2312],"class_list":{"0":"post-327327","1":"post","2":"type-post","3":"status-publish","4":"format-standard","5":"has-post-thumbnail","7":"category-toulouse","8":"tag-actu","9":"tag-actualites","10":"tag-cambriolage","11":"tag-eu","12":"tag-europe","13":"tag-faits-divers","14":"tag-fr","15":"tag-france","16":"tag-news","17":"tag-occitanie","18":"tag-republique-francaise","19":"tag-toulouse"},"share_on_mastodon":{"url":"https:\/\/pubeurope.com\/@fr\/115050511276839778","error":""},"_links":{"self":[{"href":"https:\/\/www.europesays.com\/fr\/wp-json\/wp\/v2\/posts\/327327","targetHints":{"allow":["GET"]}}],"collection":[{"href":"https:\/\/www.europesays.com\/fr\/wp-json\/wp\/v2\/posts"}],"about":[{"href":"https:\/\/www.europesays.com\/fr\/wp-json\/wp\/v2\/types\/post"}],"author":[{"embeddable":true,"href":"https:\/\/www.europesays.com\/fr\/wp-json\/wp\/v2\/users\/2"}],"replies":[{"embeddable":true,"href":"https:\/\/www.europesays.com\/fr\/wp-json\/wp\/v2\/comments?post=327327"}],"version-history":[{"count":0,"href":"https:\/\/www.europesays.com\/fr\/wp-json\/wp\/v2\/posts\/327327\/revisions"}],"wp:featuredmedia":[{"embeddable":true,"href":"https:\/\/www.europesays.com\/fr\/wp-json\/wp\/v2\/media\/327328"}],"wp:attachment":[{"href":"https:\/\/www.europesays.com\/fr\/wp-json\/wp\/v2\/media?parent=327327"}],"wp:term":[{"taxonomy":"category","embeddable":true,"href":"https:\/\/www.europesays.com\/fr\/wp-json\/wp\/v2\/categories?post=327327"},{"taxonomy":"post_tag","embeddable":true,"href":"https:\/\/www.europesays.com\/fr\/wp-json\/wp\/v2\/tags?post=327327"}],"curies":[{"name":"wp","href":"https:\/\/api.w.org\/{rel}","templated":true}]}}